{"id":46192,"date":"2019-07-14T12:01:29","date_gmt":"2019-07-14T16:01:29","guid":{"rendered":"https:\/\/linitiative.ca\/International\/juge-a-skikda-le-hirakiste-messoud-leftissi-ecope-de-six-mois-de-prison-avec-sursis\/"},"modified":"2019-07-14T12:01:29","modified_gmt":"2019-07-14T16:01:29","slug":"juge-a-skikda-le-hirakiste-messoud-leftissi-ecope-de-six-mois-de-prison-avec-sursis","status":"publish","type":"post","link":"https:\/\/linitiative.ca\/International\/juge-a-skikda-le-hirakiste-messoud-leftissi-ecope-de-six-mois-de-prison-avec-sursis\/","title":{"rendered":"Jug\u00e9 \u00e0 Skikda, le Hirakiste Messoud Leftissi \u00e9cope de six mois de prison avec sursis"},"content":{"rendered":"<h4 class=\"title-14\"\/>\n<div class=\"featured_image\"><img width=\"480\" height=\"551\" data-cfsrc=\"https:\/\/www.elwatan.com\/wp-content\/uploads\/2019\/07\/LEFTISSI.jpg\" class=\"attachment-post-thumbnail size-post-thumbnail wp-post-image c1\" alt=\"\" srcset=\"https:\/\/www.elwatan.com\/wp-content\/uploads\/2019\/07\/LEFTISSI.jpg 480w, https:\/\/www.elwatan.com\/wp-content\/uploads\/2019\/07\/LEFTISSI-261x300.jpg 261w\" sizes=\"(max-width: 480px) 100vw, 480px\"\/><noscript><\/p>\n<p><img loading=\"lazy\" decoding=\"async\" width=\"480\" height=\"551\" src=\"https:\/\/www.elwatan.com\/wp-content\/uploads\/2019\/07\/LEFTISSI.jpg\" class=\"attachment-post-thumbnail size-post-thumbnail wp-post-image\" alt=\"\" srcset=\"https:\/\/www.elwatan.com\/wp-content\/uploads\/2019\/07\/LEFTISSI.jpg 480w, https:\/\/www.elwatan.com\/wp-content\/uploads\/2019\/07\/LEFTISSI-261x300.jpg 261w\" sizes=\"auto, (max-width: 480px) 100vw, 480px\"\/><\/p>\n<p><\/noscript> <span class=\"featured-image-caption\">Le militant Messaoud Leftissi.<\/span><\/div>\n<p>Poursuivi pour<em>\u00ab\u00a0attroupement arm\u00e9<\/em>\u00a0\u00bb, le militant Messaoud Leftissi a \u00e9t\u00e9 condamn\u00e9 ce dimanche par la Cour de Skikda \u00e0 six mois de prison avec sursis, assortis d\u2019une amende 10 millions de centimes.<\/p>\n<p>Ne pouvant assister \u00e0 son proc\u00e8s puisqu\u2019il est toujours incarc\u00e9r\u00e9 \u00e0 la prison d\u2019El Harrache dans le cadre d\u2019une seconde affaire de justice en relation avec le Hirak, Messaoud Leftissi avait\u00a0 pr\u00e9sent\u00e9, par le biais de ses avocats,\u00a0 une demande pour qu\u2019on lui permette de s\u2019exprimer \u00e0 travers une vid\u00e9o-conf\u00e9rence, chose qui f\u00fbt rejet\u00e9e par le juge, a-t-on appris aupr\u00e8s de son p\u00e8re.Ce dernier a relev\u00e9 que le collectif d\u2019avocats envisage dore et d\u00e9j\u00e0 d\u2019introduire un pourvoi en cassation.<\/p>\n<p>Au sujet de cette affaire, le mis en cause avait estim\u00e9, lors d\u2019une rencontre avec El Watan qu\u2019il n\u2019a jamais appel\u00e9 \u00e0 des attroupements arm\u00e9s <em>\u00ab\u00a0Mon seul arme, c\u2019est mes pancartes qui portent les slogans de mes convictions\u00a0\u00bb<\/em> avait-il insist\u00e9 lors d\u2019une <a href=\"https:\/\/www.elwatan.com\/edition\/actualite\/le-militant-du-hirak-messaoud-leftissi-poursuivi-pour-attroupement-arme-comparaitra-le-2-juin-24-05-2019\">rencontre avec El Watan<\/a>.<\/p>\n<p>A relever aussi que Messaoud Leftissi, tr\u00e8s actif dans le mouvement associatif de la ville de Skikda figurait parmi <a href=\"https:\/\/www.elwatan.com\/edition\/actualite\/solidarite-avec-les-manifestants-incarceres-pour-port-du-drapeau-amazigh-liberez-les-detenus-liberez-la-justice-25-06-2019\">les premi\u00e8res personnes interpell\u00e9es \u00e0 Alger<\/a>\u00a0lors de la premi\u00e8re marche du Hirak, le 22 f\u00e9vrier avant de perdre son emploi, quelques jours apr\u00e8s.<\/p>\n<p><span class=\"post-views-label\">Post Views:<\/span> <span class=\"post-views-count\">263<\/span><\/p>\n<p><br class=\"c3\"\/><\/p>\n<p>Auteur: Farouk Djouadi<br \/>\n<a href=\"https:\/\/www.elwatan.com\/edition\/actualite\/juge-a-skikda-le-hirakiste-messoud-leftissi-ecope-de-six-mois-de-prison-avec-sursis-14-07-2019\">Cliquez ici pour lire l&rsquo;article depuis sa source.<\/a><\/p>\n","protected":false},"excerpt":{"rendered":"<p>Le militant Messaoud Leftissi. Poursuivi pour\u00ab\u00a0attroupement arm\u00e9\u00a0\u00bb, le militant Messaoud Leftissi a \u00e9t\u00e9 condamn\u00e9 ce dimanche par la Cour de Skikda \u00e0 six mois de prison avec sursis, assortis d\u2019une amende 10 millions de centimes. Ne pouvant assister \u00e0 son proc\u00e8s puisqu\u2019il est toujours incarc\u00e9r\u00e9 \u00e0 la prison d\u2019El Harrache dans le cadre d\u2019une seconde [&hellip;]<\/p>\n","protected":false},"author":1743,"featured_media":46193,"comment_status":"closed","ping_status":"closed","sticky":false,"template":"","format":"standard","meta":{"fifu_image_url":"","fifu_image_alt":"","footnotes":""},"categories":[73,53],"tags":[],"class_list":["post-46192","post","type-post","status-publish","format-standard","has-post-thumbnail","hentry","category-actualite","category-algerie"],"_links":{"self":[{"href":"https:\/\/linitiative.ca\/International\/wp-json\/wp\/v2\/posts\/46192","targetHints":{"allow":["GET"]}}],"collection":[{"href":"https:\/\/linitiative.ca\/International\/wp-json\/wp\/v2\/posts"}],"about":[{"href":"https:\/\/linitiative.ca\/International\/wp-json\/wp\/v2\/types\/post"}],"author":[{"embeddable":true,"href":"https:\/\/linitiative.ca\/International\/wp-json\/wp\/v2\/users\/1743"}],"replies":[{"embeddable":true,"href":"https:\/\/linitiative.ca\/International\/wp-json\/wp\/v2\/comments?post=46192"}],"version-history":[{"count":0,"href":"https:\/\/linitiative.ca\/International\/wp-json\/wp\/v2\/posts\/46192\/revisions"}],"wp:featuredmedia":[{"embeddable":true,"href":"https:\/\/linitiative.ca\/International\/wp-json\/"}],"wp:attachment":[{"href":"https:\/\/linitiative.ca\/International\/wp-json\/wp\/v2\/media?parent=46192"}],"wp:term":[{"taxonomy":"category","embeddable":true,"href":"https:\/\/linitiative.ca\/International\/wp-json\/wp\/v2\/categories?post=46192"},{"taxonomy":"post_tag","embeddable":true,"href":"https:\/\/linitiative.ca\/International\/wp-json\/wp\/v2\/tags?post=46192"}],"curies":[{"name":"wp","href":"https:\/\/api.w.org\/{rel}","templated":true}]}}