{"id":46205,"date":"2019-07-14T01:48:55","date_gmt":"2019-07-14T05:48:55","guid":{"rendered":"https:\/\/linitiative.ca\/International\/avec-des-si\/"},"modified":"2019-07-14T01:48:55","modified_gmt":"2019-07-14T05:48:55","slug":"avec-des-si","status":"publish","type":"post","link":"https:\/\/linitiative.ca\/International\/avec-des-si\/","title":{"rendered":"Avec des \u00absi\u00bb"},"content":{"rendered":"<p class=\"p1\"><strong>Chronique de proc\u00e8s\u2026 pr\u00e9fabriqu\u00e9s<\/strong><\/p>\n<div class=\"c10\"\/>\n<p class=\"p2\">L\u2019attente \u00e9tait tellement \u00e9norme que la d\u00e9ception \u2013 puisque d\u00e9ception il y eut \u2013 ne pouvait qu\u2019accoucher de l\u2019\u00e9ni\u00e8me mur des lamentations sur lequel toutes les ranc\u0153urs, toutes les m\u00e9chancet\u00e9s et donc toutes les b\u00eatises sont venues s\u2019\u00e9pancher, depuis qu\u2019une boule de cuir est partie s\u2019\u00e9craser sur un montant au lieu de p\u00e9n\u00e9trer dans les filets adverses.<\/p>\n<p class=\"p3\">Que le maestro Ziyach ait \u00e9t\u00e9 l\u2019auteur du tir rat\u00e9 n\u2019a rien fait pour apaiser les col\u00e8res. Bien au contraire.<\/p>\n<p class=\"p3\">Certains ont trouv\u00e9 en le malheureux Ziyach, le symbole id\u00e9al pour s\u2019exprimer. Mais en fin de compte, pour exprimer quoi ? Leur col\u00e8re, leur d\u00e9ception, leur frustration ? Oui, il y a un peu de tout cela \u00e0 la fois, mais ce qui s\u2019exprime r\u00e9ellement, dans ces d\u00e9faites de l\u2019\u00e9quipe nationale de football, et de mani\u00e8re g\u00e9n\u00e9rale dans tout le sport \u2013 puisque Aouita et Guerrouj ont, en leur temps, connu d\u2019horribles ingratitudes \u2013 c\u2019est d\u2019abord la lib\u00e9ration de tous les mauvais instincts dont peut \u00eatre capable une foule d\u00e9chain\u00e9e.<span class=\"Apple-converted-space\">\u00a0<\/span>Or, quand une foule, s\u00fbre d\u2019un droit que personne ne lui a octroy\u00e9, mais qu\u2019elle s\u2019arroge parce que, justement, sa masse lui conf\u00e8re une certaine impunit\u00e9, alors l\u00e0 la foule peut se livrer \u00e0 son exercice favori, et qui est le lynchage.<\/p>\n<p class=\"p3\">Ainsi donc, depuis deux semaines, depuis exactement le moment o\u00f9 un p\u00e9nalty qui aurait d\u00fb \u00eatre salvateur a termin\u00e9 sur un poteau, le public marocain est en train de lyncher son football, ses joueurs, ses responsables techniques, administratifs en attendant d\u2019en arriver\u2026 aux politiques.<\/p>\n<p class=\"p3\">Cela ne saurait tarder, si ce n\u2019est d\u00e9j\u00e0 fait depuis que l\u2019on \u00e9crit ces lignes, puisque notre Chambre des d\u00e9put\u00e9s, va certainement mettre son grain de sel dans l\u2019hyst\u00e9rie collective.<\/p>\n<p class=\"p3\">Eh oui, parce qu\u2019il s\u2019agit purement et simplement d\u2019hyst\u00e9rie.<\/p>\n<p class=\"p3\">Le mot paraitra excessif, mais voyons ce que nous en disent les dictionnaires.<\/p>\n<h2>\u00ab\u00a0Le public marocain est en train de lyncher son football, ses joueurs, ses responsables techniques, administratifs en attendant d\u2019en arriver\u2026 aux politiques\u00a0\u00bb<\/h2>\n<p class=\"p3\">Oublions l\u2019explication des psychiatres relative \u00e0 ce vocable qui souligne que l\u2019hyst\u00e9rie est <em>\u00abune n\u00e9vrose caract\u00e9ris\u00e9e par des troubles passagers de l\u2019intelligence, de la sensibilit\u00e9, et du mouvement<\/em>\u00bb et attardons-nous sur cette autre d\u00e9finition donn\u00e9e dans le Lexis, ouvrage publi\u00e9 en 1975 et dont Larousse a voulu faire la quintessence de tous ses dictionnaires sur la langue fran\u00e7aise. L\u2019une des d\u00e9finitions du mot hyst\u00e9rie est celle-ci : <em>\u00abExcitation pouss\u00e9e jusqu\u2019au d\u00e9lire \u00bb<\/em>.<\/p>\n<p class=\"p3\">C\u2019est exactement ce \u00e0 quoi on assiste depuis le p\u00e9nalty rat\u00e9 : <em>\u00abune excitation d\u00e9lirante \u00bb<\/em>. Il n\u2019y a donc, dans tout ce qui s\u2019est dit, ou fait, rien de rationnel. Et comment diable, pourrait-il en \u00eatre autrement ? Comment expliquer ce mouvement \u00abspontan\u00e9\u00bb de rejet collectif d\u00e9clench\u00e9 par un p\u00e9nalty rat\u00e9 ? Dans quel autre domaine que le domaine sportif, et particuli\u00e8rement en football, une action rat\u00e9e ou r\u00e9ussie peut-elle transformer du tout au tout le raisonnement ? Cela a \u00e9t\u00e9 dit, dimanche dernier sur MFM dans l\u2019\u00e9mission \u00abD\u00e9cryptage\u00bb o\u00f9 l\u2019on s\u2019est demand\u00e9, entre autres questions, comment les m\u00eames personnes pouvaient transformer en \u00e2ne, chat ou singe, celui qui, la seconde d\u2019avant, ils<span class=\"Apple-converted-space\">\u00a0<\/span> qualifiaient de \u00abLion \u00bb ? C\u2019est le foot qui est pass\u00e9 par l\u00e0, le foot et ses illusions, le foot et ses fantasmes, le foot et ses exc\u00e8s, ce sport de tous les d\u00e9lires et de toutes les \u00e9motions m\u00eame les plus exacerb\u00e9es. En outre, le foot excuse tout, les d\u00e9bordements et m\u00eame les drames.<\/p>\n<p class=\"p3\">Ziyach en allant tirer le p\u00e9nalty \u00e9tait-il conscient qu\u2019il pouvait d\u00e9clencher un s\u00e9isme de magnitude dix dans la soci\u00e9t\u00e9 marocaine ?<\/p>\n<p class=\"p3\">Non, bien s\u00fbr, en joueur professionnel reconnu et confirm\u00e9, Hakim a pris ses responsabilit\u00e9s, en tant qu\u2019homme d\u2019abord et en tant que footballeur \u00e9m\u00e9rite, ensuite, il est parti tirer un p\u00e9nalty qui fut un chef d\u2019\u0153uvre de concentration et de r\u00e9flexion. Ziyach a compris que le portier du B\u00e9nin \u00e9tait tr\u00e8s fort ; ses arr\u00eats lors du match l\u2019avaient prouv\u00e9, alors Hakim de l\u2019Ajax, avec son pied gauche magique, a choisi de tirer \u00e0 ras de terre, sur le c\u00f4t\u00e9 gauche du gardien de but. Un tir imparable pour n\u2019importe quel individu. Et d\u2019ailleurs le gardien adverse ne l\u2019a pas vu partir, ni venir, il a juste entendu le son venant du choc du cuir sur le poteau lat\u00e9ral. Oui, vous le savez, c\u2019est le poteau qui a arr\u00eat\u00e9 ce qui aurait pu \u00eatre le plus beau p\u00e9nalty de la CAN 2019. Le p\u00e9nalty qui nous aurait mis en quart de finale, une qualification qui aurait provoqu\u00e9, chez nous, une autre esp\u00e8ce de d\u00e9lire hyst\u00e9rique. Un d\u00e9lire, disons-le tr\u00e8s vite, aussi coupable que le d\u00e9lire auquel nous assistons d\u00e9sormais.<\/p>\n<p class=\"p3\">Il ne faut pas trop glorifier les victoires pour ne pas conna\u00eetre les d\u00e9faites consternantes.<\/p>\n<p class=\"p1\"><strong>Les cas Lekjaa\u2026Renard\u2026 Ziyach<\/strong><\/p>\n<p class=\"p5\">Aune foule en d\u00e9lire, il faut un bouc \u00e9missaire. Dans le foot marocain, des victimes expiatoires sont toutes d\u00e9sign\u00e9es : pr\u00e9sident f\u00e9d\u00e9ral, coach national, minist\u00e8re de tutelle etc., etc.<\/p>\n<p class=\"p3\">Mais les foules jettent aussi sur les b\u00fbchers, les joueurs \u00ab coupables\u00bb d\u2019avoir rat\u00e9.<\/p>\n<p class=\"p3\">On se rappelle de ce footballeur camerounais qui, dans un match qualificatif pour la Coupe du Monde, a rat\u00e9 un p\u00e9nalty et dont la maison familiale ainsi que le salon de coiffure de sa fianc\u00e9 ont \u00e9t\u00e9 d\u00e9vast\u00e9s. C\u2019est la foule, dit-on, la foule capable de tout, la foule qui est versatile \u2013 bien s\u00fbr, et aussi l\u00e2che bien \u00e0 l\u2019abri derri\u00e8re l\u2019anonymat.<\/p>\n<p class=\"p3\">Cependant, aujourd\u2019hui, \u00e0 l\u2019\u00e8re du tout \u2013 info, o\u00f9 tout est regard\u00e9, film\u00e9, enregistr\u00e9, on assiste \u00e0 un autre d\u00e9lire, celui des \u00abm\u2019as-tu-vu\u00bb qui, d\u00e8s qu\u2019ils ont une cam\u00e9ra sous le nez, se permettent tout et m\u00eame l\u2019inexcusable. C\u2019est que dans le flot d\u2019images, se construit aussi une sorte d\u2019anonymat virtuel.<\/p>\n<p class=\"p3\">Dans le tas, on ne sait plus qui a dit quoi, et d\u2019ailleurs les propos sont vite oubli\u00e9s, m\u00eame s\u2019ils font, comme on dit, le \u00abbuzz\u00bb. Rien ne surnage dans cet oc\u00e9an apocalyptique qu\u2019est devenue l\u2019information. La temp\u00eate emporte tout sur son passage, et l\u00e0 il ne s\u2019agit pas de constructions mais de consciences, puisque ces \u00ab infos \u00bb sont suppos\u00e9es nourrir notre intelligence et notre culture.<\/p>\n<p class=\"p3\">Alors, on a v\u00e9cu apr\u00e8s le match contre le B\u00e9nin, ce raz-de-mar\u00e9e o\u00f9 tout est emport\u00e9 avec un m\u00e9pris profond de toute logique.<\/p>\n<p class=\"p3\">Car est logique notre \u00e9limination par le B\u00e9nin, et ceux qui depuis deux ans ont suivi le parcours des \u00ab Ecureuils \u00bb le savent. Il suffit pour cela de revenir sur leurs r\u00e9sultats en \u00e9liminatoires o\u00f9 dans un groupe o\u00f9 se trouvaient l\u2019Alg\u00e9rie (eh oui !) et le Togo de Claude Leroy, ils se sont permis de finir premier, avec une victoire \u00e0 la cl\u00e9 contre l\u2019Alg\u00e9rie et un Togo proprement \u00e9limin\u00e9.<\/p>\n<p class=\"p3\">Que le B\u00e9nin soit en quart de finale de CAN n\u2019est donc pas un exploit, mais la continuit\u00e9 d\u2019un parcours triomphal.<\/p>\n<p class=\"p3\">Personne au Maroc ne l\u2019a dit, rappel\u00e9 o\u00f9 m\u00eame s\u2019en est m\u00e9fi\u00e9. Personne, sauf Herv\u00e9 Renard qui, lui, \u00e9tait bien plac\u00e9 pour savoir que le B\u00e9nin n\u2019\u00e9tait pas aussi inoffensif que cela : la m\u00e9saventure de Claude Leroy, son mentor, victime de ce m\u00eame B\u00e9nin, avait d\u00fb l\u2019alarmer.<\/p>\n<p class=\"p3\">Mais allez expliquer cela \u00e0 un public s\u00fbr de la force de ses Lions de l\u2019Atlas.<\/p>\n<p class=\"p3\">Et l\u00e0, on tombe sur un autre exc\u00e8s, l\u2019exc\u00e8s de confiance. Exc\u00e8s dont s\u2019est rendu coupable le pr\u00e9sident Lekjaa qui a claironn\u00e9 que la CAN 2019 devrait \u00eatre marocaine pour la simple raison que cela faisait 43 ans que le pays l\u2019attendait.<\/p>\n<p class=\"p3\">Cette d\u00e9claration certes ambitieuse est aussi pr\u00e9tentieuse, car ne reposant sur aucune logique sportive, mais elle a \u00e9t\u00e9 reprise par l\u2019ensemble du public et par une grande partie des m\u00e9dias qui ont surestim\u00e9 les pouvoirs de l\u2019\u00e9quipe nationale.<\/p>\n<p class=\"p3\">Et gare \u00e0 celui qui pr\u00e9tendait le contraire, il passait automatiquement pour un non-patriote.<\/p>\n<p class=\"p3\">Renard s\u2019est pr\u00e9sent\u00e9, en homme \u00e0 sacrifier \u00ab Vous pouvez me tirer dessus \u00bb a-t-il dit juste apr\u00e8s le match du B\u00e9nin, mais Lekjaa sonn\u00e9, meurtri dans son r\u00eave de conqu\u00eate du Graal, met du temps \u00e0 r\u00e9agir. C\u2019est une bonne chose, d\u2019ailleurs, un chef doit garder le cap et ne pas succomber au d\u00e9lire collectif. Ce sera difficile car nombreux sont ceux qui, aujourd\u2019hui, veulent faire le bilan de toute une action et non seulement s\u2019en tenir au r\u00e9sultat sec et cruel.<\/p>\n<p class=\"p3\">Quant \u00e0 Ziyach, le gar\u00e7on a non seulement du talent, mais aussi un certain culot et un sens r\u00e9el de la justice et de la v\u00e9rit\u00e9.<\/p>\n<p class=\"p3\">Il a mouch\u00e9 le ministre de tutelle qui en a trop fait en voulant le d\u00e9fendre dans l\u2019enceinte parlementaire.<\/p>\n<p class=\"p3\">Ziyach a tweet\u00e9 que lorsqu\u2019on voulait dire la v\u00e9rit\u00e9, il faut <em>\u00ab d\u2019abord rester dans le vrai et la r\u00e9alit\u00e9 des choses \u00bb.<\/em><\/p>\n<p class=\"p3\">C\u2019est ce souhait qu\u2019on formulera, \u00e0 notre tour, en esp\u00e9rant que tous ceux qui, aujourd\u2019hui accusent et condamnent, s\u2019appliquent cette le\u00e7on de retenue.<\/p>\n<p class=\"p1\"><strong>Vive les femmes !<\/strong><\/p>\n<p class=\"p5\">On s\u2019est r\u00e9gal\u00e9 avec la Coupe du Monde f\u00e9minine, que les USA ont remport\u00e9e pour la 4\u00e8me fois. Une comp\u00e9tition fra\u00eeche, joyeuse car d\u00e9barrass\u00e9e, pour l\u2019instant, de tous les d\u00e9lires qui empoisonnent le foot \u00ab pro \u00bb chez les hommes.<\/p>\n<p class=\"p3\">Oh oui, il y a eu l\u00e0 aussi des p\u00e9naltys contest\u00e9s et des d\u00e9cisions de la \u00ab V.A.R \u00bb bizarro\u00efdes. Mais fichtre, tout le monde au final, s\u2019en est battu l\u2019\u0153il, la joie et le bonheur de vivre \u00e9taient au rendez-vous sur les stades de la \u00ab World Cup \u00bb et au diable les probl\u00e8mes bidons.<\/p>\n<p class=\"p3\">Bravo mesdames et mesdemoiselles en esp\u00e9rant que cet \u00e9tat d\u2019esprit durera le plus longtemps possible. Pour le bien du foot, en attendant que les messieurs en prennent de la graine.<\/p>\n<p class=\"p3\"><strong>Ah! si j\u2019avais \u00e9t\u00e9 une femme \u2026<\/strong><\/p>\n<p class=\"p5\">Le sexe dit faible, ou longtemps consid\u00e9r\u00e9 comme tel, sait d\u00e9sormais se d\u00e9fendre.<\/p>\n<p class=\"p3\">La vie lui a appris \u00e0 ne plus se laisser marcher sur les pieds.<\/p>\n<p class=\"p3\">C\u2019est ce qu\u2019a exp\u00e9riment\u00e9 un journaliste qui, sur antenne, s\u2019est permis des commentaires suspects envers une auditrice.<\/p>\n<p class=\"p3\">Lev\u00e9e de boucliers g\u00e9n\u00e9rale, et les excuses du maladroit n\u2019ont pas calm\u00e9 les col\u00e8res. La cha\u00eene et la HACA l\u2019ont suspendu pour quelques temps.<\/p>\n<p class=\"p3\">Sanction bien m\u00e9rit\u00e9e et que le pr\u00e9sident du Raja, monsieur Jawad Zyat, maltrait\u00e9 sur l\u2019antenne de ce m\u00eame journaliste a d\u00fb appr\u00e9cier \u00e0 sa juste valeur, lui qui \u00e0 l\u2019\u00e9poque n\u2019a trouv\u00e9 que peu de soutien face aux exc\u00e8s m\u00e9diatiques d\u2019un r\u00e9cidiviste qui se complaisait dans les outrances.<\/p>\n<p class=\"p3\">Le populisme, c\u2019est comme tout, il faut en user avec mod\u00e9ration.<\/p>\n<p class=\"p3\">Un jour, il se retournera contre vous, comme l\u2019histoire du gars qui aimait cracher vers le ciel, sans comprendre que ces crachats pouvaient lui retomber dessus.<\/p>\n<p class=\"p3\"><strong>Solutions en guise de conclusion<\/strong><\/p>\n<p class=\"p5\">Alors on va r\u00e9sumer tout ce qui s\u2019est dit autour de la CAN 2019 et de l\u2019\u00e9limination du Maroc.<\/p>\n<p class=\"p3\">Il y a ceux qui regrettent que d\u2019autres joueurs n\u2019aient pas \u00e9t\u00e9 appel\u00e9s, il y a ceux qui trouvent que Lekjaa parle trop et d\u00e9pense trop d\u2019argent et puis il y a ceux qui pensent que Renard est trop pay\u00e9 et que cet argent irait mieux \u00e0 un coach marocain. Bref, rien de nouveau sous le soleil ; on retrouve les m\u00eames poncifs que ceux qu\u2019on ressort \u00e0 chaque d\u00e9faite.<\/p>\n<p class=\"p3\">Il n\u2019y a que les noms qui changent, tout le reste c\u2019est du d\u00e9j\u00e0 dit, d\u00e9j\u00e0 fait, d\u00e9j\u00e0 essay\u00e9. Sauf que pour Renard, qui est un coach qui n\u2019a jamais rien promis, et qui a \u00e9t\u00e9 toujours mesur\u00e9, il faudrait au moins lui reconnaitre cette justice.<\/p>\n<p class=\"p3\">Quant \u00e0 Lekjaa, comment lui en vouloir d\u2019avoir \u00e9t\u00e9 ambitieux ? Promis la prochaine fois, il fera gaffe.<\/p>\n<p class=\"p3\">Dans deux mois on sera dans l\u2019attente de nouveaux rendez-vous.<\/p>\n<p class=\"p3\">On aura besoin des forces et de l\u2019exp\u00e9rience de tous.<\/p>\n<p class=\"p3\">Et puis, tenez, pour finir cette phrase qui r\u00e9sume tout : <em>\u00ab Apr\u00e8s coup, une fois que les erreurs ont \u00e9t\u00e9 commises, pour certains donneurs de conseils, tout devient limpide et clair et c\u2019est \u00e0 ce moment qu\u2019ils vous accablent de \u00ab il suffisait de \u2026\u00bb<\/em>, il <em>\u00ab fallait faire comme \u00e7a \u2026\u00bb<\/em>, etc etc \u2026<\/p>\n<p class=\"p3\">Mais que ne l\u2019ont-ils pas dit avant?<\/p>\n<p class=\"p3\">Oui, o\u00f9 \u00e9taient-ils et surtout qu\u2019auraient-ils fait \u00e0 la place de ceux qu\u2019ils accusent aujourd\u2019hui?<\/p>\n<div class=\"c17\">\n<fieldset class=\"c16\">\n<legend><strong><span class=\"c11\">Challenge<\/span><span class=\"c12\">news<\/span><\/strong><\/legend>\n<div class=\"c15\">Le meilleur de la r\u00e9daction s\u00e9lectionn\u00e9 par Challenge :<\/p>\n<\/div>\n<\/fieldset>\n<\/div>\n<p>Auteur: Najib Salmi<br \/>\n<a href=\"https:\/\/www.challenge.ma\/avec-des-si-112717\/\">Cliquez ici pour lire l&rsquo;article depuis sa source.<\/a><\/p>\n","protected":false},"excerpt":{"rendered":"<p>Chronique de proc\u00e8s\u2026 pr\u00e9fabriqu\u00e9s L\u2019attente \u00e9tait tellement \u00e9norme que la d\u00e9ception \u2013 puisque d\u00e9ception il y eut \u2013 ne pouvait qu\u2019accoucher de l\u2019\u00e9ni\u00e8me mur des lamentations sur lequel toutes les ranc\u0153urs, toutes les m\u00e9chancet\u00e9s et donc toutes les b\u00eatises sont venues s\u2019\u00e9pancher, depuis qu\u2019une boule de cuir est partie s\u2019\u00e9craser sur un montant au lieu [&hellip;]<\/p>\n","protected":false},"author":1787,"featured_media":0,"comment_status":"closed","ping_status":"closed","sticky":false,"template":"","format":"standard","meta":{"fifu_image_url":"","fifu_image_alt":"","footnotes":""},"categories":[78,54],"tags":[],"class_list":["post-46205","post","type-post","status-publish","format-standard","hentry","category-economie","category-maroc"],"_links":{"self":[{"href":"https:\/\/linitiative.ca\/International\/wp-json\/wp\/v2\/posts\/46205","targetHints":{"allow":["GET"]}}],"collection":[{"href":"https:\/\/linitiative.ca\/International\/wp-json\/wp\/v2\/posts"}],"about":[{"href":"https:\/\/linitiative.ca\/International\/wp-json\/wp\/v2\/types\/post"}],"author":[{"embeddable":true,"href":"https:\/\/linitiative.ca\/International\/wp-json\/wp\/v2\/users\/1787"}],"replies":[{"embeddable":true,"href":"https:\/\/linitiative.ca\/International\/wp-json\/wp\/v2\/comments?post=46205"}],"version-history":[{"count":0,"href":"https:\/\/linitiative.ca\/International\/wp-json\/wp\/v2\/posts\/46205\/revisions"}],"wp:attachment":[{"href":"https:\/\/linitiative.ca\/International\/wp-json\/wp\/v2\/media?parent=46205"}],"wp:term":[{"taxonomy":"category","embeddable":true,"href":"https:\/\/linitiative.ca\/International\/wp-json\/wp\/v2\/categories?post=46205"},{"taxonomy":"post_tag","embeddable":true,"href":"https:\/\/linitiative.ca\/International\/wp-json\/wp\/v2\/tags?post=46205"}],"curies":[{"name":"wp","href":"https:\/\/api.w.org\/{rel}","templated":true}]}}