{"id":46213,"date":"2019-07-14T11:03:30","date_gmt":"2019-07-14T15:03:30","guid":{"rendered":"https:\/\/linitiative.ca\/International\/tunisie-elections-municipales-du-bardo-la-douche-froide\/"},"modified":"2019-07-14T11:03:30","modified_gmt":"2019-07-14T15:03:30","slug":"tunisie-elections-municipales-du-bardo-la-douche-froide","status":"publish","type":"post","link":"https:\/\/linitiative.ca\/International\/tunisie-elections-municipales-du-bardo-la-douche-froide\/","title":{"rendered":"Tunisie \u2013 Elections municipales du Bardo\u00a0: La douche froide\u00a0!"},"content":{"rendered":"<div class=\"post-cont-in left relative\">\n<div class=\"swp_social_panel swp_horizontal_panel swp_flat_fresh swp_default_full_color swp_individual_full_color swp_other_full_color scale-100 scale-\" data-min-width=\"1100\" data-float-color=\"#ffffff\" data-float=\"none\" data-float-mobile=\"none\" data-transition=\"slide\">\n<div class=\"nc_tweetContainer swp_share_button total_shares total_sharesalt\"><span class=\"swp_count\">57 <span class=\"swp_label\">Partages<\/span><\/span><\/div>\n<\/div>\n<p>Une vraie douche froide pour les candidats, notamment, pour les listes partisanes qui ont cru avoir mis le paquet pour mobiliser l\u2019\u00e9lectorat.<\/p>\n<p>En effet, jusqu\u2019\u00e0 midi, selon les chiffres officiels de l\u2019ISIE, seuls 6.24% des \u00e9lecteurs inscrits se sont pr\u00e9sent\u00e9s aux bureaux de vote.<\/p>\n<div class=\"code-block code-block-1 c3\"><ins class=\"adsbygoogle c2\" data-ad-layout=\"in-article\" data-ad-format=\"fluid\" data-ad-client=\"ca-pub-2102118777505746\" data-ad-slot=\"7301775417\"\/> <\/div>\n<p>Un chiffre qui n\u2019est pas pr\u00eat de trop grimper quand on sait qu\u2019pr\u00e8s midi, on rentre dans la plage horaire o\u00f9 l\u2019on pr\u00e9f\u00e8re rester clo\u00eetr\u00e9 chez soi, par cette canicule\u00a0!<\/p>\n<p>Un chiffre qui donne aussi \u00e0 r\u00e9fl\u00e9chir quand aux strat\u00e9gies \u00e0 d\u00e9ployer pour d\u00e9passer cet \u00e9norme abstentionnisme, en vue des prochaines \u00e9lections l\u00e9gislatives et pr\u00e9sidentielles.<\/p>\n<div class=\"mvp-org-wrap mvp-org-logo\" itemprop=\"publisher\" itemscope=\"\" itemtype=\"https:\/\/schema.org\/Organization\"><img decoding=\"async\" src=\"https:\/\/www.tunisienumerique.com\/wp-content\/uploads\/2017\/02\/logo_tunisie_numerique.png\"\/><\/div>\n<div class=\"swp_social_panel swp_horizontal_panel swp_flat_fresh swp_default_full_color swp_individual_full_color swp_other_full_color scale-100 scale-\" data-min-width=\"1100\" data-float-color=\"#ffffff\" data-float=\"none\" data-float-mobile=\"none\" data-transition=\"slide\">\n<div class=\"nc_tweetContainer swp_share_button total_shares total_sharesalt\"><span class=\"swp_count\">57 <span class=\"swp_label\">Partages<\/span><\/span><\/div>\n<\/div>\n<div class=\"mvp-related-posts left relative\">\n<h4 class=\"post-header\"><span class=\"post-header\">Lire aussi<\/span><\/h4>\n<\/div>\n<\/div>\n<p>Auteur: LM<br \/>\n<a href=\"https:\/\/www.tunisienumerique.com\/tunisie-elections-municipales-du-bardo-la-douche-froide\/\">Cliquez ici pour lire l&rsquo;article depuis sa source.<\/a><\/p>\n","protected":false},"excerpt":{"rendered":"<p>57 Partages Une vraie douche froide pour les candidats, notamment, pour les listes partisanes qui ont cru avoir mis le paquet pour mobiliser l\u2019\u00e9lectorat. En effet, jusqu\u2019\u00e0 midi, selon les chiffres officiels de l\u2019ISIE, seuls 6.24% des \u00e9lecteurs inscrits se sont pr\u00e9sent\u00e9s aux bureaux de vote. Un chiffre qui n\u2019est pas pr\u00eat de trop grimper [&hellip;]<\/p>\n","protected":false},"author":1789,"featured_media":46214,"comment_status":"closed","ping_status":"closed","sticky":false,"template":"","format":"standard","meta":{"fifu_image_url":"","fifu_image_alt":"","footnotes":""},"categories":[73,55],"tags":[],"class_list":["post-46213","post","type-post","status-publish","format-standard","has-post-thumbnail","hentry","category-actualite","category-tunisie"],"_links":{"self":[{"href":"https:\/\/linitiative.ca\/International\/wp-json\/wp\/v2\/posts\/46213","targetHints":{"allow":["GET"]}}],"collection":[{"href":"https:\/\/linitiative.ca\/International\/wp-json\/wp\/v2\/posts"}],"about":[{"href":"https:\/\/linitiative.ca\/International\/wp-json\/wp\/v2\/types\/post"}],"author":[{"embeddable":true,"href":"https:\/\/linitiative.ca\/International\/wp-json\/wp\/v2\/users\/1789"}],"replies":[{"embeddable":true,"href":"https:\/\/linitiative.ca\/International\/wp-json\/wp\/v2\/comments?post=46213"}],"version-history":[{"count":0,"href":"https:\/\/linitiative.ca\/International\/wp-json\/wp\/v2\/posts\/46213\/revisions"}],"wp:featuredmedia":[{"embeddable":true,"href":"https:\/\/linitiative.ca\/International\/wp-json\/"}],"wp:attachment":[{"href":"https:\/\/linitiative.ca\/International\/wp-json\/wp\/v2\/media?parent=46213"}],"wp:term":[{"taxonomy":"category","embeddable":true,"href":"https:\/\/linitiative.ca\/International\/wp-json\/wp\/v2\/categories?post=46213"},{"taxonomy":"post_tag","embeddable":true,"href":"https:\/\/linitiative.ca\/International\/wp-json\/wp\/v2\/tags?post=46213"}],"curies":[{"name":"wp","href":"https:\/\/api.w.org\/{rel}","templated":true}]}}