{"id":46215,"date":"2019-07-14T11:34:46","date_gmt":"2019-07-14T15:34:46","guid":{"rendered":"https:\/\/linitiative.ca\/International\/tunisie-bizerte-noyade-de-deux-jeunes-filles-de-17-et-18-ans\/"},"modified":"2019-07-14T11:34:46","modified_gmt":"2019-07-14T15:34:46","slug":"tunisie-bizerte-noyade-de-deux-jeunes-filles-de-17-et-18-ans","status":"publish","type":"post","link":"https:\/\/linitiative.ca\/International\/tunisie-bizerte-noyade-de-deux-jeunes-filles-de-17-et-18-ans\/","title":{"rendered":"Tunisie \u2013 Bizerte\u00a0: Noyade de deux jeunes filles de 17 et 18 ans"},"content":{"rendered":"<div class=\"post-cont-in left relative\">\n<div class=\"swp_social_panel swp_horizontal_panel swp_flat_fresh swp_default_full_color swp_individual_full_color swp_other_full_color scale-100 scale-\" data-min-width=\"1100\" data-float-color=\"#ffffff\" data-float=\"none\" data-float-mobile=\"none\" data-transition=\"slide\">\n<div class=\"nc_tweetContainer swp_share_button total_shares total_sharesalt\"><span class=\"swp_count\">125 <span class=\"swp_label\">Partages<\/span><\/span><\/div>\n<\/div>\n<p>Les agents de la protection civile ont r\u00e9ussi \u00e0 rep\u00eacher les d\u00e9pouilles de deux jeunes filles de 17 et 18 ans qui s\u2019\u00e9taient noy\u00e9es dans la r\u00e9gion de Kef Abbed.<\/p>\n<p>Les d\u00e9pouilles des deux jeunes filles, originaires de la localit\u00e9 de Ghezala, ont \u00e9t\u00e9 transf\u00e9r\u00e9es \u00e0 l\u2019h\u00f4pital r\u00e9gional de Bizerte, pour les besoins de l\u2019autopsie.<\/p>\n<div class=\"code-block code-block-1 c3\"><ins class=\"adsbygoogle c2\" data-ad-layout=\"in-article\" data-ad-format=\"fluid\" data-ad-client=\"ca-pub-2102118777505746\" data-ad-slot=\"7301775417\"\/> <\/div>\n<div class=\"mvp-org-wrap mvp-org-logo\" itemprop=\"publisher\" itemscope=\"\" itemtype=\"https:\/\/schema.org\/Organization\"><img decoding=\"async\" src=\"https:\/\/www.tunisienumerique.com\/wp-content\/uploads\/2017\/02\/logo_tunisie_numerique.png\"\/><\/div>\n<div class=\"swp_social_panel swp_horizontal_panel swp_flat_fresh swp_default_full_color swp_individual_full_color swp_other_full_color scale-100 scale-\" data-min-width=\"1100\" data-float-color=\"#ffffff\" data-float=\"none\" data-float-mobile=\"none\" data-transition=\"slide\">\n<div class=\"nc_tweetContainer swp_share_button total_shares total_sharesalt\"><span class=\"swp_count\">125 <span class=\"swp_label\">Partages<\/span><\/span><\/div>\n<\/div>\n<div class=\"mvp-related-posts left relative\">\n<h4 class=\"post-header\"><span class=\"post-header\">Lire aussi<\/span><\/h4>\n<\/div>\n<\/div>\n<p>Auteur: LM<br \/>\n<a href=\"https:\/\/www.tunisienumerique.com\/tunisie-bizerte-noyade-de-deux-jeunes-filles-de-17-et-18-ans\/\">Cliquez ici pour lire l&rsquo;article depuis sa source.<\/a><\/p>\n","protected":false},"excerpt":{"rendered":"<p>125 Partages Les agents de la protection civile ont r\u00e9ussi \u00e0 rep\u00eacher les d\u00e9pouilles de deux jeunes filles de 17 et 18 ans qui s\u2019\u00e9taient noy\u00e9es dans la r\u00e9gion de Kef Abbed. Les d\u00e9pouilles des deux jeunes filles, originaires de la localit\u00e9 de Ghezala, ont \u00e9t\u00e9 transf\u00e9r\u00e9es \u00e0 l\u2019h\u00f4pital r\u00e9gional de Bizerte, pour les besoins [&hellip;]<\/p>\n","protected":false},"author":1789,"featured_media":46216,"comment_status":"closed","ping_status":"closed","sticky":false,"template":"","format":"standard","meta":{"fifu_image_url":"","fifu_image_alt":"","footnotes":""},"categories":[73,55],"tags":[],"class_list":["post-46215","post","type-post","status-publish","format-standard","has-post-thumbnail","hentry","category-actualite","category-tunisie"],"_links":{"self":[{"href":"https:\/\/linitiative.ca\/International\/wp-json\/wp\/v2\/posts\/46215","targetHints":{"allow":["GET"]}}],"collection":[{"href":"https:\/\/linitiative.ca\/International\/wp-json\/wp\/v2\/posts"}],"about":[{"href":"https:\/\/linitiative.ca\/International\/wp-json\/wp\/v2\/types\/post"}],"author":[{"embeddable":true,"href":"https:\/\/linitiative.ca\/International\/wp-json\/wp\/v2\/users\/1789"}],"replies":[{"embeddable":true,"href":"https:\/\/linitiative.ca\/International\/wp-json\/wp\/v2\/comments?post=46215"}],"version-history":[{"count":0,"href":"https:\/\/linitiative.ca\/International\/wp-json\/wp\/v2\/posts\/46215\/revisions"}],"wp:featuredmedia":[{"embeddable":true,"href":"https:\/\/linitiative.ca\/International\/wp-json\/"}],"wp:attachment":[{"href":"https:\/\/linitiative.ca\/International\/wp-json\/wp\/v2\/media?parent=46215"}],"wp:term":[{"taxonomy":"category","embeddable":true,"href":"https:\/\/linitiative.ca\/International\/wp-json\/wp\/v2\/categories?post=46215"},{"taxonomy":"post_tag","embeddable":true,"href":"https:\/\/linitiative.ca\/International\/wp-json\/wp\/v2\/tags?post=46215"}],"curies":[{"name":"wp","href":"https:\/\/api.w.org\/{rel}","templated":true}]}}