{"id":46231,"date":"2019-07-14T17:09:22","date_gmt":"2019-07-14T21:09:22","guid":{"rendered":"https:\/\/linitiative.ca\/International\/lutte-contre-le-terrorisme-au-sahel\/"},"modified":"2019-07-14T17:09:22","modified_gmt":"2019-07-14T21:09:22","slug":"lutte-contre-le-terrorisme-au-sahel","status":"publish","type":"post","link":"https:\/\/linitiative.ca\/International\/lutte-contre-le-terrorisme-au-sahel\/","title":{"rendered":"Lutte contre le terrorisme au Sahel"},"content":{"rendered":"<div class=\"td-post-featured-image\"><a href=\"https:\/\/i2.wp.com\/www.sidwaya.info\/wp-content\/uploads\/2019\/07\/uemoa15.gif?fit=787%2C461&#038;ssl=1\" data-caption=\"\"><img loading=\"lazy\" decoding=\"async\" width=\"696\" height=\"408\" class=\"entry-thumb td-modal-image\" src=\"https:\/\/i2.wp.com\/www.sidwaya.info\/wp-content\/uploads\/2019\/07\/uemoa15.gif?resize=696%2C408&#038;ssl=1\" alt=\"\" title=\"uemoa15\"\/><\/a><\/div>\n<p><strong>La 21e session ordinaire des chefs d\u2019Etat et de gouvernement de l\u2019Union \u00e9conomique et mon\u00e9taire ouest-africaine tenue, le vendredi 12 juillet 2019, \u00e0 Abidjan,a d\u00e9lib\u00e9r\u00e9 sur plusieurs sujets d\u2019int\u00e9r\u00eat de la sous-r\u00e9gion dont la lutte contre le terrorisme et l\u2019extr\u00e9misme violent dans la bande sah\u00e9lienne de l\u2019Afrique de l\u2019Ouest.<\/strong><\/p>\n<p>Les dirigeants des pays de l\u2019Union \u00e9conomique et mon\u00e9taire ouest-africaine (UEMOA) sont pr\u00e9occup\u00e9s par l\u2019escalade de la violence dans le Sahel. A la 21e session ordinaire de leur conf\u00e9rence, tenue \u00e0 Abidjan, le vendredi 12 juillet 2019, ils ont opt\u00e9 pour une approche efficiente contre l\u2019hydre terroriste et l\u2019extr\u00e9misme violent.<br \/>Le pr\u00e9sident de la R\u00e9publique de C\u00f4te d\u2019Ivoire, par ailleurs pr\u00e9sident en exercice de la conf\u00e9rence des chefs d\u2019Etat et de gouvernement de l\u2019UEMOA, Alassane Ouattara, a annonc\u00e9 la tenue d\u2019un sommet extraordinaire de la Communaut\u00e9 des Etats de l\u2019Afrique de l\u2019Ouest (CEDEAO) \u00e0 Ouagadougou au Burkina Faso, \u00e0 laquelle prendront part tous les Etats de l\u2019espace UEMOA. La date du 14 septembre 2019 a \u00e9t\u00e9 envisag\u00e9e pour cette rencontre de haut niveau qui permettra, a-t-il dit, de faire des propositions allant dans le sens de la coordination des efforts, des services de renseignements des pays de la sous-r\u00e9gion. A l\u2019entendre, la lutte contre le terrorisme et l\u2019extr\u00e9misme violent ne doit pas \u00eatre l\u2019apanage des seuls Etats touch\u00e9s, mais une pr\u00e9occupation commune, exigeant la mutualisation des moyens d\u2019intervention. \u00abNous consid\u00e9rons que c\u2019est une synergie d\u2019actions et il ne suffit pas de s\u2019en tenir au G5 Sahel ou \u00e0 la MINUSMA, mais il faut que ce soit l\u2019ensemble des pays de la CEDEAO plus les pays comme le Tchad et le Cameroun\u00bb, a fait savoir le pr\u00e9sident ivoirien.<\/p>\n<p>Le d\u00e9bat, bient\u00f4t port\u00e9 \u00e0 l\u2019ONU<\/p>\n<p>En attendant le rendez-vous de Ouagadougou, Alassane Ouattara a indiqu\u00e9 que les ministres en charge de la d\u00e9fense des Etats-membres de l\u2019UEMOA ont \u00e9t\u00e9 mandat\u00e9s pour approfondir les r\u00e9flexions autour du sujet, en vue d\u2019aboutir \u00e0 des propositions concr\u00e8tes. Lesquelles, a-t-il pr\u00e9cis\u00e9, permettront de constituer un rapport qui sera pr\u00e9sent\u00e9 \u00e0 l\u2019Assembl\u00e9e g\u00e9n\u00e9rale de l\u2019ONU en fin septembre 2019 \u00e0 New York. En d\u00e9but de s\u00e9ance de la 21e session de la conf\u00e9rence, le pr\u00e9sident Ouattara avait d\u00e9plor\u00e9 qu\u2019en 2018, la mise en \u0153uvre de plusieurs projets communautaires dans des pays-membres de l\u2019UEMOA, en l\u2019occurrence au Mali, au Niger et au Burkina Faso ait \u00e9t\u00e9 affect\u00e9e par les attaques terroristes. Toutefois, il s\u2019est f\u00e9licit\u00e9 de\u00a0\u00abl\u2019organisation diligente de la riposte, op\u00e9r\u00e9e par les forces arm\u00e9es nationales, avec l\u2019appui des troupes sous-r\u00e9gionales et de la communaut\u00e9 internationale\u00bb. Du reste, il a insist\u00e9 sur la d\u00e9termination des Etats \u00e0 ne jamais fl\u00e9chir dans cette lutte contre les \u00abforces du mal\u00bb, ajoutant que l\u2019engagement des Etats-membres de l\u2019UEMOA \u00e0 ce sujet sera sans limite. La Conf\u00e9rence des chefs d\u2019Etat et de gouvernement (CCEG) est l\u2019organe supr\u00eame de l\u2019UEMOA qui regroupe huit pays. Ce sont le Benin, le Burkina Faso, la Guin\u00e9e Bissau, la C\u00f4te d\u2019Ivoire, le Mali, le Niger, le S\u00e9n\u00e9gal et le Togo. La CCEG se r\u00e9unit une fois par an et d\u00e9finit les grandes orientations de la politique de l\u2019Union. L\u2019UEMOA a comm\u00e9mor\u00e9 ses 25 ans d\u2019existence le 10 janvier 2019, \u00e0 Ouagadougou au Burkina Faso.<\/p>\n<p>Mamady Zango<br \/>mzango18@gmail.com<br \/>(De retour d\u2019Abidjan)<\/p>\n<div class=\"td-a-rec td-a-rec-id-content_bottom td_uid_30_5d2ba167e92a1_rand td_block_template_1\"><img loading=\"lazy\" decoding=\"async\" class=\"aligncenter size-full wp-image-9623\" src=\"https:\/\/www.sidwaya.info\/wp-content\/uploads\/2019\/06\/Projet-bannie%CC%80re-Orange-mobile.jpg\" alt=\"\" width=\"728\" height=\"81\"\/><\/div>\n<p>Auteur: BM. Sidwaya<br \/>\n<a href=\"https:\/\/www.sidwaya.info\/blog\/2019\/07\/14\/lutte-contre-le-terrorisme-au-sahel\/\">Cliquez ici pour lire l&rsquo;article depuis sa source.<\/a><\/p>\n","protected":false},"excerpt":{"rendered":"<p>La 21e session ordinaire des chefs d\u2019Etat et de gouvernement de l\u2019Union \u00e9conomique et mon\u00e9taire ouest-africaine tenue, le vendredi 12 juillet 2019, \u00e0 Abidjan,a d\u00e9lib\u00e9r\u00e9 sur plusieurs sujets d\u2019int\u00e9r\u00eat de la sous-r\u00e9gion dont la lutte contre le terrorisme et l\u2019extr\u00e9misme violent dans la bande sah\u00e9lienne de l\u2019Afrique de l\u2019Ouest. Les dirigeants des pays de l\u2019Union [&hellip;]<\/p>\n","protected":false},"author":1816,"featured_media":0,"comment_status":"closed","ping_status":"closed","sticky":false,"template":"","format":"standard","meta":{"fifu_image_url":"","fifu_image_alt":"","footnotes":""},"categories":[73,81],"tags":[],"class_list":["post-46231","post","type-post","status-publish","format-standard","hentry","category-actualite","category-burkina-faso"],"_links":{"self":[{"href":"https:\/\/linitiative.ca\/International\/wp-json\/wp\/v2\/posts\/46231","targetHints":{"allow":["GET"]}}],"collection":[{"href":"https:\/\/linitiative.ca\/International\/wp-json\/wp\/v2\/posts"}],"about":[{"href":"https:\/\/linitiative.ca\/International\/wp-json\/wp\/v2\/types\/post"}],"author":[{"embeddable":true,"href":"https:\/\/linitiative.ca\/International\/wp-json\/wp\/v2\/users\/1816"}],"replies":[{"embeddable":true,"href":"https:\/\/linitiative.ca\/International\/wp-json\/wp\/v2\/comments?post=46231"}],"version-history":[{"count":0,"href":"https:\/\/linitiative.ca\/International\/wp-json\/wp\/v2\/posts\/46231\/revisions"}],"wp:attachment":[{"href":"https:\/\/linitiative.ca\/International\/wp-json\/wp\/v2\/media?parent=46231"}],"wp:term":[{"taxonomy":"category","embeddable":true,"href":"https:\/\/linitiative.ca\/International\/wp-json\/wp\/v2\/categories?post=46231"},{"taxonomy":"post_tag","embeddable":true,"href":"https:\/\/linitiative.ca\/International\/wp-json\/wp\/v2\/tags?post=46231"}],"curies":[{"name":"wp","href":"https:\/\/api.w.org\/{rel}","templated":true}]}}