{"id":46232,"date":"2019-07-14T17:13:35","date_gmt":"2019-07-14T21:13:35","guid":{"rendered":"https:\/\/linitiative.ca\/International\/dialogue-politique-debut-des-travaux-ce-lundi\/"},"modified":"2019-07-14T17:13:35","modified_gmt":"2019-07-14T21:13:35","slug":"dialogue-politique-debut-des-travaux-ce-lundi","status":"publish","type":"post","link":"https:\/\/linitiative.ca\/International\/dialogue-politique-debut-des-travaux-ce-lundi\/","title":{"rendered":"Dialogue politique: d\u00e9but des travaux  ce lundi"},"content":{"rendered":"<div class=\"td-post-featured-image\"><a href=\"https:\/\/i1.wp.com\/www.sidwaya.info\/wp-content\/uploads\/2019\/07\/prefaso15.gif?fit=787%2C525&#038;ssl=1\" data-caption=\"\"><img loading=\"lazy\" decoding=\"async\" width=\"696\" height=\"464\" class=\"entry-thumb td-modal-image\" src=\"https:\/\/i1.wp.com\/www.sidwaya.info\/wp-content\/uploads\/2019\/07\/prefaso15.gif?resize=696%2C464&#038;ssl=1\" alt=\"\" title=\"prefaso15\"\/><\/a><\/div>\n<p>Le pr\u00e9sident du Faso, Roch Marc Christian Kabor\u00e9, pr\u00e9side ce lundi \u00e0 Ouagadougou, la c\u00e9r\u00e9monie officielle d\u2019ouverture du dialogue politique, qui r\u00e9unit les partis de la majorit\u00e9 et de l\u2019opposition. Ce dialogue politique, qui se tient du 15 au 22 juillet 2019, autour de l\u2019organisation des \u00e9lections de 2020, de la situation nationale et de la coh\u00e9sion sociale, est une initiative du pr\u00e9sident du Faso pour permettre aux acteurs de la sc\u00e8ne politique nationale de s\u2019asseoir autour de la m\u00eame table, pour des \u00e9changes ouverts sur des sujets d\u2019int\u00e9r\u00eat national.\u00a0 Annonc\u00e9 le 4 avril\u00a0 dernier lors de la rencontre, entre, d\u2019une part, le pr\u00e9sident du Faso et le Chef de file de l\u2019opposition politique (CFOP) et, d\u2019autre part, le pr\u00e9sident du Faso et la majorit\u00e9 pr\u00e9sidentielle, ce dialogue politique traduit la disponibilit\u00e9 du chef de l\u2019Etat \u00e0 l\u2019\u00e9coute et \u00e0 la concertation, pour un Burkina apais\u00e9, r\u00e9concili\u00e9, et solidaire. Les travaux de cette rencontre politique seront co-pr\u00e9sid\u00e9s par le pr\u00e9sident de l\u2019Alliance des Partis de la Majorit\u00e9 Pr\u00e9sidentielle (APMP),\u00a0 Simon Compaor\u00e9, et le Chef de file de l\u2019Opposition politique, Z\u00e9phirin Diabr\u00e9, avec pour rapporteur g\u00e9n\u00e9ral, le ministre d\u2019Etat, ministre de l\u2019Administration territoriale et de la Coh\u00e9sion sociale, Sim\u00e9on Sawadogo. Chaque d\u00e9l\u00e9gation participante est constitu\u00e9e de 20 personnes, dont au moins cinq femmes.<\/p>\n<p>Direction de la<br \/>communication de la<br \/>pr\u00e9sidence du Faso<\/p>\n<div class=\"td-a-rec td-a-rec-id-content_bottom td_uid_30_5d2ba16b37bfd_rand td_block_template_1\"><img loading=\"lazy\" decoding=\"async\" class=\"aligncenter size-full wp-image-9623\" src=\"https:\/\/www.sidwaya.info\/wp-content\/uploads\/2019\/06\/Projet-bannie%CC%80re-Orange-mobile.jpg\" alt=\"\" width=\"728\" height=\"81\"\/><\/div>\n<p>Auteur: BM. Sidwaya<br \/>\n<a href=\"https:\/\/www.sidwaya.info\/blog\/2019\/07\/14\/dialogue-politique-debut-des-travaux-ce-lundi\/\">Cliquez ici pour lire l&rsquo;article depuis sa source.<\/a><\/p>\n","protected":false},"excerpt":{"rendered":"<p>Le pr\u00e9sident du Faso, Roch Marc Christian Kabor\u00e9, pr\u00e9side ce lundi \u00e0 Ouagadougou, la c\u00e9r\u00e9monie officielle d\u2019ouverture du dialogue politique, qui r\u00e9unit les partis de la majorit\u00e9 et de l\u2019opposition. Ce dialogue politique, qui se tient du 15 au 22 juillet 2019, autour de l\u2019organisation des \u00e9lections de 2020, de la situation nationale et de [&hellip;]<\/p>\n","protected":false},"author":1816,"featured_media":0,"comment_status":"closed","ping_status":"closed","sticky":false,"template":"","format":"standard","meta":{"fifu_image_url":"","fifu_image_alt":"","footnotes":""},"categories":[73,81],"tags":[],"class_list":["post-46232","post","type-post","status-publish","format-standard","hentry","category-actualite","category-burkina-faso"],"_links":{"self":[{"href":"https:\/\/linitiative.ca\/International\/wp-json\/wp\/v2\/posts\/46232","targetHints":{"allow":["GET"]}}],"collection":[{"href":"https:\/\/linitiative.ca\/International\/wp-json\/wp\/v2\/posts"}],"about":[{"href":"https:\/\/linitiative.ca\/International\/wp-json\/wp\/v2\/types\/post"}],"author":[{"embeddable":true,"href":"https:\/\/linitiative.ca\/International\/wp-json\/wp\/v2\/users\/1816"}],"replies":[{"embeddable":true,"href":"https:\/\/linitiative.ca\/International\/wp-json\/wp\/v2\/comments?post=46232"}],"version-history":[{"count":0,"href":"https:\/\/linitiative.ca\/International\/wp-json\/wp\/v2\/posts\/46232\/revisions"}],"wp:attachment":[{"href":"https:\/\/linitiative.ca\/International\/wp-json\/wp\/v2\/media?parent=46232"}],"wp:term":[{"taxonomy":"category","embeddable":true,"href":"https:\/\/linitiative.ca\/International\/wp-json\/wp\/v2\/categories?post=46232"},{"taxonomy":"post_tag","embeddable":true,"href":"https:\/\/linitiative.ca\/International\/wp-json\/wp\/v2\/tags?post=46232"}],"curies":[{"name":"wp","href":"https:\/\/api.w.org\/{rel}","templated":true}]}}