{"id":46233,"date":"2019-07-14T17:19:01","date_gmt":"2019-07-14T21:19:01","guid":{"rendered":"https:\/\/linitiative.ca\/International\/sommet-de-luemoa-leco-sera-arrimee-a-leuro-selon-alassane-ouattara\/"},"modified":"2019-07-14T17:19:01","modified_gmt":"2019-07-14T21:19:01","slug":"sommet-de-luemoa-leco-sera-arrimee-a-leuro-selon-alassane-ouattara","status":"publish","type":"post","link":"https:\/\/linitiative.ca\/International\/sommet-de-luemoa-leco-sera-arrimee-a-leuro-selon-alassane-ouattara\/","title":{"rendered":"Sommet de l\u2019UEMOA: l\u2019Eco sera arrim\u00e9e \u00e0 l\u2019Euro, selon Alassane Ouattara"},"content":{"rendered":"<div class=\"td-post-featured-image\"><a href=\"https:\/\/i0.wp.com\/www.sidwaya.info\/wp-content\/uploads\/2019\/07\/uemoa02.gif?fit=787%2C463&#038;ssl=1\" data-caption=\"\"><img loading=\"lazy\" decoding=\"async\" width=\"696\" height=\"409\" class=\"entry-thumb td-modal-image\" src=\"https:\/\/i0.wp.com\/www.sidwaya.info\/wp-content\/uploads\/2019\/07\/uemoa02.gif?resize=696%2C409&#038;ssl=1\" alt=\"\" title=\"uemoa02\"\/><\/a><\/div>\n<p><strong>La 21e session ordinaire de la Conf\u00e9rence des chefs d\u2019Etat et de gouvernements de l\u2019Union \u00e9conomique et mon\u00e9taire ouest-africaine s\u2019est tenue, le vendredi 12 juillet 2019, \u00e0 Abidjan en C\u00f4te d\u2019Ivoire. La rencontre a \u00e9t\u00e9 l\u2019occasion pour les dirigeants des pays de l\u2019Union, de r\u00e9affirmer leur engagement pour la mise en \u0153uvre, \u00e0 partir de 2020, de la monnaie unique de la CEDEAO, l\u2019Eco.<\/strong><\/p>\n<p>Les chefs d\u2019Etat de l\u2019Union \u00e9conomique et mon\u00e9taire ouest-africaine (UEMOA) ont r\u00e9it\u00e9r\u00e9 leur volont\u00e9 de mettre en \u0153uvre la monnaie unique, l\u2019 Eco, \u00e0 la 21e session ordinaire de la Conf\u00e9rence des chefs d\u2019Etat et de gouvernement (CCEG) de l\u2019Union, tenue \u00e0 Abidjan en C\u00f4te d\u2019Ivoire, le vendredi 12 juillet 2019. \u00abLa conf\u00e9rence r\u00e9affirme l\u2019approche graduelle pour la mise en place de la monnaie unique de la CEDEAO, privil\u00e9giant un d\u00e9marrage en 2020\u00a0avec les pays qui respectent les crit\u00e8res de convergence de la CEDEAO, tandis que les autres pourront s\u2019y joindre ult\u00e9rieurement\u00bb, a indiqu\u00e9 le communiqu\u00e9 final de la conf\u00e9rence, lu par le pr\u00e9sident de la Commission de l\u2019UEMOA, Abdallah Boureima. Le m\u00eame document, qui salue, les progr\u00e8s r\u00e9alis\u00e9s par les Etats-membres de l\u2019Union, a exhort\u00e9 ces deniers \u00e0 poursuivre les r\u00e9formes en vue de respecter les crit\u00e8res de convergence et faciliter la marche vers l\u2019Eco. Le pr\u00e9sident de la R\u00e9publique de C\u00f4te d\u2019Ivoire, par ailleurs pr\u00e9sident de la CCEG, Alassane Ouattara, a expliqu\u00e9 qu\u2019\u00e0 son adoption en 2020, l\u2019Eco remplacera le franc CFA. La nouvelle monnaie, comme l\u2019ancienne, sera arrim\u00e9e \u00e0 l\u2019Euro et gardera la m\u00eame parit\u00e9 avec, toutefois, la perspective d\u2019un taux de change flexible dans la dur\u00e9e, a-t-il signifi\u00e9. D\u2019apr\u00e8s le pr\u00e9sident ivoirien, cette mesure devrait permettre la garantie de la stabilit\u00e9 de l\u2019Eco et le maintien des taux de croissance \u00e9lev\u00e9s, r\u00e9guli\u00e8rement enregistr\u00e9s par les pays utilisateurs du franc CFA. Le compte \u00e0 rebours pour l\u2019entr\u00e9e en vigueur de l\u2019ECO avait \u00e9t\u00e9 lanc\u00e9 le 29 juin 2019 \u00e0 Abuja au Nigeria.<\/p>\n<p>Bilan satisfaisant pour 2018<\/p>\n<p>Outre la question mon\u00e9taire, la 21e session de la CCEG a examin\u00e9 plusieurs points relatifs \u00e0 la vie de l\u2019Union. A l\u2019exception de la situation s\u00e9curitaire d\u00e9l\u00e9t\u00e8re dans certains pays de l\u2019espace, en l\u2019occurrence le Mali, le Niger et le Burkina Faso, la rencontre a not\u00e9, avec satisfaction, des avanc\u00e9es significatives dans plusieurs domaines. Sur le plan \u00e9conomique, les chefs d\u2019Etat de l\u2019UEMOA se sont f\u00e9licit\u00e9s de la bonne sant\u00e9 de l\u2019Union qui a enregistr\u00e9 en 2018, un taux de croissance de l\u2019ordre de 6,6% comme en 2017, avec des projections indiquant le maintien des performances. Concernant la revue annuelle des r\u00e9formes, politiques, programmes et projets communautaires, ils ont salu\u00e9 les progr\u00e8s r\u00e9alis\u00e9s par les Etats de l\u2019Union qui ont obtenu un taux global de mise en \u0153uvre des r\u00e9formes de 69% en 2018 contre 62% en 2017. S\u2019agissant du Pr\u00e9l\u00e8vement communautaire de solidarit\u00e9 (PCS), la conf\u00e9rence a d\u00e9cid\u00e9 de le maintenir \u00e0 0,8 % et a instruit le conseil des ministres et la commission de l\u2019UEMOA de poursuivre les efforts de rationalisation du fonctionnement des organes. Cela, en vue de d\u00e9gager des ressources additionnelles, et faire des propositions, avant la fin 2019, pour financer les projets et programmes r\u00e9gionaux de d\u00e9veloppement et de s\u00e9curit\u00e9 destin\u00e9s \u00e0 relever les d\u00e9fis majeurs auxquels fait face l\u2019Union. Sur le plan politique, la bonne tenue des \u00e9ch\u00e9ances \u00e9lectorales au Togo, en Guin\u00e9e Bissau, au S\u00e9n\u00e9gal et au B\u00e9nin a \u00e9t\u00e9 salu\u00e9e. Au chapitre des chantiers de l\u2019int\u00e9gration notamment dans le domaine de la s\u00e9curit\u00e9 alimentaire, l\u2019\u00e9nergie et la s\u00e9curit\u00e9, les comit\u00e9s de haut niveau en charge de ces questions ont \u00e9t\u00e9 f\u00e9licit\u00e9s par la conf\u00e9rence des chefs d\u2019Etat et de gouvernements qui s\u2019est r\u00e9jouie particuli\u00e8rement de la mise en \u0153uvre du Programme communautaire d\u00e9cennal de transformation de l\u2019agriculture pour la s\u00e9curit\u00e9 alimentaire et nutritionnelle dans leur espace. Au cours de la 21e session de la CCEG de l\u2019UEMOA, le Conseil r\u00e9gional de l\u2019\u00e9pargne publique et des march\u00e9s financiers (CREPMF) est devenu Autorit\u00e9 du march\u00e9 de l\u2019UEMOA. Le pr\u00e9sident du Faso, Roch Marc Christian Kabor\u00e9, ses pairs de la C\u00f4te d\u2019Ivoire, du B\u00e9nin, du Mali, du Niger, du S\u00e9n\u00e9gal, du Togo et de la Guin\u00e9e Bissau (repr\u00e9sent\u00e9 par son Premier ministre) ont ent\u00e9rin\u00e9 ce changement de d\u00e9nomination.<\/p>\n<p>Mamady ZANGO<br \/>mzango18@gmail.com<br \/>(De retour d\u2019Abidjan)<\/p>\n<div class=\"td-a-rec td-a-rec-id-content_bottom td_uid_30_5d2ba16e3dc96_rand td_block_template_1\"><img loading=\"lazy\" decoding=\"async\" class=\"aligncenter size-full wp-image-9623\" src=\"https:\/\/www.sidwaya.info\/wp-content\/uploads\/2019\/06\/Projet-bannie%CC%80re-Orange-mobile.jpg\" alt=\"\" width=\"728\" height=\"81\"\/><\/div>\n<p>Auteur: BM. Sidwaya<br \/>\n<a href=\"https:\/\/www.sidwaya.info\/blog\/2019\/07\/14\/sommet-de-luemoa-leco-sera-arrimee-a-leuro-selon-alassane-ouattara\/\">Cliquez ici pour lire l&rsquo;article depuis sa source.<\/a><\/p>\n","protected":false},"excerpt":{"rendered":"<p>La 21e session ordinaire de la Conf\u00e9rence des chefs d\u2019Etat et de gouvernements de l\u2019Union \u00e9conomique et mon\u00e9taire ouest-africaine s\u2019est tenue, le vendredi 12 juillet 2019, \u00e0 Abidjan en C\u00f4te d\u2019Ivoire. La rencontre a \u00e9t\u00e9 l\u2019occasion pour les dirigeants des pays de l\u2019Union, de r\u00e9affirmer leur engagement pour la mise en \u0153uvre, \u00e0 partir de [&hellip;]<\/p>\n","protected":false},"author":1816,"featured_media":0,"comment_status":"closed","ping_status":"closed","sticky":false,"template":"","format":"standard","meta":{"fifu_image_url":"","fifu_image_alt":"","footnotes":""},"categories":[73,81],"tags":[],"class_list":["post-46233","post","type-post","status-publish","format-standard","hentry","category-actualite","category-burkina-faso"],"_links":{"self":[{"href":"https:\/\/linitiative.ca\/International\/wp-json\/wp\/v2\/posts\/46233","targetHints":{"allow":["GET"]}}],"collection":[{"href":"https:\/\/linitiative.ca\/International\/wp-json\/wp\/v2\/posts"}],"about":[{"href":"https:\/\/linitiative.ca\/International\/wp-json\/wp\/v2\/types\/post"}],"author":[{"embeddable":true,"href":"https:\/\/linitiative.ca\/International\/wp-json\/wp\/v2\/users\/1816"}],"replies":[{"embeddable":true,"href":"https:\/\/linitiative.ca\/International\/wp-json\/wp\/v2\/comments?post=46233"}],"version-history":[{"count":0,"href":"https:\/\/linitiative.ca\/International\/wp-json\/wp\/v2\/posts\/46233\/revisions"}],"wp:attachment":[{"href":"https:\/\/linitiative.ca\/International\/wp-json\/wp\/v2\/media?parent=46233"}],"wp:term":[{"taxonomy":"category","embeddable":true,"href":"https:\/\/linitiative.ca\/International\/wp-json\/wp\/v2\/categories?post=46233"},{"taxonomy":"post_tag","embeddable":true,"href":"https:\/\/linitiative.ca\/International\/wp-json\/wp\/v2\/tags?post=46233"}],"curies":[{"name":"wp","href":"https:\/\/api.w.org\/{rel}","templated":true}]}}