{"id":46234,"date":"2019-07-14T17:23:45","date_gmt":"2019-07-14T21:23:45","guid":{"rendered":"https:\/\/linitiative.ca\/International\/seminaire-gouvernemental\/"},"modified":"2019-07-14T17:23:45","modified_gmt":"2019-07-14T21:23:45","slug":"seminaire-gouvernemental","status":"publish","type":"post","link":"https:\/\/linitiative.ca\/International\/seminaire-gouvernemental\/","title":{"rendered":"S\u00e9minaire gouvernemental"},"content":{"rendered":"<div class=\"td-post-featured-image\"><a href=\"https:\/\/i2.wp.com\/www.sidwaya.info\/wp-content\/uploads\/2019\/07\/sfouvetal.gif?fit=787%2C524&#038;ssl=1\" data-caption=\"\"><img loading=\"lazy\" decoding=\"async\" width=\"696\" height=\"463\" class=\"entry-thumb td-modal-image\" src=\"https:\/\/i2.wp.com\/www.sidwaya.info\/wp-content\/uploads\/2019\/07\/sfouvetal.gif?resize=696%2C463&#038;ssl=1\" alt=\"\" title=\"sfouvetal\"\/><\/a><\/div>\n<p><strong>Les membres du gouvernement burkinab\u00e8 se sont r\u00e9unis, le vendredi 12 juillet 2019, \u00e0 Ouagadougou, en session de travail, en vue d\u2019approfondir les r\u00e9flexions sur le processus d\u2019\u00e9laboration de la Politique nationale de d\u00e9fense et de s\u00e9curit\u00e9 (PONADS).<\/strong><\/p>\n<p>Le gouvernement burkinab\u00e8 veut d\u2019une Politique nationale de d\u00e9fense et de s\u00e9curit\u00e9 (PONADS) qui rompt avec la conception sectorielle de la s\u00e9curit\u00e9 et offre \u00e0 l\u2019action publique, des fondements de vision et d\u2019orientation strat\u00e9gique, \u00e9labor\u00e9s dans un processus particulier et inclusif. C\u2019est l\u2019enjeu d\u2019un s\u00e9minaire gouvernemental, tenu le vendredi 12 juillet 2019 \u00e0 Ouagadougou. Il s\u2019est agi pour le comit\u00e9 scientifique, de pr\u00e9senter aux diff\u00e9rents ministres, l\u2019\u00e9tat d\u2019avancement des travaux de la politique nationale de s\u00e9curit\u00e9, afin de recueillir leurs contributions dans la lutte contre le terrorisme. Le ministre de la S\u00e9curit\u00e9, Ouss\u00e9ni Compaor\u00e9, a estim\u00e9 qu\u2019il est important de jeter un regard r\u00e9trospectif sur l\u2019\u00e9volution de la s\u00e9curit\u00e9 nationale et son concept.\u00a0\u00abLe pr\u00e9sident du Faso, Roch Marc Christian Kabor\u00e9, veut que cette nouvelle politique nationale de s\u00e9curit\u00e9 soit inclusive. Tous les secteurs et couches de la soci\u00e9t\u00e9 doivent participer \u00e0 l\u2019\u00e9laboration de ce document et donner leur point de vue sur ce qu\u2019est la s\u00e9curit\u00e9 nationale\u00bb, a-t-il fait savoir. Et de poursuivre, qu\u2019\u00e0 terme, le document doit \u00eatre compris par les populations elles-m\u00eames, qui auront pour mission de l\u2019appliquer. M. Compaor\u00e9 a soutenu que la s\u00e9curit\u00e9 nationale n\u2019est ni une affaire de technocrates, ni de militaires ou de policiers. Il est plut\u00f4t \u00e0 son avis, un concept partag\u00e9 par tous les Burkinab\u00e8. Ce s\u00e9minaire gouvernemental, a-t-il dit, devrait permettre notamment de d\u00e9finir et clarifier le concept de s\u00e9curit\u00e9 nationale ainsi que tous les concepts-cl\u00e9s s\u2019y rapportant et aussi de faire une analyse compl\u00e8te et profonde du contexte s\u00e9curitaire international, r\u00e9gional et national.<\/p>\n<p>Afs\u00e9tou SAWADOGO<\/p>\n<div class=\"td-a-rec td-a-rec-id-content_bottom td_uid_30_5d2ba1722a64f_rand td_block_template_1\"><img loading=\"lazy\" decoding=\"async\" class=\"aligncenter size-full wp-image-9623\" src=\"https:\/\/www.sidwaya.info\/wp-content\/uploads\/2019\/06\/Projet-bannie%CC%80re-Orange-mobile.jpg\" alt=\"\" width=\"728\" height=\"81\"\/><\/div>\n<p>Auteur: BM. Sidwaya<br \/>\n<a href=\"https:\/\/www.sidwaya.info\/blog\/2019\/07\/14\/seminaire-gouvernemental\/\">Cliquez ici pour lire l&rsquo;article depuis sa source.<\/a><\/p>\n","protected":false},"excerpt":{"rendered":"<p>Les membres du gouvernement burkinab\u00e8 se sont r\u00e9unis, le vendredi 12 juillet 2019, \u00e0 Ouagadougou, en session de travail, en vue d\u2019approfondir les r\u00e9flexions sur le processus d\u2019\u00e9laboration de la Politique nationale de d\u00e9fense et de s\u00e9curit\u00e9 (PONADS). Le gouvernement burkinab\u00e8 veut d\u2019une Politique nationale de d\u00e9fense et de s\u00e9curit\u00e9 (PONADS) qui rompt avec la [&hellip;]<\/p>\n","protected":false},"author":1816,"featured_media":0,"comment_status":"closed","ping_status":"closed","sticky":false,"template":"","format":"standard","meta":{"fifu_image_url":"","fifu_image_alt":"","footnotes":""},"categories":[73,81],"tags":[],"class_list":["post-46234","post","type-post","status-publish","format-standard","hentry","category-actualite","category-burkina-faso"],"_links":{"self":[{"href":"https:\/\/linitiative.ca\/International\/wp-json\/wp\/v2\/posts\/46234","targetHints":{"allow":["GET"]}}],"collection":[{"href":"https:\/\/linitiative.ca\/International\/wp-json\/wp\/v2\/posts"}],"about":[{"href":"https:\/\/linitiative.ca\/International\/wp-json\/wp\/v2\/types\/post"}],"author":[{"embeddable":true,"href":"https:\/\/linitiative.ca\/International\/wp-json\/wp\/v2\/users\/1816"}],"replies":[{"embeddable":true,"href":"https:\/\/linitiative.ca\/International\/wp-json\/wp\/v2\/comments?post=46234"}],"version-history":[{"count":0,"href":"https:\/\/linitiative.ca\/International\/wp-json\/wp\/v2\/posts\/46234\/revisions"}],"wp:attachment":[{"href":"https:\/\/linitiative.ca\/International\/wp-json\/wp\/v2\/media?parent=46234"}],"wp:term":[{"taxonomy":"category","embeddable":true,"href":"https:\/\/linitiative.ca\/International\/wp-json\/wp\/v2\/categories?post=46234"},{"taxonomy":"post_tag","embeddable":true,"href":"https:\/\/linitiative.ca\/International\/wp-json\/wp\/v2\/tags?post=46234"}],"curies":[{"name":"wp","href":"https:\/\/api.w.org\/{rel}","templated":true}]}}