{"id":46235,"date":"2019-07-14T17:27:36","date_gmt":"2019-07-14T21:27:36","guid":{"rendered":"https:\/\/linitiative.ca\/International\/lutte-antiterroriste-le-31e-ric-a-lecole-americaine\/"},"modified":"2019-07-14T17:27:36","modified_gmt":"2019-07-14T21:27:36","slug":"lutte-antiterroriste-le-31e-ric-a-lecole-americaine","status":"publish","type":"post","link":"https:\/\/linitiative.ca\/International\/lutte-antiterroriste-le-31e-ric-a-lecole-americaine\/","title":{"rendered":"Lutte antiterroriste: le 31e RIC \u00e0 l\u2019\u00e9cole am\u00e9ricaine"},"content":{"rendered":"<div class=\"td-post-featured-image\"><a href=\"https:\/\/i0.wp.com\/www.sidwaya.info\/wp-content\/uploads\/2019\/07\/fds015.gif?fit=787%2C448&#038;ssl=1\" data-caption=\"\"><img loading=\"lazy\" decoding=\"async\" width=\"696\" height=\"396\" class=\"entry-thumb td-modal-image\" src=\"https:\/\/i0.wp.com\/www.sidwaya.info\/wp-content\/uploads\/2019\/07\/fds015.gif?resize=696%2C396&#038;ssl=1\" alt=\"\" title=\"fds015\"\/><\/a><\/div>\n<p><strong>L\u2019Etat-major g\u00e9n\u00e9ral des arm\u00e9es (EMGA) a organis\u00e9 la c\u00e9r\u00e9monie de fin de formation de 60 militaires du 31e R\u00e9giment d\u2019infanterie commando (RIC), le vendredi 12 juillet 2019, au camp G\u00e9n\u00e9ral Bila Zagr\u00e9 de Ouagadougou.<\/strong><\/p>\n<p>Deux officiers, 17 sous-officiers et 41 militaires de rang, issus de deux sections du 31e R\u00e9giment d\u2019infanterie commando (RIC), sis \u00e0 Tenkodogo, ont appris, pendant six semaines, \u00e0 \u00abfaire la guerre \u00e0 l\u2019am\u00e9ricaine\u00bb. En effet, ces \u00e9l\u00e9ments de la 3e r\u00e9gion militaire du Burkina Faso ont fait des d\u00e9monstrations des aptitudes acquises aux c\u00f4t\u00e9s des forces sp\u00e9ciales am\u00e9ricaines au cours de la deuxi\u00e8me session du programme d\u00e9nomm\u00e9 \u00abJoint combat exercise training\u00bb (JCET), \u00e0 l\u2019occasion de la c\u00e9r\u00e9monie de fin de formation, organis\u00e9e par l\u2019\u00e9tat-major g\u00e9n\u00e9ral des arm\u00e9es, le vendredi 12 juillet 2019 \u00e0 Ouagadougou. La lutte contre les engins explosifs improvis\u00e9s, le secourisme op\u00e9rationnel, le maniement des armes individuelles en dotation, la ma\u00eetrise des armes collectives et des man\u0153uvres op\u00e9rationnelles tactiques, le droit du conflit arm\u00e9, ont \u00e9t\u00e9 les principaux domaines d\u00e9velopp\u00e9s au profit des 60 \u00abBoys\u00bb de l\u2019arm\u00e9e burkinab\u00e8. Un renforcement des capacit\u00e9s op\u00e9rationnelles des unit\u00e9s qui r\u00e9pond aux ambitions de la hi\u00e9rarchie militaire, selon le Chef d\u2019\u00e9tat-major de l\u2019arm\u00e9e de terre (CEMAT), le colonel Omer Gilles Bationo. \u00abNous sommes face \u00e0 un ennemi qui m\u00e8ne un combat asym\u00e9trique de type gu\u00e9rilla. Ces diff\u00e9rentes formations par les forces sp\u00e9ciales am\u00e9ricaines vont accro\u00eetre les capacit\u00e9s de r\u00e9action de nos forces. Recevoir une formation des militaires qui ont d\u00e9j\u00e0 connu \u00e0 travers d\u2019autres th\u00e9\u00e2tres d\u2019op\u00e9ration ce genre de menace, est quelque chose que nous appr\u00e9cions \u00e0 sa juste valeur\u00bb, a indiqu\u00e9 le colonel Bationo. Le CEMAT a exprim\u00e9 sa reconnaissance \u00e0 la coop\u00e9ration am\u00e9ricaine, se r\u00e9jouissant de l\u2019impact des diff\u00e9rentes formations, \u00abd\u00e9j\u00e0 perceptible sur le terrain\u00bb \u00e0 travers diff\u00e9rentes op\u00e9rations militaires (Otapuanu et Doofu, notamment). Une occasion pour lui de saluer la vitalit\u00e9 de la coop\u00e9ration militaire entre le Burkina Faso et les Etats-Unis d\u2019Am\u00e9rique. \u00abNotre politique est d\u2019augmenter la formation des compagnies antiterroristes dans chaque r\u00e9gion militaire du Burkina Faso, de donner des \u00e9quipements et d\u2019aider les Burkinab\u00e8 \u00e0 faire face \u00e0 l\u2019ins\u00e9curit\u00e9 et au terrorisme, mais aussi \u00e0 partager les exp\u00e9riences que les forces am\u00e9ricaines ont acquises dans d\u2019autres r\u00e9gions du monde\u00bb, a expliqu\u00e9, pour sa part, l\u2019ambassadeur am\u00e9ricain au Burkina Faso, Andrew Young. Le diplomate a aussi magnifi\u00e9 un exemple de partage d\u2019exp\u00e9riences \u00abdonnant-donnant\u00bb. Il a soutenu, en effet, que les Am\u00e9ricains venus pour cette formation ont beaucoup appris de leurs homologues burkinab\u00e8 sur les d\u00e9fis de la r\u00e9gion, la situation en Afrique de l\u2019Ouest, et en contrepartie, ils ont partag\u00e9 leurs exp\u00e9riences acquises dans d\u2019autres r\u00e9gions du monde. Cette formation au profit des \u00e9l\u00e9ments de la 3e r\u00e9gion militaire est intervenue apr\u00e8s de pr\u00e9c\u00e9dentes sessions au profit des deux premi\u00e8res r\u00e9gions militaires. Le tout s\u2019inscrit dans le cadre du projet de coop\u00e9ration militaire quinquennal entre Ouagadougou et Washington.<\/p>\n<p>Synth\u00e8se de Fab\u00e9 Mamadou OUATTARA<\/p>\n<p>&#038; Franck(Stagiaire)<\/p>\n<div class=\"td-a-rec td-a-rec-id-content_bottom td_uid_30_5d2ba176ef9a4_rand td_block_template_1\"><img loading=\"lazy\" decoding=\"async\" class=\"aligncenter size-full wp-image-9623\" src=\"https:\/\/www.sidwaya.info\/wp-content\/uploads\/2019\/06\/Projet-bannie%CC%80re-Orange-mobile.jpg\" alt=\"\" width=\"728\" height=\"81\"\/><\/div>\n<p>Auteur: BM. Sidwaya<br \/>\n<a href=\"https:\/\/www.sidwaya.info\/blog\/2019\/07\/14\/lutte-antiterroriste-le-31e-ric-a-lecole-americaine\/\">Cliquez ici pour lire l&rsquo;article depuis sa source.<\/a><\/p>\n","protected":false},"excerpt":{"rendered":"<p>L\u2019Etat-major g\u00e9n\u00e9ral des arm\u00e9es (EMGA) a organis\u00e9 la c\u00e9r\u00e9monie de fin de formation de 60 militaires du 31e R\u00e9giment d\u2019infanterie commando (RIC), le vendredi 12 juillet 2019, au camp G\u00e9n\u00e9ral Bila Zagr\u00e9 de Ouagadougou. Deux officiers, 17 sous-officiers et 41 militaires de rang, issus de deux sections du 31e R\u00e9giment d\u2019infanterie commando (RIC), sis \u00e0 [&hellip;]<\/p>\n","protected":false},"author":1816,"featured_media":0,"comment_status":"closed","ping_status":"closed","sticky":false,"template":"","format":"standard","meta":{"fifu_image_url":"","fifu_image_alt":"","footnotes":""},"categories":[73,81],"tags":[],"class_list":["post-46235","post","type-post","status-publish","format-standard","hentry","category-actualite","category-burkina-faso"],"_links":{"self":[{"href":"https:\/\/linitiative.ca\/International\/wp-json\/wp\/v2\/posts\/46235","targetHints":{"allow":["GET"]}}],"collection":[{"href":"https:\/\/linitiative.ca\/International\/wp-json\/wp\/v2\/posts"}],"about":[{"href":"https:\/\/linitiative.ca\/International\/wp-json\/wp\/v2\/types\/post"}],"author":[{"embeddable":true,"href":"https:\/\/linitiative.ca\/International\/wp-json\/wp\/v2\/users\/1816"}],"replies":[{"embeddable":true,"href":"https:\/\/linitiative.ca\/International\/wp-json\/wp\/v2\/comments?post=46235"}],"version-history":[{"count":0,"href":"https:\/\/linitiative.ca\/International\/wp-json\/wp\/v2\/posts\/46235\/revisions"}],"wp:attachment":[{"href":"https:\/\/linitiative.ca\/International\/wp-json\/wp\/v2\/media?parent=46235"}],"wp:term":[{"taxonomy":"category","embeddable":true,"href":"https:\/\/linitiative.ca\/International\/wp-json\/wp\/v2\/categories?post=46235"},{"taxonomy":"post_tag","embeddable":true,"href":"https:\/\/linitiative.ca\/International\/wp-json\/wp\/v2\/tags?post=46235"}],"curies":[{"name":"wp","href":"https:\/\/api.w.org\/{rel}","templated":true}]}}