{"id":46236,"date":"2019-07-14T17:32:13","date_gmt":"2019-07-14T21:32:13","guid":{"rendered":"https:\/\/linitiative.ca\/International\/plaidoyer-pour-un-quota-jeunes-aux-legislatives-de-2020\/"},"modified":"2019-07-14T17:32:13","modified_gmt":"2019-07-14T21:32:13","slug":"plaidoyer-pour-un-quota-jeunes-aux-legislatives-de-2020","status":"publish","type":"post","link":"https:\/\/linitiative.ca\/International\/plaidoyer-pour-un-quota-jeunes-aux-legislatives-de-2020\/","title":{"rendered":"Plaidoyer pour un \u201cquota-jeunes\u201d aux l\u00e9gislatives de 2020"},"content":{"rendered":"<div class=\"td-post-featured-image\"><a href=\"https:\/\/i1.wp.com\/www.sidwaya.info\/wp-content\/uploads\/2019\/07\/jeune015.gif?fit=787%2C629&#038;ssl=1\" data-caption=\"\"><img loading=\"lazy\" decoding=\"async\" width=\"696\" height=\"556\" class=\"entry-thumb td-modal-image\" src=\"https:\/\/i1.wp.com\/www.sidwaya.info\/wp-content\/uploads\/2019\/07\/jeune015.gif?resize=696%2C556&#038;ssl=1\" alt=\"\" title=\"jeune015\"\/><\/a><\/div>\n<p><strong>Dans le cadre du projet Alliance jeunes et parlementaires (AJP) du Balai citoyen, des jeunes Burkinab\u00e8 ont \u00e9labor\u00e9 et pr\u00e9sent\u00e9 trois th\u00e8mes de plaidoyer aupr\u00e8s de l\u2019Assembl\u00e9e nationale, le samedi 13 juillet 2019, \u00e0 Ouagadougou, au cours d\u2019une c\u00e9r\u00e9monie en pr\u00e9sence de deux d\u00e9put\u00e9s. Le projet plaide pour une am\u00e9lioration de la situation socio\u00e9conomique et l\u2019\u00e9mergence politique des jeunes.<\/strong><\/p>\n<p>L\u2019instauration d\u2019un quota en faveur des jeunes sur les listes \u00e9lectorales l\u00e9gislatives en 2020, le recrutement de 127 assistant(e)s parlementaires et l\u2019extension de la couverture de la radio parlementaire \u00e0 tout le territoire national, sont ce que vise l\u2019association Le Balai citoyen \u00e0 travers son projet Alliance jeunes et parlementaires (AJP). Porteur d\u2019un plaidoyer en vue de l\u2019\u00e9mergence socio\u00e9conomique et politique, le Balai citoyen a pr\u00e9sent\u00e9 ses trois objectifs, le samedi 13 juillet 2019 \u00e0 Ouagadougou, aux b\u00e9n\u00e9ficiaires de l\u2019AJP et \u00e0 deux d\u00e9put\u00e9s. S\u2019agissant du quota, le porte-parole du projet, Abdoul Fataou Ma\u00efga, a expliqu\u00e9 que l\u2019objectif est d\u2019avoir 30% de jeunes \u00e0 l\u2019Assembl\u00e9e nationale \u00e0 l\u2019issue des \u00e9ch\u00e9ances \u00e9lectorales de 2020. Pour ce faire, il propose l\u2019adoption d\u2019une loi fixant des \u00ablistes \u00e9lectorales nationales z\u00e9br\u00e9es\u00bb aux couleurs jeunes ou exigeant un jeune dans chaque province. A ses dires, les jeunes de moins de 35 ans, qui repr\u00e9sentent plus de 72% de la population du Burkina Faso sont \u00abla premi\u00e8re ressource, la force du d\u00e9veloppement\u00bb mais n\u2019ont pas l\u2019occasion d\u2019\u00eatre responsabilis\u00e9s et d\u2019apprendre aux c\u00f4t\u00e9s des a\u00een\u00e9s. Concernant le recrutement des 127 jeunes assistant(e)s parlementaires, le porte-parole a justifi\u00e9 que les \u00e9lus n\u2019ont pas toujours les ressources requises et le temps n\u00e9cessaire pour analyser avec lucidit\u00e9 les propositions\/projets de loi. \u00abLes assistant(e)s apporteront une dynamique nouvelle et permettront d\u2019am\u00e9liorer le travail des d\u00e9put\u00e9s, comme c\u2019est le cas dans d\u2019autres pays\u00bb, a soutenu le pr\u00e9sentateur des objectifs du plaidoyer. Au sujet de l\u2019extension de la zone de couverture de la radio du parlement (actuellement un rayon de 75 kilom\u00e8tres autour de Ouagadougou), celui-ci qui est le pr\u00e9sident du comit\u00e9 de base de l\u2019AJP\/Ouaga, a fait savoir que cela rendra l\u2019information parlementaire disponible partout au Burkina Faso et permettra aux populations d\u2019\u00eatre plus proches de leurs repr\u00e9sentants et de participer au d\u00e9veloppement socio\u00e9conomique du pays. Invit\u00e9s \u00e0 la c\u00e9r\u00e9monie, les d\u00e9put\u00e9s Emmanuel Lankoand\u00e9 (pr\u00e9sident du groupe parlementaire Burkindlim) et L\u00e9once Zagr\u00e9, se sont engag\u00e9s \u00e0 porter le plaidoyer dont les th\u00e8mes sont \u00abd\u2019actualit\u00e9 et pertinents\u00bb. Soulignant l\u2019importance de l\u2019animation du Parlement par toutes les couches sociales, M. Lankoand\u00e9 a not\u00e9 que la cause des jeunes doit aussi \u00eatre d\u00e9fendue au sein des partis politiques dans lesquels les int\u00e9ress\u00e9s ont \u00e9t\u00e9 invit\u00e9s \u00e0 s\u2019engager avec conviction. Son coll\u00e8gue ajoutera que l\u2019extension de la couverture de la radio parlementaire aidera les membres de l\u2019assembl\u00e9e dans la redevabilit\u00e9 et \u00e0 la compr\u00e9hension par les populations du r\u00f4le des \u00e9lus. Au lieu de 127 assistant(e)s parlementaires, L\u00e9once Zagr\u00e9 a propos\u00e9 que le recrutement se fasse de fa\u00e7on progressive \u00e0 commencer peut-\u00eatre avec dix personnes. Il a aussi sugg\u00e9r\u00e9 que les acteurs du projet AJP \u00e9tudient bien les questions de profil et de r\u00f4le des assistants afin de rencontrer les responsables de l\u2019Assembl\u00e9e nationale avec un document bien \u00e9labor\u00e9.<\/p>\n<p>Jean Philibert SOME &#038;<br \/>Boureima GANSONRE<br \/>(Stagiaire)<\/p>\n<div class=\"td-a-rec td-a-rec-id-content_bottom td_uid_30_5d2ba17a9d6f2_rand td_block_template_1\"><img loading=\"lazy\" decoding=\"async\" class=\"aligncenter size-full wp-image-9623\" src=\"https:\/\/www.sidwaya.info\/wp-content\/uploads\/2019\/06\/Projet-bannie%CC%80re-Orange-mobile.jpg\" alt=\"\" width=\"728\" height=\"81\"\/><\/div>\n<p>Auteur: BM. Sidwaya<br \/>\n<a href=\"https:\/\/www.sidwaya.info\/blog\/2019\/07\/14\/plaidoyer-pour-un-quota-jeunes-aux-legislatives-de-2020\/\">Cliquez ici pour lire l&rsquo;article depuis sa source.<\/a><\/p>\n","protected":false},"excerpt":{"rendered":"<p>Dans le cadre du projet Alliance jeunes et parlementaires (AJP) du Balai citoyen, des jeunes Burkinab\u00e8 ont \u00e9labor\u00e9 et pr\u00e9sent\u00e9 trois th\u00e8mes de plaidoyer aupr\u00e8s de l\u2019Assembl\u00e9e nationale, le samedi 13 juillet 2019, \u00e0 Ouagadougou, au cours d\u2019une c\u00e9r\u00e9monie en pr\u00e9sence de deux d\u00e9put\u00e9s. Le projet plaide pour une am\u00e9lioration de la situation socio\u00e9conomique et [&hellip;]<\/p>\n","protected":false},"author":1816,"featured_media":0,"comment_status":"closed","ping_status":"closed","sticky":false,"template":"","format":"standard","meta":{"fifu_image_url":"","fifu_image_alt":"","footnotes":""},"categories":[73,81],"tags":[],"class_list":["post-46236","post","type-post","status-publish","format-standard","hentry","category-actualite","category-burkina-faso"],"_links":{"self":[{"href":"https:\/\/linitiative.ca\/International\/wp-json\/wp\/v2\/posts\/46236","targetHints":{"allow":["GET"]}}],"collection":[{"href":"https:\/\/linitiative.ca\/International\/wp-json\/wp\/v2\/posts"}],"about":[{"href":"https:\/\/linitiative.ca\/International\/wp-json\/wp\/v2\/types\/post"}],"author":[{"embeddable":true,"href":"https:\/\/linitiative.ca\/International\/wp-json\/wp\/v2\/users\/1816"}],"replies":[{"embeddable":true,"href":"https:\/\/linitiative.ca\/International\/wp-json\/wp\/v2\/comments?post=46236"}],"version-history":[{"count":0,"href":"https:\/\/linitiative.ca\/International\/wp-json\/wp\/v2\/posts\/46236\/revisions"}],"wp:attachment":[{"href":"https:\/\/linitiative.ca\/International\/wp-json\/wp\/v2\/media?parent=46236"}],"wp:term":[{"taxonomy":"category","embeddable":true,"href":"https:\/\/linitiative.ca\/International\/wp-json\/wp\/v2\/categories?post=46236"},{"taxonomy":"post_tag","embeddable":true,"href":"https:\/\/linitiative.ca\/International\/wp-json\/wp\/v2\/tags?post=46236"}],"curies":[{"name":"wp","href":"https:\/\/api.w.org\/{rel}","templated":true}]}}