{"id":46237,"date":"2019-07-14T17:37:16","date_gmt":"2019-07-14T21:37:16","guid":{"rendered":"https:\/\/linitiative.ca\/International\/dynamique-salvatrice\/"},"modified":"2019-07-14T17:37:16","modified_gmt":"2019-07-14T21:37:16","slug":"dynamique-salvatrice","status":"publish","type":"post","link":"https:\/\/linitiative.ca\/International\/dynamique-salvatrice\/","title":{"rendered":"Dynamique salvatrice"},"content":{"rendered":"<div class=\"td-post-featured-image\"><a href=\"https:\/\/i2.wp.com\/www.sidwaya.info\/wp-content\/uploads\/2019\/07\/dgsid015.gif?fit=787%2C1180&#038;ssl=1\" data-caption=\"\"><img loading=\"lazy\" decoding=\"async\" width=\"696\" height=\"1044\" class=\"entry-thumb td-modal-image\" src=\"https:\/\/i2.wp.com\/www.sidwaya.info\/wp-content\/uploads\/2019\/07\/dgsid015.gif?resize=696%2C1044&#038;ssl=1\" alt=\"\" title=\"dgsid015\"\/><\/a><\/div>\n<p>Longtemps annonc\u00e9, le dialogue entre les protagonistes de la classe politique est officiellement pr\u00e9vu pour se tenir du 15 au 22 juillet 2019. Cela, au grand bonheur de la soci\u00e9t\u00e9 burkinab\u00e8 dans toutes ses composantes au pied de l\u2019Edifice r\u00e9publicain qui semble prendre de l\u2019eau de toute part. Car, il faut le dire, les Burkinab\u00e8 sont quelque peu inquiets face \u00e0 la mont\u00e9e des conflits avec leurs corollaires de drames humanitaires d\u00e9bordants, les irr\u00e9dentismes qui naissent \u00e7\u00e0 et l\u00e0, compromettant le vivre-ensemble, voire l\u2019avenir du pays. La r\u00e9conciliation nationale est donc devenue pour eux une n\u00e9cessit\u00e9 qui leur permettra de mieux appr\u00e9hender leur avenir commun \u00e0 travers les deux principaux points inscrits \u00e0 l\u2019ordre du jour de \u00abce grand d\u00e9bat national\u00bb \u00e0 la burkinab\u00e8: l\u2019organisation des \u00e9lections de 2020, la situation nationale et la coh\u00e9sion sociale. Se mettre ensemble, pour colmater les fissures dont les cons\u00e9quences n\u2019\u00e9pargneraient aucun occupant de la Maison commune, n\u2019est qu\u2019une simple question de bon sens que le pr\u00e9sident du Faso n\u2019a de cesse de cultiver. Avec un sens du dialogue et du compromis reconnu, m\u00eame par ses contempteurs, il a su \u0153uvrer depuis le d\u00e9but de son mandat, \u00e0 l\u2019instauration d\u2019une tradition de dialogue r\u00e9publicain. En effet, six mois apr\u00e8s son accession \u00e0 la magistrature supr\u00eame, le pr\u00e9sident du Faso a eu une rencontre de prise de contact avec le chef de file de l\u2019opposition politique en juin 2016. Depuis lors, les contacts formels ou non ont toujours eu lieu, jusqu\u2019au 19 avril 2018, date \u00e0 laquelle le chef de l\u2019Etat a re\u00e7u \u00e0 nouveau le chef de file de l\u2019opposition en vue d\u2019\u00e9changer sur le projet de la nouvelle Constitution et le vote des Burkinab\u00e8 de l\u2019ext\u00e9rieur. Un an plus tard, soit le 4 avril 2019, le pr\u00e9sident Kabor\u00e9 recevait, tour \u00e0 tour, l\u2019opposition politique, la majorit\u00e9 pr\u00e9sidentielle, pour leur exprimer sa volont\u00e9 d\u2019ouvrir un dialogue politique. Lequel dialogue s\u2019ouvre ce lundi matin. Plus qu\u2019une simple rencontre, ce dialogue politique est plein d\u2019enjeux, car il doit \u00eatre le catalyseur de la r\u00e9conciliation voulue par tous. De l\u2019espoir donc mais aussi des appr\u00e9hensions, si tant est que les pr\u00e9mices de ce dialogue ont \u00e9t\u00e9 \u00ab\u00a0entach\u00e9s\u00a0\u00bb de d\u00e9clarations sinon maximalistes, \u00e0 tout le moins compromettantes pour des \u00e9changes f\u00e9conds. De l\u2019espoir peut-\u00eatre, des appr\u00e9hensions peut-\u00eatre, mais certainement une opportunit\u00e9. Celle d\u2019un questionnement, d\u2019une introspection profonde sur ce que nous avons appel\u00e9 \u00ables maladies infantiles\u00bb de nos politiques, dont les principaux sympt\u00f4mes sont les revendications maximalistes, les remises en cause syst\u00e9matiques et anticip\u00e9es, le nombrilisme frileux, la politique du \u00ab\u00f4te-toi que je m\u2019y mette\u00bb sans parfois aucune r\u00e9f\u00e9rence \u00e0 celui pour qui toute la plan\u00e8te politique est cens\u00e9e se battre\u00a0: le peuple. Celui-ci ne saurait tol\u00e9rer pareil cirque si d\u2019aventure les d\u00e9bats achoppaient sur des pr\u00e9alables inutiles voire superf\u00e9tatoires. Pourquoi par exemple l\u2019exigence d\u2019un engagement anticip\u00e9 de l\u2019Autorit\u00e9 \u00e0 mettre en \u0153uvre les recommandations qui r\u00e9sulteraient de ce dialogue\u00a0? Sans aucun a priori, personne ne saurait marchander sa participation \u00e0 cette dynamique salvatrice pour le Faso. Autrement dit, on aurait un probl\u00e8me de fond avec notre d\u00e9mocratie. Les pratiques politiques et sociales du pass\u00e9 doivent \u00eatre bannies, car il s\u2019agit d\u2019engager les Burkinab\u00e8 dans une nouvelle citoyennet\u00e9.<\/p>\n<div class=\"td-a-rec td-a-rec-id-content_bottom td_uid_30_5d2ba17dec0f7_rand td_block_template_1\"><img loading=\"lazy\" decoding=\"async\" class=\"aligncenter size-full wp-image-9623\" src=\"https:\/\/www.sidwaya.info\/wp-content\/uploads\/2019\/06\/Projet-bannie%CC%80re-Orange-mobile.jpg\" alt=\"\" width=\"728\" height=\"81\"\/><\/div>\n<p>Auteur: BM. Sidwaya<br \/>\n<a href=\"https:\/\/www.sidwaya.info\/blog\/2019\/07\/14\/dynamique-salvatrice\/\">Cliquez ici pour lire l&rsquo;article depuis sa source.<\/a><\/p>\n","protected":false},"excerpt":{"rendered":"<p>Longtemps annonc\u00e9, le dialogue entre les protagonistes de la classe politique est officiellement pr\u00e9vu pour se tenir du 15 au 22 juillet 2019. Cela, au grand bonheur de la soci\u00e9t\u00e9 burkinab\u00e8 dans toutes ses composantes au pied de l\u2019Edifice r\u00e9publicain qui semble prendre de l\u2019eau de toute part. Car, il faut le dire, les Burkinab\u00e8 [&hellip;]<\/p>\n","protected":false},"author":1816,"featured_media":0,"comment_status":"closed","ping_status":"closed","sticky":false,"template":"","format":"standard","meta":{"fifu_image_url":"","fifu_image_alt":"","footnotes":""},"categories":[73,81],"tags":[],"class_list":["post-46237","post","type-post","status-publish","format-standard","hentry","category-actualite","category-burkina-faso"],"_links":{"self":[{"href":"https:\/\/linitiative.ca\/International\/wp-json\/wp\/v2\/posts\/46237","targetHints":{"allow":["GET"]}}],"collection":[{"href":"https:\/\/linitiative.ca\/International\/wp-json\/wp\/v2\/posts"}],"about":[{"href":"https:\/\/linitiative.ca\/International\/wp-json\/wp\/v2\/types\/post"}],"author":[{"embeddable":true,"href":"https:\/\/linitiative.ca\/International\/wp-json\/wp\/v2\/users\/1816"}],"replies":[{"embeddable":true,"href":"https:\/\/linitiative.ca\/International\/wp-json\/wp\/v2\/comments?post=46237"}],"version-history":[{"count":0,"href":"https:\/\/linitiative.ca\/International\/wp-json\/wp\/v2\/posts\/46237\/revisions"}],"wp:attachment":[{"href":"https:\/\/linitiative.ca\/International\/wp-json\/wp\/v2\/media?parent=46237"}],"wp:term":[{"taxonomy":"category","embeddable":true,"href":"https:\/\/linitiative.ca\/International\/wp-json\/wp\/v2\/categories?post=46237"},{"taxonomy":"post_tag","embeddable":true,"href":"https:\/\/linitiative.ca\/International\/wp-json\/wp\/v2\/tags?post=46237"}],"curies":[{"name":"wp","href":"https:\/\/api.w.org\/{rel}","templated":true}]}}