{"id":46239,"date":"2019-07-14T10:50:02","date_gmt":"2019-07-14T14:50:02","guid":{"rendered":"https:\/\/linitiative.ca\/International\/asie-du-sud-la-mousson-fait-plusieurs-dizaines-de-morts\/"},"modified":"2019-07-14T10:50:02","modified_gmt":"2019-07-14T14:50:02","slug":"asie-du-sud-la-mousson-fait-plusieurs-dizaines-de-morts","status":"publish","type":"post","link":"https:\/\/linitiative.ca\/International\/asie-du-sud-la-mousson-fait-plusieurs-dizaines-de-morts\/","title":{"rendered":"Asie du Sud: la mousson fait plusieurs dizaines de morts"},"content":{"rendered":"<div readability=\"32\">\n<p>Publi\u00e9 le 14.07.2019 \u00e0 15h50 par AFP<\/p>\n<\/div>\n<div readability=\"76\">\n<p>Des inondations et glissements de terrain caus\u00e9s par une mousson torrentielle ont tu\u00e9 plusieurs dizaines de personnes au N\u00e9pal et dans des camps de r\u00e9fugi\u00e9s Rohingya au Bangladesh, o\u00f9 pr\u00e8s de 5.000 abris ont \u00e9t\u00e9 d\u00e9truits, selon les autorit\u00e9s de ces pays.<\/p>\n<p>Au N\u00e9pal, au moins 50 personnes ont \u00e9t\u00e9 tu\u00e9es, et 33 sont toujours recherch\u00e9es, alors que plus de 1.100 personnes ont \u00e9t\u00e9 secourues, selon le porte-parole de la police du pays, Bishwaraj Pokharel.<\/p>\n<p>De fortes pluies touchent depuis jeudi plusieurs r\u00e9gions du N\u00e9pal, en particulier les r\u00e9gions de l\u2019est du pays et les plaines du sud. Selon les autorit\u00e9s n\u00e9palaises, les rivi\u00e8res devraient retrouver leur niveau habituel \u00e0 partir de lundi.<\/p>\n<p>Les camps de r\u00e9fugi\u00e9s du sud-est du Bangladesh, dans la r\u00e9gion de Cox\u2019s Bazar, qui abritent plus de 900.000 Rohingyas, une minorit\u00e9 musulmane qui a fui la Birmanie, ont \u00e9galement \u00e9t\u00e9 affect\u00e9s par les intemp\u00e9ries, avec au moins 10 personnes qui ont trouv\u00e9 la mort et 50.000 touch\u00e9es depuis le d\u00e9but du mois de juillet, selon un rapport des Nations unies.<\/p>\n<p>Une porte-parole de l\u2019Organisation internationale pour les migrations (OIM) a pr\u00e9cis\u00e9 que 4.889 cabanes en b\u00e2ches et bambou ont \u00e9t\u00e9 d\u00e9truites.<\/p>\n<p>Le nord-est de l\u2019Inde a \u00e9galement \u00e9t\u00e9 touch\u00e9 par des inondations, qui ont tu\u00e9 au moins 11 personnes dans l\u2019Etat d\u2019Assam. 20.000 personnes y ont \u00e9t\u00e9 h\u00e9berg\u00e9es dans des camps de secours.<\/p>\n<p>La saison des moussons, de juin \u00e0 septembre, cause des morts et des destructions en Asie du Sud chaque ann\u00e9e. L\u2019an pass\u00e9, plus de 1.200 personnes ont trouv\u00e9 la mort et la r\u00e9gion indienne du Kerala avait subi ses pires inondations en pr\u00e8s de 100 ans.<\/p>\n<p>burs-jul\/sg<\/p>\n<\/div>\n<p>Auteur: AFP<br \/>\n<a href=\"https:\/\/www.journalducameroun.com\/asie-du-sud-la-mousson-fait-plusieurs-dizaines-de-morts\/\">Cliquez ici pour lire l&rsquo;article depuis sa source.<\/a><\/p>\n","protected":false},"excerpt":{"rendered":"<p>Publi\u00e9 le 14.07.2019 \u00e0 15h50 par AFP Des inondations et glissements de terrain caus\u00e9s par une mousson torrentielle ont tu\u00e9 plusieurs dizaines de personnes au N\u00e9pal et dans des camps de r\u00e9fugi\u00e9s Rohingya au Bangladesh, o\u00f9 pr\u00e8s de 5.000 abris ont \u00e9t\u00e9 d\u00e9truits, selon les autorit\u00e9s de ces pays. Au N\u00e9pal, au moins 50 personnes [&hellip;]<\/p>\n","protected":false},"author":1965,"featured_media":0,"comment_status":"closed","ping_status":"closed","sticky":false,"template":"","format":"standard","meta":{"fifu_image_url":"","fifu_image_alt":"","footnotes":""},"categories":[73,82],"tags":[],"class_list":["post-46239","post","type-post","status-publish","format-standard","hentry","category-actualite","category-cameroun"],"_links":{"self":[{"href":"https:\/\/linitiative.ca\/International\/wp-json\/wp\/v2\/posts\/46239","targetHints":{"allow":["GET"]}}],"collection":[{"href":"https:\/\/linitiative.ca\/International\/wp-json\/wp\/v2\/posts"}],"about":[{"href":"https:\/\/linitiative.ca\/International\/wp-json\/wp\/v2\/types\/post"}],"author":[{"embeddable":true,"href":"https:\/\/linitiative.ca\/International\/wp-json\/wp\/v2\/users\/1965"}],"replies":[{"embeddable":true,"href":"https:\/\/linitiative.ca\/International\/wp-json\/wp\/v2\/comments?post=46239"}],"version-history":[{"count":0,"href":"https:\/\/linitiative.ca\/International\/wp-json\/wp\/v2\/posts\/46239\/revisions"}],"wp:attachment":[{"href":"https:\/\/linitiative.ca\/International\/wp-json\/wp\/v2\/media?parent=46239"}],"wp:term":[{"taxonomy":"category","embeddable":true,"href":"https:\/\/linitiative.ca\/International\/wp-json\/wp\/v2\/categories?post=46239"},{"taxonomy":"post_tag","embeddable":true,"href":"https:\/\/linitiative.ca\/International\/wp-json\/wp\/v2\/tags?post=46239"}],"curies":[{"name":"wp","href":"https:\/\/api.w.org\/{rel}","templated":true}]}}