{"id":46240,"date":"2019-07-14T12:18:03","date_gmt":"2019-07-14T16:18:03","guid":{"rendered":"https:\/\/linitiative.ca\/International\/levee-de-la-censure-dinternet-les-tchadiens-entre-joie-et-amertume\/"},"modified":"2019-07-14T12:18:03","modified_gmt":"2019-07-14T16:18:03","slug":"levee-de-la-censure-dinternet-les-tchadiens-entre-joie-et-amertume","status":"publish","type":"post","link":"https:\/\/linitiative.ca\/International\/levee-de-la-censure-dinternet-les-tchadiens-entre-joie-et-amertume\/","title":{"rendered":"Lev\u00e9e de la censure d\u2019Internet : les Tchadiens entre joie et amertume"},"content":{"rendered":"<div readability=\"32\">\n<p>Publi\u00e9 le 14.07.2019 \u00e0 17h18 par APA News<\/p>\n<\/div>\n<div readability=\"97\">\n<p>Apr\u00e8s l\u2019effectivit\u00e9 de la lev\u00e9e de la censure impos\u00e9e sur les r\u00e9seaux sociaux depuis mars 2018, les tchadiens sont partag\u00e9s entre joie et amertume.Les internautes tchadiens se connectent d\u00e9sormais sans passer par l\u2019application VPN qui permettait de contourner la censure. Un retour \u00e0 la normal qui a provoqu\u00e9 la joie chez certains f\u00e9rus des r\u00e9seaux sociaux. Toutefois, des Tchadiens estiment qu\u2019il s\u2019agit d\u2019un droit qui ne devrait pas \u00eatre viol\u00e9 par le gouvernement.\u00a0<\/p>\n<p>La restriction d\u2019Internet a \u00e9t\u00e9 instaur\u00e9e depuis mars 2018, soit plus d\u2019une ann\u00e9e pour \u00ab raison de s\u00e9curit\u00e9 \u00bb. Samedi alors qu\u2019il inaugurait la fibre optique Tchad-Soudan, le pr\u00e9sident tchadien, Idriss D\u00e9by dit avoir \u00ab instruit les services comp\u00e9tents en mati\u00e8re de communication \u00e9lectronique \u00e0 l\u2019effet de lever imm\u00e9diatement toutes les mesures de restriction d\u2019acc\u00e8s \u00e0 tous les r\u00e9seaux sociaux.\u00a0<\/p>\n<p>Aussit\u00f4t dit, aussit\u00f4t fait. Les op\u00e9rateurs de t\u00e9l\u00e9phonie mobile ont lev\u00e9 la restriction en envoyant des messages \u00e0 leurs clients.<\/p>\n<p>\u00ab Adieu VPN \u00bb, s\u2019est exclam\u00e9 Badour Ali, ce dimanche, affirmant, par ailleurs, qu\u2019il vient de d\u00e9sinstaller cette application qui rend la connexion lente et consomme plus de m\u00e9gabits (MB).\u00a0<\/p>\n<p>\u00ab Merci pr\u00e9sident d\u2019avoir pens\u00e9 \u00e0 la jeunesse en levant la restriction sur Internet \u00bb, se r\u00e9jouit un internaute. \u00ab Content de me d\u00e9barrasser du VPN, \u00e7a ralentit trop la connexion \u00bb, lance un autre.\u00a0<\/p>\n<p>Dans la joie de beaucoup d\u2019internautes tchadiens qui se sont pr\u00e9cipit\u00e9s de d\u00e9sinstaller l\u2019application de contournement de la censure, certains trouvent injuste que le gouvernement impose une mesure sans que les raisons de s\u00e9curit\u00e9 ne soient justifi\u00e9es. Pour d\u2019autres, le gouvernement Tchadien a c\u00e9d\u00e9 devant la pression des partenaires qui exigent plus de libert\u00e9 pour les citoyens.\u00a0<\/p>\n<p>Pour Abel Ma\u00efna, activiste tchadien, \u00ab si D\u00e9by a lev\u00e9 la censure, c\u2019est juste \u00e0 cause des prochaines \u00e9lections dont les partenaires exigent plus de droits pour les citoyens et de transparence \u00bb. Ahmat Doungous, lui, estime que \u00ab la censure des r\u00e9seaux sociaux n\u2019a pas emp\u00each\u00e9 les Tchadiens de se connecter, ni appauvrit les citoyens \u00bb. L\u2019activiste d\u2019ajouer que le vrai d\u00e9fi du pr\u00e9sident D\u00e9by, c\u2019est de \u00ab proclamer la r\u00e9duction du co\u00fbt exorbitant de l\u2019Internet au Tchad\u00bb.\u00a0<\/p>\n<p>Une partie des internautes tchadiens estiment qu\u2019il ne faut jamais baisser les bras face \u00e0 cette injustice et la violation des droits de l\u2019homme, car l\u2019utilisation d\u2019Internet est un droit reconnu et consacr\u00e9.\u00a0<\/p>\n<p>Jean Bosco Manga, juriste et activiste, se demande s\u2019il ne faut pas poursuivre les deux op\u00e9rateurs de t\u00e9l\u00e9phonie mobile pour tous les pr\u00e9judices subis.<\/p>\n<p>Entre temps, les tchadiens savourent cette connexion sans VPN oubliant un calvaire de 14 mois de censure.<\/p>\n<\/div>\n<p>Auteur: APA News<br \/>\n<a href=\"https:\/\/www.journalducameroun.com\/levee-de-la-censure-dinternet-les-tchadiens-entre-joie-et-amertume\/\">Cliquez ici pour lire l&rsquo;article depuis sa source.<\/a><\/p>\n","protected":false},"excerpt":{"rendered":"<p>Publi\u00e9 le 14.07.2019 \u00e0 17h18 par APA News Apr\u00e8s l\u2019effectivit\u00e9 de la lev\u00e9e de la censure impos\u00e9e sur les r\u00e9seaux sociaux depuis mars 2018, les tchadiens sont partag\u00e9s entre joie et amertume.Les internautes tchadiens se connectent d\u00e9sormais sans passer par l\u2019application VPN qui permettait de contourner la censure. Un retour \u00e0 la normal qui a [&hellip;]<\/p>\n","protected":false},"author":1965,"featured_media":0,"comment_status":"closed","ping_status":"closed","sticky":false,"template":"","format":"standard","meta":{"fifu_image_url":"","fifu_image_alt":"","footnotes":""},"categories":[73,82],"tags":[],"class_list":["post-46240","post","type-post","status-publish","format-standard","hentry","category-actualite","category-cameroun"],"_links":{"self":[{"href":"https:\/\/linitiative.ca\/International\/wp-json\/wp\/v2\/posts\/46240","targetHints":{"allow":["GET"]}}],"collection":[{"href":"https:\/\/linitiative.ca\/International\/wp-json\/wp\/v2\/posts"}],"about":[{"href":"https:\/\/linitiative.ca\/International\/wp-json\/wp\/v2\/types\/post"}],"author":[{"embeddable":true,"href":"https:\/\/linitiative.ca\/International\/wp-json\/wp\/v2\/users\/1965"}],"replies":[{"embeddable":true,"href":"https:\/\/linitiative.ca\/International\/wp-json\/wp\/v2\/comments?post=46240"}],"version-history":[{"count":0,"href":"https:\/\/linitiative.ca\/International\/wp-json\/wp\/v2\/posts\/46240\/revisions"}],"wp:attachment":[{"href":"https:\/\/linitiative.ca\/International\/wp-json\/wp\/v2\/media?parent=46240"}],"wp:term":[{"taxonomy":"category","embeddable":true,"href":"https:\/\/linitiative.ca\/International\/wp-json\/wp\/v2\/categories?post=46240"},{"taxonomy":"post_tag","embeddable":true,"href":"https:\/\/linitiative.ca\/International\/wp-json\/wp\/v2\/tags?post=46240"}],"curies":[{"name":"wp","href":"https:\/\/api.w.org\/{rel}","templated":true}]}}