{"id":46241,"date":"2019-07-14T12:50:01","date_gmt":"2019-07-14T16:50:01","guid":{"rendered":"https:\/\/linitiative.ca\/International\/golfe-le-qatar-inaugure-sa-plus-grande-base-de-gardes-cotes\/"},"modified":"2019-07-14T12:50:01","modified_gmt":"2019-07-14T16:50:01","slug":"golfe-le-qatar-inaugure-sa-plus-grande-base-de-gardes-cotes","status":"publish","type":"post","link":"https:\/\/linitiative.ca\/International\/golfe-le-qatar-inaugure-sa-plus-grande-base-de-gardes-cotes\/","title":{"rendered":"Golfe: le Qatar inaugure sa plus grande base de gardes-c\u00f4tes"},"content":{"rendered":"<div readability=\"32\">\n<p>Publi\u00e9 le 14.07.2019 \u00e0 17h50 par AFP<\/p>\n<\/div>\n<div readability=\"77\">\n<p>Le Qatar a officiellement inaugur\u00e9 dimanche sa plus grande base de gardes-c\u00f4tes, dans un contexte d\u2019inqui\u00e9tudes grandissantes sur la libert\u00e9 de circulation dans le Golfe.<\/p>\n<p>La base navale Al-Daayen est situ\u00e9e \u00e0 Simaisma, sur la c\u00f4te orientale du pays, \u00e0 30 km au nord de Doha. Outre la surveillance des c\u00f4tes et les secours en mer, cette base de plus de 600.000 m2 a pour objectif de prot\u00e9ger les installations p\u00e9troli\u00e8res offshore de l\u2019\u00e9mirat.<\/p>\n<p>Elle est dot\u00e9e d\u2019un port d\u2019une profondeur de six m\u00e8tres, de postes de commandement, de sites d\u2019entra\u00eenement et de structures m\u00e9dicales, d\u2019un centre de la d\u00e9fense civile, d\u2019ateliers de r\u00e9paration, etc.<\/p>\n<p>L\u2019inauguration s\u2019est d\u00e9roul\u00e9e en pr\u00e9sence du Premier ministre et ministre de l\u2019Int\u00e9rieur Abdallah ben Nasser ben Khalifa Al Thani et du commandant des forces navales am\u00e9ricaines au Moyen-Orient, le vice-amiral James Malloy.<\/p>\n<p>\u00ab\u00a0Cette base nous procure l\u2019occasion de travailler encore plus \u00e9troitement avec les gardes-c\u00f4tes qataris\u00a0\u00bb, s\u2019est f\u00e9licit\u00e9 le commandant de la 5e flotte am\u00e9ricaine bas\u00e9e \u00e0 Bahre\u00efn.<\/p>\n<p>Le Qatar h\u00e9berge la plus importante base am\u00e9ricaine au Moyen-Orient et reste un alli\u00e9 cl\u00e9 des Etats-Unis dans la r\u00e9gion.<\/p>\n<p>Interrog\u00e9 par les journalistes sur les tensions r\u00e9gionales avec l\u2019Iran, le vice-amiral Malloy a affirm\u00e9 que sa priorit\u00e9 \u00e9tait \u00ab\u00a0la s\u00e9curit\u00e9 maritime dans cette r\u00e9gion\u00a0\u00bb.<\/p>\n<p>Les Etats-Unis ont confirm\u00e9 jeudi leur intention de former une coalition internationale pour escorter les navires de commerce dans le Golfe au lendemain d\u2019un incident avec la marine iranienne qui a, selon Londres, tent\u00e9 de bloquer le passage d\u2019un p\u00e9trolier britannique dans le d\u00e9troit d\u2019Ormuz. L\u2019Iran a ni\u00e9 toute confrontation.<\/p>\n<p>Le Qatar dispose d\u2019une autre importante base de gardes-c\u00f4tes \u00e0 Port-Hamad, \u00e0 20 km au sud de Doha.<\/p>\n<\/div>\n<p>Auteur: AFP<br \/>\n<a href=\"https:\/\/www.journalducameroun.com\/golfe-le-qatar-inaugure-sa-plus-grande-base-de-gardes-cotes\/\">Cliquez ici pour lire l&rsquo;article depuis sa source.<\/a><\/p>\n","protected":false},"excerpt":{"rendered":"<p>Publi\u00e9 le 14.07.2019 \u00e0 17h50 par AFP Le Qatar a officiellement inaugur\u00e9 dimanche sa plus grande base de gardes-c\u00f4tes, dans un contexte d\u2019inqui\u00e9tudes grandissantes sur la libert\u00e9 de circulation dans le Golfe. La base navale Al-Daayen est situ\u00e9e \u00e0 Simaisma, sur la c\u00f4te orientale du pays, \u00e0 30 km au nord de Doha. Outre la [&hellip;]<\/p>\n","protected":false},"author":1965,"featured_media":0,"comment_status":"closed","ping_status":"closed","sticky":false,"template":"","format":"standard","meta":{"fifu_image_url":"","fifu_image_alt":"","footnotes":""},"categories":[73,82],"tags":[],"class_list":["post-46241","post","type-post","status-publish","format-standard","hentry","category-actualite","category-cameroun"],"_links":{"self":[{"href":"https:\/\/linitiative.ca\/International\/wp-json\/wp\/v2\/posts\/46241","targetHints":{"allow":["GET"]}}],"collection":[{"href":"https:\/\/linitiative.ca\/International\/wp-json\/wp\/v2\/posts"}],"about":[{"href":"https:\/\/linitiative.ca\/International\/wp-json\/wp\/v2\/types\/post"}],"author":[{"embeddable":true,"href":"https:\/\/linitiative.ca\/International\/wp-json\/wp\/v2\/users\/1965"}],"replies":[{"embeddable":true,"href":"https:\/\/linitiative.ca\/International\/wp-json\/wp\/v2\/comments?post=46241"}],"version-history":[{"count":0,"href":"https:\/\/linitiative.ca\/International\/wp-json\/wp\/v2\/posts\/46241\/revisions"}],"wp:attachment":[{"href":"https:\/\/linitiative.ca\/International\/wp-json\/wp\/v2\/media?parent=46241"}],"wp:term":[{"taxonomy":"category","embeddable":true,"href":"https:\/\/linitiative.ca\/International\/wp-json\/wp\/v2\/categories?post=46241"},{"taxonomy":"post_tag","embeddable":true,"href":"https:\/\/linitiative.ca\/International\/wp-json\/wp\/v2\/tags?post=46241"}],"curies":[{"name":"wp","href":"https:\/\/api.w.org\/{rel}","templated":true}]}}