{"id":46247,"date":"2019-07-14T17:50:02","date_gmt":"2019-07-14T21:50:02","guid":{"rendered":"https:\/\/linitiative.ca\/International\/lalgerie-bat-le-nigeria-2-a-1-et-rejoint-le-senegal-en-finale-de-la-can-2019\/"},"modified":"2019-07-14T17:50:02","modified_gmt":"2019-07-14T21:50:02","slug":"lalgerie-bat-le-nigeria-2-a-1-et-rejoint-le-senegal-en-finale-de-la-can-2019","status":"publish","type":"post","link":"https:\/\/linitiative.ca\/International\/lalgerie-bat-le-nigeria-2-a-1-et-rejoint-le-senegal-en-finale-de-la-can-2019\/","title":{"rendered":"L\u2019Alg\u00e9rie bat le Nigeria 2 \u00e0 1 et rejoint le S\u00e9n\u00e9gal en finale de la CAN-2019"},"content":{"rendered":"<div readability=\"32\">\n<p>Publi\u00e9 le 14.07.2019 \u00e0 22h50 par AFP<\/p>\n<\/div>\n<div readability=\"44\">\n<p>L\u2019Alg\u00e9rie s\u2019est qualifi\u00e9 pour la finale de la Coupe d\u2019Afrique des Nations gr\u00e2ce \u00e0 sa victoire 2-1 contre le Nigeria, dimanche au Caire, et rejoint ainsi le S\u00e9n\u00e9gal, tombeur plus t\u00f4t dans la journ\u00e9e de la Tunisie (1-0 a.p.)<\/p>\n<p>Les Fennecs de Djamel Belmadi ont ouvert le score \u00e0 la 40e avec l\u2019aide involontaire du Nig\u00e9rian William Ekong, avant qu\u2019Odion Ighalo et ses Super Eagles ne r\u00e9pliquent \u00e0 la 73e sur penalty. Dans le temps additionnel, l\u2019Alg\u00e9rien Riyad Mahrez a d\u00e9livr\u00e9 ses \u00e9quipiers d\u2019une frappe puissante.<\/p>\n<\/div>\n<p>Auteur: AFP<br \/>\n<a href=\"https:\/\/www.journalducameroun.com\/lalgerie-bat-le-nigeria-2-a-1-et-rejoint-le-senegal-en-finale-de-la-can-2019\/\">Cliquez ici pour lire l&rsquo;article depuis sa source.<\/a><\/p>\n","protected":false},"excerpt":{"rendered":"<p>Publi\u00e9 le 14.07.2019 \u00e0 22h50 par AFP L\u2019Alg\u00e9rie s\u2019est qualifi\u00e9 pour la finale de la Coupe d\u2019Afrique des Nations gr\u00e2ce \u00e0 sa victoire 2-1 contre le Nigeria, dimanche au Caire, et rejoint ainsi le S\u00e9n\u00e9gal, tombeur plus t\u00f4t dans la journ\u00e9e de la Tunisie (1-0 a.p.) Les Fennecs de Djamel Belmadi ont ouvert le score [&hellip;]<\/p>\n","protected":false},"author":1965,"featured_media":0,"comment_status":"closed","ping_status":"closed","sticky":false,"template":"","format":"standard","meta":{"fifu_image_url":"","fifu_image_alt":"","footnotes":""},"categories":[73,82],"tags":[],"class_list":["post-46247","post","type-post","status-publish","format-standard","hentry","category-actualite","category-cameroun"],"_links":{"self":[{"href":"https:\/\/linitiative.ca\/International\/wp-json\/wp\/v2\/posts\/46247","targetHints":{"allow":["GET"]}}],"collection":[{"href":"https:\/\/linitiative.ca\/International\/wp-json\/wp\/v2\/posts"}],"about":[{"href":"https:\/\/linitiative.ca\/International\/wp-json\/wp\/v2\/types\/post"}],"author":[{"embeddable":true,"href":"https:\/\/linitiative.ca\/International\/wp-json\/wp\/v2\/users\/1965"}],"replies":[{"embeddable":true,"href":"https:\/\/linitiative.ca\/International\/wp-json\/wp\/v2\/comments?post=46247"}],"version-history":[{"count":0,"href":"https:\/\/linitiative.ca\/International\/wp-json\/wp\/v2\/posts\/46247\/revisions"}],"wp:attachment":[{"href":"https:\/\/linitiative.ca\/International\/wp-json\/wp\/v2\/media?parent=46247"}],"wp:term":[{"taxonomy":"category","embeddable":true,"href":"https:\/\/linitiative.ca\/International\/wp-json\/wp\/v2\/categories?post=46247"},{"taxonomy":"post_tag","embeddable":true,"href":"https:\/\/linitiative.ca\/International\/wp-json\/wp\/v2\/tags?post=46247"}],"curies":[{"name":"wp","href":"https:\/\/api.w.org\/{rel}","templated":true}]}}