{"id":46278,"date":"2019-07-15T03:56:50","date_gmt":"2019-07-15T07:56:50","guid":{"rendered":"https:\/\/linitiative.ca\/International\/la-tunisie-2eme-plus-gros-pecheur-de-requins-de-la-mediterranee-selon-le-fonds-mondial-pour-la-nature\/"},"modified":"2019-07-15T03:56:50","modified_gmt":"2019-07-15T07:56:50","slug":"la-tunisie-2eme-plus-gros-pecheur-de-requins-de-la-mediterranee-selon-le-fonds-mondial-pour-la-nature","status":"publish","type":"post","link":"https:\/\/linitiative.ca\/International\/la-tunisie-2eme-plus-gros-pecheur-de-requins-de-la-mediterranee-selon-le-fonds-mondial-pour-la-nature\/","title":{"rendered":"La Tunisie, 2\u00e8me plus gros p\u00eacheur de requins de la M\u00e9diterran\u00e9e selon le Fonds mondial pour la Nature"},"content":{"rendered":"<p>La Tunisie vient d\u2019\u00eatre class\u00e9e comme le deuxi\u00e8me plus gros p\u00eacheur de requins de la M\u00e9diterran\u00e9e apr\u00e8s la Libye, r\u00e9v\u00e8le un rapport qui vient d\u2019\u00eatre publi\u00e9, par le Fonds mondial pour la nature (WWF), \u00e0 l\u2019occasion de la journ\u00e9e mondiale des requins c\u00e9l\u00e9br\u00e9e le 14 juillet de chaque ann\u00e9e.<\/p>\n<p>La Tunisie (4.161 tonnes) et la Libye (4.260 tonnes) assurent des prises trois fois sup\u00e9rieures \u00e0 celles de l\u0092Italie (1.347 tonnes) et de l\u0092Egypte (1.141 tonnes), ajoute l\u2019organisation dans son rapport intitul\u00e9 \u00a0\u00bb Les requins en crise : un appel \u00e0 l\u0092action pour la M\u00e9diterran\u00e9e \u00ab\u00a0.<\/p>\n<p>Plus de la moiti\u00e9 des esp\u00e8ces de requins et de raies de la mer sont menac\u00e9s dans la r\u00e9gion m\u00e9diterran\u00e9enne, indique la m\u00eame source, soulignant que pr\u00e8s d\u0092un tiers est p\u00each\u00e9 \u00e0 un niveau critique d\u0092extinction.<\/p>\n<p>Et de souligner que pas moins de de 60 esp\u00e8ces ont \u00e9t\u00e9 r\u00e9pertori\u00e9es dans les chaluts. Dans certaines zones, les requins et les raies repr\u00e9sentent plus du tiers des captures totales \u00e0 la palangre. D\u0092\u00e9normes quantit\u00e9s de requins sont captur\u00e9s par des filets d\u00e9rivants et ill\u00e9gaux.<\/p>\n<p>L\u2019organisation a, par ailleurs, \u00e9voqu\u00e9 d\u2019autres menaces, pesant sur les requins de la M\u00e9diterran\u00e9e. En effet, outre la p\u00eache, les requins sont confront\u00e9s ing\u00e8rent ou s\u0092\u00e9tranglent avec des morceaux de plastique.<\/p>\n<p>Ils sont \u00e9galement la cible d\u0092un commerce ill\u00e9gal, rel\u00e8ve la m\u00eame source, expliquant que des analyses ADN ont montr\u00e9 que de nombreux consommateurs pensant manger de l\u0092espadon de M\u00e9diterran\u00e9e, retrouvent de la viande de requin dans leur assiette.<\/p>\n<p>Ce qui repr\u00e9sente, selon WWF, des risques pour la sant\u00e9 humaine, en raison des concentrations de mercure qui d\u00e9passent largement les limites l\u00e9gales de s\u00e9curit\u00e9 fix\u00e9es pour certaines esp\u00e8ces de requins.<\/p>\n<p>Dans ce rapport, l\u2019organisation a appel\u00e9 les p\u00eacheurs et gestionnaires de la p\u00eache \u00e0 \u00e9viter de p\u00eacher dans les habitats critiques comme les nurseries et \u00e0 utiliser des engins adapt\u00e9s pour \u00e9liminer les prises accessoires.<\/p>\n<p>Elle a \u00e9galement mis l\u2019accent sur la n\u00e9cessit\u00e9 d\u0092am\u00e9liorer les connaissances sur les populations de requins et les esp\u00e8ces commercialis\u00e9es afin de renforcer les efforts de conservation et assurer la transparence et la l\u00e9galit\u00e9 du secteur de la p\u00eache.<\/p>\n<p>\u00a0\u00bb Les requins pourraient dispara\u00eetre de la M\u00e9diterran\u00e9e. Leur d\u00e9clin rapide est l\u0092indicateur le plus s\u00e9rieux du mauvais \u00e9tat de sant\u00e9 de la mer et des pratiques de p\u00eache irresponsables. Tous les pays m\u00e9diterran\u00e9ens sont responsables. Les requins font partie de notre mer et de notre culture depuis des milliers d\u0092ann\u00e9es. Nous devons agir rapidement pour assurer leur survie dans le futur \u00ab\u00a0, souligne Giuseppe Di Carlo, directeur du WWF cit\u00e9 par un communiqu\u00e9 de l\u2019organisation.<\/p>\n<p>Les requins sont des animaux particuli\u00e8rement vuln\u00e9rables. Ils ont du mal \u00e0 se remettre du d\u00e9clin de leur population. Ils ont tendance \u00e0 cro\u00eetre lentement, ils arrivent tard \u00e0 maturit\u00e9 et produisent peu de jeunes apr\u00e8s de longues p\u00e9riodes de gestation.<\/p>\n<p class=\"dpsp-share-text\">Partager c&rsquo;est aimer!<\/p>\n<div class=\"wp-post-author-wrap wp-post-author-shortcode left\">\n<h3 class=\"awpa-title\"\/>\n<div class=\"wp-post-author\">\n<div class=\"awpa-img awpa-author-block square\"><a href=\"http:\/\/lexpertjournal.net\/fr\/author\/expert\/\"><img loading=\"lazy\" decoding=\"async\" alt=\"\" src=\"http:\/\/2.gravatar.com\/avatar\/56d99be2a6f97af88ccb49fada637fcd?s=150&#038;d=mm&#038;r=g\" srcset=\"http:\/\/2.gravatar.com\/avatar\/56d99be2a6f97af88ccb49fada637fcd?s=300&#038;d=mm&#038;r=g 2x\" class=\"avatar avatar-150 photo\" height=\"150\" width=\"150\"\/><\/a><\/div>\n<\/div>\n<\/div>\n<p>Auteur: L&rsquo;expert<br \/>\n<a href=\"http:\/\/lexpertjournal.net\/fr\/2019\/07\/15\/la-tunisie-2eme-plus-gros-pecheur-de-requins-de-la-mediterranee-selon-le-fonds-mondial-pour-la-nature\/\">Cliquez ici pour lire l&rsquo;article depuis sa source.<\/a><\/p>\n","protected":false},"excerpt":{"rendered":"<p>La Tunisie vient d\u2019\u00eatre class\u00e9e comme le deuxi\u00e8me plus gros p\u00eacheur de requins de la M\u00e9diterran\u00e9e apr\u00e8s la Libye, r\u00e9v\u00e8le un rapport qui vient d\u2019\u00eatre publi\u00e9, par le Fonds mondial pour la nature (WWF), \u00e0 l\u2019occasion de la journ\u00e9e mondiale des requins c\u00e9l\u00e9br\u00e9e le 14 juillet de chaque ann\u00e9e. La Tunisie (4.161 tonnes) et la [&hellip;]<\/p>\n","protected":false},"author":1775,"featured_media":0,"comment_status":"closed","ping_status":"closed","sticky":false,"template":"","format":"standard","meta":{"fifu_image_url":"","fifu_image_alt":"","footnotes":""},"categories":[78,55],"tags":[],"class_list":["post-46278","post","type-post","status-publish","format-standard","hentry","category-economie","category-tunisie"],"_links":{"self":[{"href":"https:\/\/linitiative.ca\/International\/wp-json\/wp\/v2\/posts\/46278","targetHints":{"allow":["GET"]}}],"collection":[{"href":"https:\/\/linitiative.ca\/International\/wp-json\/wp\/v2\/posts"}],"about":[{"href":"https:\/\/linitiative.ca\/International\/wp-json\/wp\/v2\/types\/post"}],"author":[{"embeddable":true,"href":"https:\/\/linitiative.ca\/International\/wp-json\/wp\/v2\/users\/1775"}],"replies":[{"embeddable":true,"href":"https:\/\/linitiative.ca\/International\/wp-json\/wp\/v2\/comments?post=46278"}],"version-history":[{"count":0,"href":"https:\/\/linitiative.ca\/International\/wp-json\/wp\/v2\/posts\/46278\/revisions"}],"wp:attachment":[{"href":"https:\/\/linitiative.ca\/International\/wp-json\/wp\/v2\/media?parent=46278"}],"wp:term":[{"taxonomy":"category","embeddable":true,"href":"https:\/\/linitiative.ca\/International\/wp-json\/wp\/v2\/categories?post=46278"},{"taxonomy":"post_tag","embeddable":true,"href":"https:\/\/linitiative.ca\/International\/wp-json\/wp\/v2\/tags?post=46278"}],"curies":[{"name":"wp","href":"https:\/\/api.w.org\/{rel}","templated":true}]}}