{"id":46279,"date":"2019-07-15T03:59:29","date_gmt":"2019-07-15T07:59:29","guid":{"rendered":"https:\/\/linitiative.ca\/International\/interdiction-du-niqab-le-gouvernement-ne-renoncera-pas-a-sa-decision\/"},"modified":"2019-07-15T03:59:29","modified_gmt":"2019-07-15T07:59:29","slug":"interdiction-du-niqab-le-gouvernement-ne-renoncera-pas-a-sa-decision","status":"publish","type":"post","link":"https:\/\/linitiative.ca\/International\/interdiction-du-niqab-le-gouvernement-ne-renoncera-pas-a-sa-decision\/","title":{"rendered":"Interdiction du niqab : Le gouvernement ne renoncera pas \u00e0 sa d\u00e9cision"},"content":{"rendered":"<p>La circulaire gouvernementale interdisant \u00e0 toute personne dont le visage n\u2019est pas d\u00e9couvert l\u2019acc\u00e8s aux administrations, institutions et \u00e9tablissements publics, \u201creste en vigueur et il n\u2019y a pas d\u2019intention de l\u2019annuler\u201d, a d\u00e9clar\u00e9 le porte parole du gouvernement, Iyad Dhamani, samedi soir \u00e0 l\u2019agence TAP.<\/p>\n<p>\u201cLes informations faisant \u00e9tat du renoncement du gouvernement \u00e0 cette circulaire qui interdit aux personnes au visage non d\u00e9couvert d\u2019entr\u00e9e dans les si\u00e8ges des \u00e9tablissements publics sont d\u00e9nu\u00e9es de fondement\u201d, a-t-il pr\u00e9cis\u00e9.<\/p>\n<p>Le Chef du gouvernement Youssef Chahed a adress\u00e9 le 5 juillet courant une circulaire gouvernementale aux ministres, secr\u00e9taires d\u2019Etat, gouverneurs et pr\u00e9sidents des collectivit\u00e9s locales, institutions et \u00e9tablissements publics r\u00e9gissant les proc\u00e9dures de s\u00e9curit\u00e9 dans les \u00e9tablissements publics, rappelle-t-on.<\/p>\n<p>Il a soulign\u00e9 dans cette circulaire qu\u2019il \u201cimporte de prendre les mesures n\u00e9cessaires afin d\u2019interdire \u00e0 toute personne au visage non d\u00e9couvert d\u2019acc\u00e9der aux si\u00e8ges des \u00e9tablissements publics, dans le cadre de la pr\u00e9servation de l\u2019ordre g\u00e9n\u00e9ral, le bon d\u00e9roulement du service public et la garante de meilleures conditions de s\u00e9curit\u00e9\u201d.<\/p>\n<p class=\"dpsp-share-text\">Partager c&rsquo;est aimer!<\/p>\n<div class=\"wp-post-author-wrap wp-post-author-shortcode left\">\n<h3 class=\"awpa-title\"\/>\n<div class=\"wp-post-author\">\n<div class=\"awpa-img awpa-author-block square\"><a href=\"http:\/\/lexpertjournal.net\/fr\/author\/expert\/\"><img loading=\"lazy\" decoding=\"async\" alt=\"\" src=\"http:\/\/2.gravatar.com\/avatar\/56d99be2a6f97af88ccb49fada637fcd?s=150&#038;d=mm&#038;r=g\" srcset=\"http:\/\/2.gravatar.com\/avatar\/56d99be2a6f97af88ccb49fada637fcd?s=300&#038;d=mm&#038;r=g 2x\" class=\"avatar avatar-150 photo\" height=\"150\" width=\"150\"\/><\/a><\/div>\n<\/div>\n<\/div>\n<p>Auteur: L&rsquo;expert<br \/>\n<a href=\"http:\/\/lexpertjournal.net\/fr\/2019\/07\/15\/interdiction-du-niqab-le-gouvernement-ne-renoncera-pas-a-sa-decision\/\">Cliquez ici pour lire l&rsquo;article depuis sa source.<\/a><\/p>\n","protected":false},"excerpt":{"rendered":"<p>La circulaire gouvernementale interdisant \u00e0 toute personne dont le visage n\u2019est pas d\u00e9couvert l\u2019acc\u00e8s aux administrations, institutions et \u00e9tablissements publics, \u201creste en vigueur et il n\u2019y a pas d\u2019intention de l\u2019annuler\u201d, a d\u00e9clar\u00e9 le porte parole du gouvernement, Iyad Dhamani, samedi soir \u00e0 l\u2019agence TAP. \u201cLes informations faisant \u00e9tat du renoncement du gouvernement \u00e0 cette [&hellip;]<\/p>\n","protected":false},"author":1775,"featured_media":0,"comment_status":"closed","ping_status":"closed","sticky":false,"template":"","format":"standard","meta":{"fifu_image_url":"","fifu_image_alt":"","footnotes":""},"categories":[78,55],"tags":[],"class_list":["post-46279","post","type-post","status-publish","format-standard","hentry","category-economie","category-tunisie"],"_links":{"self":[{"href":"https:\/\/linitiative.ca\/International\/wp-json\/wp\/v2\/posts\/46279","targetHints":{"allow":["GET"]}}],"collection":[{"href":"https:\/\/linitiative.ca\/International\/wp-json\/wp\/v2\/posts"}],"about":[{"href":"https:\/\/linitiative.ca\/International\/wp-json\/wp\/v2\/types\/post"}],"author":[{"embeddable":true,"href":"https:\/\/linitiative.ca\/International\/wp-json\/wp\/v2\/users\/1775"}],"replies":[{"embeddable":true,"href":"https:\/\/linitiative.ca\/International\/wp-json\/wp\/v2\/comments?post=46279"}],"version-history":[{"count":0,"href":"https:\/\/linitiative.ca\/International\/wp-json\/wp\/v2\/posts\/46279\/revisions"}],"wp:attachment":[{"href":"https:\/\/linitiative.ca\/International\/wp-json\/wp\/v2\/media?parent=46279"}],"wp:term":[{"taxonomy":"category","embeddable":true,"href":"https:\/\/linitiative.ca\/International\/wp-json\/wp\/v2\/categories?post=46279"},{"taxonomy":"post_tag","embeddable":true,"href":"https:\/\/linitiative.ca\/International\/wp-json\/wp\/v2\/tags?post=46279"}],"curies":[{"name":"wp","href":"https:\/\/api.w.org\/{rel}","templated":true}]}}