{"id":46280,"date":"2019-07-15T04:32:08","date_gmt":"2019-07-15T08:32:08","guid":{"rendered":"https:\/\/linitiative.ca\/International\/renaud-muselier-president-de-la-region-provence-alpes-cote-dazur-a-tunis-pour-renforcer-les-relations-entre-le-gouvernorat-de-tunis-et-provence-alpes-cote-dazur\/"},"modified":"2019-07-15T04:32:08","modified_gmt":"2019-07-15T08:32:08","slug":"renaud-muselier-president-de-la-region-provence-alpes-cote-dazur-a-tunis-pour-renforcer-les-relations-entre-le-gouvernorat-de-tunis-et-provence-alpes-cote-dazur","status":"publish","type":"post","link":"https:\/\/linitiative.ca\/International\/renaud-muselier-president-de-la-region-provence-alpes-cote-dazur-a-tunis-pour-renforcer-les-relations-entre-le-gouvernorat-de-tunis-et-provence-alpes-cote-dazur\/","title":{"rendered":"Renaud MUSELIER, Pr\u00e9sident de la R\u00e9gion Provence-Alpes-C\u00f4te d\u2019Azur,  \u00e0 Tunis pour renforcer les relations entre le gouvernorat de Tunis et Provence-Alpes-C\u00f4te d\u2019Azur"},"content":{"rendered":"<p>Accompagn\u00e9 d\u2019une d\u00e9l\u00e9gation r\u00e9gionale compos\u00e9e de repr\u00e9sentants du monde portuaire, du monde de la<br \/>culture, de l\u2019enseignement sup\u00e9rieur, de la protection de l\u2019environnement, Renaud Muselier, Pr\u00e9sident de<br \/>la R\u00e9gion Provence-Alpes-C\u00f4te d\u2019Azur, sera en visite officielle en Tunisie du 14 au 16 juillet.<br \/>Il sera successivement re\u00e7u par :<br \/>\u2022 M. le Gouverneur de Tunis, Chedly BOUALLEGUE<br \/>\u2022 M. le Ministre des Affaires Locales et de l\u2019Environnement, Mokhtar HAMMAMI<br \/>\u2022 M. le Ministre de l\u2019Agriculture, de la P\u00eache et des Ressources hydrauliques, Samir TA\u00cfEB<br \/>\u2022 M. le Ministre des Technologies, de la Communication et de l\u2019Economie num\u00e9rique, Anouar<br \/>MAAROUF<br \/>\u2022 M. le Ministre du Tourisme et de l\u2019Artisanat, Ren\u00e9 TRABELSI<br \/>\u2022 M. le Secr\u00e9taire d\u2019Etat \u00e0 la diplomatie \u00e9conomique, Hatem Ferjani<br \/>Pour Renaud MUSELIER, ce d\u00e9placement vise \u00e0 obtenir des r\u00e9sultats concrets dans la strat\u00e9gie<br \/>M\u00e9diterran\u00e9e du Futur lanc\u00e9e en novembre 2017 : \u00ab Plus que jamais, dans une p\u00e9riode o\u00f9 Tunisie comme<br \/>France sont confront\u00e9s aux d\u00e9fis du terrorisme, du r\u00e9chauffement climatique et de l\u2019avenir \u00e9conomique et<br \/>social de la M\u00e9diterran\u00e9e, nous devons b\u00e2tir des ponts entre nous. C\u2019est tout le sens de mon d\u00e9placement :<br \/>avec ma d\u00e9l\u00e9gation, nous serons re\u00e7us au plus haut niveau de l\u2019Etat tunisien, mais nous nouerons aussi avec<br \/>des acteurs du territoire de Tunis des partenariats concrets sur l\u2019ensemble des sujets qui nous unissent.<br \/>Les peuples m\u00e9diterran\u00e9ens savent que leurs destins sont intimement li\u00e9s, et les R\u00e9gions comme les<br \/>Gouvernorats, se trouvent \u00e0 un niveau plus proche des peuples. Ils sont capables de mener une diplomatie<br \/>compl\u00e9mentaire \u00e0 celle des Etats, jamais concurrente ni parall\u00e8le. Avec le Gouverneur de Tunis, nous<br \/>entretenons une relation d\u2019amiti\u00e9 importante et je voulais lui t\u00e9moigner tout mon soutien \u00e0 la suite des<br \/>attentats qui ont frapp\u00e9 sa ville. Nous aurons d\u2019ailleurs l\u2019occasion de nous recueillir ensemble sur les lieux du<br \/>double attentat du 27 juin dernier, mais aussi au Mus\u00e9e du Bardo en hommage aux victimes de mars 2015.<br \/>Nous sommes, sur nos deux rives, unis par les m\u00eames sujets :<br \/>\u2022 L\u2019\u00e9lectrification \u00e0 quai des navires sur les ports de Tunis et Marseille : pour obtenir de vrais r\u00e9sultats<br \/>\u00e0 Marseille, il faut que les navires de la Compagnie Tunisienne de Navigation puissent aussi se<br \/>brancher \u00e0 Tunis ! Nous allons donc contribuer \u00e0 la qualit\u00e9 de l\u2019air \u00e0 Marseille en rencontrant, avec<br \/>le Directeur g\u00e9n\u00e9ral du Grand Port maritime de Marseille Herv\u00e9 MARTEL, les d\u00e9cideurs du Port de la<br \/>Goulette \u00e0 Tunis pour avancer sur ce dossier.<br \/>\u2022 La formation et l\u2019enseignement sup\u00e9rieur, c\u2019est pourquoi le Pr\u00e9sident de l\u2019Universit\u00e9 d\u2019Aix-Marseille<br \/>Yvon BERLAND sera \u00e0 mes c\u00f4t\u00e9s pour avancer sur des partenariats avec deux universit\u00e9s<br \/>tunisiennes.<\/p>\n<p>\u2022 La lutte contre les incendies, c\u2019est pourquoi Luc LANGERON, Directeur de l\u2019Entente pour la for\u00eat<br \/>m\u00e9diterran\u00e9enne, m\u2019accompagnera pour mettre en place une strat\u00e9gie commune avec le Ministre<br \/>tunisien en charge de ces questions.<br \/>\u2022 L\u2019acc\u00e8s \u00e0 la culture, Jan GOOSSENS (Directeur du Festival de Marseille) et Serge NOYELLE (Directeur<br \/>du Th\u00e9\u00e2tre Nono) seront avec moi pour rencontrer les acteurs culturels de Tunis et mettre en place<br \/>des partenariats sur ce sujet capital, vecteur de libert\u00e9 et d\u2019imagination.<br \/>\u2022 La protection de la biodiversit\u00e9 m\u00e9diterran\u00e9enne, et c\u2019est pourquoi Jean JALBERT, Directeur de la<br \/>Tour du Valat pour la conservation des zones humides en M\u00e9diterran\u00e9e, sera pr\u00e9sent \u00e0 mes c\u00f4t\u00e9s<br \/>tout au long du d\u00e9placement.<br \/>B\u00e2tir du concret, \u00e9changer nos exp\u00e9riences pour am\u00e9liorer notre gestion des multiples d\u00e9fis que nous avons<br \/>en commun, et bien s\u00fbr obtenir des r\u00e9sultats collectifs : voil\u00e0 la philosophie de notre diplomatie territoriale,<br \/>dans la droite ligne de la strat\u00e9gie M\u00e9diterran\u00e9e du Futur. \u00bb<\/p>\n<p class=\"dpsp-share-text\">Partager c&rsquo;est aimer!<\/p>\n<div class=\"wp-post-author-wrap wp-post-author-shortcode left\">\n<h3 class=\"awpa-title\"\/>\n<div class=\"wp-post-author\">\n<div class=\"awpa-img awpa-author-block square\"><a href=\"http:\/\/lexpertjournal.net\/fr\/author\/expert\/\"><img loading=\"lazy\" decoding=\"async\" alt=\"\" src=\"http:\/\/2.gravatar.com\/avatar\/56d99be2a6f97af88ccb49fada637fcd?s=150&#038;d=mm&#038;r=g\" srcset=\"http:\/\/2.gravatar.com\/avatar\/56d99be2a6f97af88ccb49fada637fcd?s=300&#038;d=mm&#038;r=g 2x\" class=\"avatar avatar-150 photo\" height=\"150\" width=\"150\"\/><\/a><\/div>\n<\/div>\n<\/div>\n<p>Auteur: L&rsquo;expert<br \/>\n<a href=\"http:\/\/lexpertjournal.net\/fr\/2019\/07\/15\/renaud-muselier-president-de-la-region-provence-alpes-cote-dazur-a-tunis-pour-renforcer-les-relations-entre-le-gouvernorat-de-tunis-et-provence-alpes-cote-dazur\/\">Cliquez ici pour lire l&rsquo;article depuis sa source.<\/a><\/p>\n","protected":false},"excerpt":{"rendered":"<p>Accompagn\u00e9 d\u2019une d\u00e9l\u00e9gation r\u00e9gionale compos\u00e9e de repr\u00e9sentants du monde portuaire, du monde de laculture, de l\u2019enseignement sup\u00e9rieur, de la protection de l\u2019environnement, Renaud Muselier, Pr\u00e9sident dela R\u00e9gion Provence-Alpes-C\u00f4te d\u2019Azur, sera en visite officielle en Tunisie du 14 au 16 juillet.Il sera successivement re\u00e7u par :\u2022 M. le Gouverneur de Tunis, Chedly BOUALLEGUE\u2022 M. le Ministre [&hellip;]<\/p>\n","protected":false},"author":1775,"featured_media":0,"comment_status":"closed","ping_status":"closed","sticky":false,"template":"","format":"standard","meta":{"fifu_image_url":"","fifu_image_alt":"","footnotes":""},"categories":[78,55],"tags":[],"class_list":["post-46280","post","type-post","status-publish","format-standard","hentry","category-economie","category-tunisie"],"_links":{"self":[{"href":"https:\/\/linitiative.ca\/International\/wp-json\/wp\/v2\/posts\/46280","targetHints":{"allow":["GET"]}}],"collection":[{"href":"https:\/\/linitiative.ca\/International\/wp-json\/wp\/v2\/posts"}],"about":[{"href":"https:\/\/linitiative.ca\/International\/wp-json\/wp\/v2\/types\/post"}],"author":[{"embeddable":true,"href":"https:\/\/linitiative.ca\/International\/wp-json\/wp\/v2\/users\/1775"}],"replies":[{"embeddable":true,"href":"https:\/\/linitiative.ca\/International\/wp-json\/wp\/v2\/comments?post=46280"}],"version-history":[{"count":0,"href":"https:\/\/linitiative.ca\/International\/wp-json\/wp\/v2\/posts\/46280\/revisions"}],"wp:attachment":[{"href":"https:\/\/linitiative.ca\/International\/wp-json\/wp\/v2\/media?parent=46280"}],"wp:term":[{"taxonomy":"category","embeddable":true,"href":"https:\/\/linitiative.ca\/International\/wp-json\/wp\/v2\/categories?post=46280"},{"taxonomy":"post_tag","embeddable":true,"href":"https:\/\/linitiative.ca\/International\/wp-json\/wp\/v2\/tags?post=46280"}],"curies":[{"name":"wp","href":"https:\/\/api.w.org\/{rel}","templated":true}]}}