{"id":46287,"date":"2019-07-15T06:00:00","date_gmt":"2019-07-15T10:00:00","guid":{"rendered":"https:\/\/linitiative.ca\/International\/la-sonnette-dalarme\/"},"modified":"2019-07-15T06:00:00","modified_gmt":"2019-07-15T10:00:00","slug":"la-sonnette-dalarme","status":"publish","type":"post","link":"https:\/\/linitiative.ca\/International\/la-sonnette-dalarme\/","title":{"rendered":"La sonnette d\u2019alarme"},"content":{"rendered":"<div id=\"originalText\" readability=\"68\">\n<p>Les responsables de la ville de Bordj Bou-Arr\u00e9ridj ne savent pas o\u00f9 en est la qualit\u00e9 de l\u2019air que les habitants respirent. Ils ne pourront pas non plus le savoir tant qu\u2019ils n\u2019\u00e9quiperont pas leur ville d\u2019une station de mesure de qualit\u00e9 de l\u2019air.\u00a0<\/p>\n<p>Mais les chiffres dont disposent actuellement des universitaires sont suffisants pour pousser les parties concern\u00e9es \u00e0 tirer la sonnette d\u2019alarme. Car la pollution atmosph\u00e9rique est consid\u00e9r\u00e9e aujourd\u2019hui comme l\u2019une des causes majeures de millions de d\u00e9c\u00e8s chaque ann\u00e9e dans le monde. La pr\u00e9valence des maladies respiratoires dans certaines villes comme Bordj Bou-Arr\u00e9ridj est un signal alarmant. C\u2019est justement l\u2019inqui\u00e9tude exprim\u00e9e par le mouvement associatif depuis des ann\u00e9es et avec insistance, ces derniers temps. La succession des d\u00e9c\u00e8s, arr\u00eats cardiaques, ainsi que le nombre \u00e9lev\u00e9 de canc\u00e9reux et d\u2019asthmatiques enregistr\u00e9s dans la ville, ces derni\u00e8res ann\u00e9es, ne laissent pas indiff\u00e9rents. Si les autorit\u00e9s observent un silence radio, ce n\u2019est pas le cas de l\u2019opinion et du mouvement associatif que l\u2019inqui\u00e9tude gagne de plus en plus.\u00a0<br \/>Aux entr\u00e9es de la ville, \u00e0 proximit\u00e9 des march\u00e9s, en passant par les avaloirs, les bacs \u00e0 poubelles, et dans plusieurs autres endroits, les\u00a0 passants se bouchent le nez et les automobilistes se voient contraints de fermer les vitres de leurs v\u00e9hicules. Les cours d\u2019eau dans lesquels les eaux us\u00e9es et les d\u00e9chets des usines se d\u00e9versent \u00e0 longueur d\u2019ann\u00e9e, d\u00e9gagent une odeur naus\u00e9abonde. Les pots d\u2019\u00e9chappements, les usines et la d\u00e9charge publique qui tournent \u00e0 plein r\u00e9gime et sans arr\u00eat enveloppent la ville d\u2019une couche noir\u00e2tre, perceptible m\u00eame \u00e0 l\u2019\u0153il nu, surtout durant la saison chaude. \u201cLa qualit\u00e9 de l\u2019air s\u2019est nettement d\u00e9grad\u00e9e. Elle l\u2019est \u00e0 tel point qu\u2019en certains endroits, l\u2019air est irrespirable\u201d, dira un habitant de Lagraphe, un quartier situ\u00e9 sur la rive d\u2019un oued et pas loin du souk de Boumezrague. \u201cEt cela ne peut pas \u00eatre sans se traduire n\u00e9gativement sur la sant\u00e9 publique\u201d, ajoute-t-il. \u201cLe plus grave est que face \u00e0 tous ces facteurs alarmants, aucune \u00e9tude n\u2019est entreprise pour envisager les voies et les moyens de mettre fin \u00e0 cette situation\u201d, s\u2019alarme-t-il en ajoutant que pour les responsables locaux, la qualit\u00e9 de l\u2019air est le dernier de leur souci, m\u00eame si la pollution de l\u2019air est suspect\u00e9e par les sp\u00e9cialistes d\u2019\u00eatre responsable des maladies respiratoires, comme l\u2019asthme, les angines ou insuffisance respiratoire ou la bronchiolite.\u00a0<br \/>En effet, les petites et micro particules sont dangereuses car elles ont la capacit\u00e9 de p\u00e9n\u00e9trer profond\u00e9ment les poumons ainsi que le syst\u00e8me cardiovasculaire. Les principales causes de la pollution de l\u2019air sont bien \u00e9videmment les usines ainsi que les pots d\u2019\u00e9chappement.\u00a0<br \/>Il faut dire que la v\u00e9tust\u00e9 du parc automobile ainsi que les motorisations diesel tr\u00e8s pris\u00e9es par les m\u00e9nages bordjiens sont directement point\u00e9es du doigt.\u00a0<br \/>En attendant des mesures concr\u00e8tes de la part des responsables ainsi que des instances \u00e9lues locales, la situation s\u2019aggrave de jour en jour. De leur c\u00f4t\u00e9, les amoureux de la nature ont appel\u00e9 les responsables\u00a0 et les \u00e9lus locaux \u00e0 agir au plus vite.\u00a0<br \/>Ils pr\u00e9conisent notamment la limitation des \u00e9missions des chemin\u00e9es industrielles, l\u2019utilisation des sources d\u2019\u00e9nergies renouvelables ainsi que des transports en commun.<\/p>\n<p class=\"c10\"><strong>Chabane BOUARISSA<\/strong><\/p>\n<\/div>\n<div id=\"text_core\" readability=\"68\">\n<p>Les responsables de la ville de Bordj Bou-Arr\u00e9ridj ne savent pas o\u00f9 en est la qualit\u00e9 de l\u2019air que les habitants respirent. Ils ne pourront pas non plus le savoir tant qu\u2019ils n\u2019\u00e9quiperont pas leur ville d\u2019une station de mesure de qualit\u00e9 de l\u2019air.\u00a0<\/p>\n<p>Mais les chiffres dont disposent actuellement des universitaires sont suffisants pour pousser les parties concern\u00e9es \u00e0 tirer la sonnette d\u2019alarme. Car la pollution atmosph\u00e9rique est consid\u00e9r\u00e9e aujourd\u2019hui comme l\u2019une des causes majeures de millions de d\u00e9c\u00e8s chaque ann\u00e9e dans le monde. La pr\u00e9valence des maladies respiratoires dans certaines villes comme Bordj Bou-Arr\u00e9ridj est un signal alarmant. C\u2019est justement l\u2019inqui\u00e9tude exprim\u00e9e par le mouvement associatif depuis des ann\u00e9es et avec insistance, ces derniers temps. La succession des d\u00e9c\u00e8s, arr\u00eats cardiaques, ainsi que le nombre \u00e9lev\u00e9 de canc\u00e9reux et d\u2019asthmatiques enregistr\u00e9s dans la ville, ces derni\u00e8res ann\u00e9es, ne laissent pas indiff\u00e9rents. Si les autorit\u00e9s observent un silence radio, ce n\u2019est pas le cas de l\u2019opinion et du mouvement associatif que l\u2019inqui\u00e9tude gagne de plus en plus.\u00a0<br \/>Aux entr\u00e9es de la ville, \u00e0 proximit\u00e9 des march\u00e9s, en passant par les avaloirs, les bacs \u00e0 poubelles, et dans plusieurs autres endroits, les\u00a0 passants se bouchent le nez et les automobilistes se voient contraints de fermer les vitres de leurs v\u00e9hicules. Les cours d\u2019eau dans lesquels les eaux us\u00e9es et les d\u00e9chets des usines se d\u00e9versent \u00e0 longueur d\u2019ann\u00e9e, d\u00e9gagent une odeur naus\u00e9abonde. Les pots d\u2019\u00e9chappements, les usines et la d\u00e9charge publique qui tournent \u00e0 plein r\u00e9gime et sans arr\u00eat enveloppent la ville d\u2019une couche noir\u00e2tre, perceptible m\u00eame \u00e0 l\u2019\u0153il nu, surtout durant la saison chaude. \u201cLa qualit\u00e9 de l\u2019air s\u2019est nettement d\u00e9grad\u00e9e. Elle l\u2019est \u00e0 tel point qu\u2019en certains endroits, l\u2019air est irrespirable\u201d, dira un habitant de Lagraphe, un quartier situ\u00e9 sur la rive d\u2019un oued et pas loin du souk de Boumezrague. \u201cEt cela ne peut pas \u00eatre sans se traduire n\u00e9gativement sur la sant\u00e9 publique\u201d, ajoute-t-il. \u201cLe plus grave est que face \u00e0 tous ces facteurs alarmants, aucune \u00e9tude n\u2019est entreprise pour envisager les voies et les moyens de mettre fin \u00e0 cette situation\u201d, s\u2019alarme-t-il en ajoutant que pour les responsables locaux, la qualit\u00e9 de l\u2019air est le dernier de leur souci, m\u00eame si la pollution de l\u2019air est suspect\u00e9e par les sp\u00e9cialistes d\u2019\u00eatre responsable des maladies respiratoires, comme l\u2019asthme, les angines ou insuffisance respiratoire ou la bronchiolite.\u00a0<br \/>En effet, les petites et micro particules sont dangereuses car elles ont la capacit\u00e9 de p\u00e9n\u00e9trer profond\u00e9ment les poumons ainsi que le syst\u00e8me cardiovasculaire. Les principales causes de la pollution de l\u2019air sont bien \u00e9videmment les usines ainsi que les pots d\u2019\u00e9chappement.\u00a0<br \/>Il faut dire que la v\u00e9tust\u00e9 du parc automobile ainsi que les motorisations diesel tr\u00e8s pris\u00e9es par les m\u00e9nages bordjiens sont directement point\u00e9es du doigt.\u00a0<br \/>En attendant des mesures concr\u00e8tes de la part des responsables ainsi que des instances \u00e9lues locales, la situation s\u2019aggrave de jour en jour. De leur c\u00f4t\u00e9, les amoureux de la nature ont appel\u00e9 les responsables\u00a0 et les \u00e9lus locaux \u00e0 agir au plus vite.\u00a0<br \/>Ils pr\u00e9conisent notamment la limitation des \u00e9missions des chemin\u00e9es industrielles, l\u2019utilisation des sources d\u2019\u00e9nergies renouvelables ainsi que des transports en commun.<\/p>\n<p class=\"c10\"><strong>Chabane BOUARISSA<\/strong><\/p>\n<\/div>\n<p>Auteur:<br \/>\n<a href=\"https:\/\/www.liberte-algerie.com\/est\/la-sonnette-dalarme-320003\">Cliquez ici pour lire l&rsquo;article depuis sa source.<\/a><\/p>\n","protected":false},"excerpt":{"rendered":"<p>Les responsables de la ville de Bordj Bou-Arr\u00e9ridj ne savent pas o\u00f9 en est la qualit\u00e9 de l\u2019air que les habitants respirent. Ils ne pourront pas non plus le savoir tant qu\u2019ils n\u2019\u00e9quiperont pas leur ville d\u2019une station de mesure de qualit\u00e9 de l\u2019air.\u00a0 Mais les chiffres dont disposent actuellement des universitaires sont suffisants pour [&hellip;]<\/p>\n","protected":false},"author":1742,"featured_media":0,"comment_status":"closed","ping_status":"closed","sticky":false,"template":"","format":"standard","meta":{"fifu_image_url":"","fifu_image_alt":"","footnotes":""},"categories":[73,53],"tags":[],"class_list":["post-46287","post","type-post","status-publish","format-standard","hentry","category-actualite","category-algerie"],"_links":{"self":[{"href":"https:\/\/linitiative.ca\/International\/wp-json\/wp\/v2\/posts\/46287","targetHints":{"allow":["GET"]}}],"collection":[{"href":"https:\/\/linitiative.ca\/International\/wp-json\/wp\/v2\/posts"}],"about":[{"href":"https:\/\/linitiative.ca\/International\/wp-json\/wp\/v2\/types\/post"}],"author":[{"embeddable":true,"href":"https:\/\/linitiative.ca\/International\/wp-json\/wp\/v2\/users\/1742"}],"replies":[{"embeddable":true,"href":"https:\/\/linitiative.ca\/International\/wp-json\/wp\/v2\/comments?post=46287"}],"version-history":[{"count":0,"href":"https:\/\/linitiative.ca\/International\/wp-json\/wp\/v2\/posts\/46287\/revisions"}],"wp:attachment":[{"href":"https:\/\/linitiative.ca\/International\/wp-json\/wp\/v2\/media?parent=46287"}],"wp:term":[{"taxonomy":"category","embeddable":true,"href":"https:\/\/linitiative.ca\/International\/wp-json\/wp\/v2\/categories?post=46287"},{"taxonomy":"post_tag","embeddable":true,"href":"https:\/\/linitiative.ca\/International\/wp-json\/wp\/v2\/tags?post=46287"}],"curies":[{"name":"wp","href":"https:\/\/api.w.org\/{rel}","templated":true}]}}