{"id":46288,"date":"2019-07-15T06:00:00","date_gmt":"2019-07-15T10:00:00","guid":{"rendered":"https:\/\/linitiative.ca\/International\/reouverture-imminente\/"},"modified":"2019-07-15T06:00:00","modified_gmt":"2019-07-15T10:00:00","slug":"reouverture-imminente","status":"publish","type":"post","link":"https:\/\/linitiative.ca\/International\/reouverture-imminente\/","title":{"rendered":"R\u00e9ouverture imminente"},"content":{"rendered":"<div id=\"originalText\" readability=\"55\">\n<p>Patrimoine de la ville de Guelma, ce march\u00e9 embl\u00e9matique r\u00e9alis\u00e9 durant l&rsquo;\u00e9poque coloniale avait accueilli des g\u00e9n\u00e9rations de citoyens qui venaient faire leurs emplettes dans un cadre convivial. En effet, les marchands de fruits et l\u00e9gumes proposaient des produits frais, de bonne qualit\u00e9 \u00e0 leur client\u00e8le fid\u00e9lis\u00e9e qui trouvait une oreille attentive et se permettait de choisir ce qui \u00e9tait pr\u00e9sent\u00e9 sur les \u00e9tals.\u00a0<\/p>\n<p>Une douzaine de bouchers officiaient dans cet espace propre et accueillant et pr\u00e9sentaient des morceaux de choix de viande ovine et bovine qui \u00e9taient \u00e9coul\u00e9s aupr\u00e8s des habitu\u00e9s. Les m\u00e9nag\u00e8res et les p\u00e8res de famille effectuaient leurs achats en toute s\u00e9r\u00e9nit\u00e9 et r\u00e9cup\u00e9raient leurs commandes faites la veille. Des poissonniers, marchands de volailles, coriandre, c\u00e9leri, persil, miel, lait frais, beurre et autres attiraient beaucoup de monde ravi d&rsquo;acqu\u00e9rir ces produits indispensables.\u00a0<br \/>Ce march\u00e9 couvert qui abritait plus d&rsquo;une quarantaine de commer\u00e7ants avait fait l&rsquo;objet voil\u00e0 une dizaine d&rsquo;ann\u00e9es, d&rsquo;une vaste op\u00e9ration de r\u00e9habilitation pilot\u00e9e par l&rsquo;APC de Guelma, soucieuse de son patrimoine. Contre toute attente, les commer\u00e7ants d\u00e9cid\u00e8rent de d\u00e9serter ce centre commercial en arguant que les frais de location de leurs stands et magasins, les charges aff\u00e9rentes et les imp\u00f4ts grevaient leur budget. Ils pr\u00e9f\u00e9r\u00e8rent rallier le march\u00e9 du Volontariat o\u00f9 ils \u00e9taient exempt\u00e9s de frais financiers.\u00a0<br \/>Depuis cet \u00e9pisode, ce march\u00e9 est rest\u00e9 ferm\u00e9 au grand dam de la population qui \u00e9prouve une certaine nostalgie en empruntant la place Harcha au centre-ville. L&rsquo;espoir est permis puisque le wali de Guelma a solennellement annonc\u00e9 lors de la r\u00e9cente session de l&rsquo;APW sa d\u00e9cision de rouvrir ce march\u00e9 couvert.<\/p>\n<p class=\"c10\"><strong>HAMID BAALI<\/strong><\/p>\n<\/div>\n<div id=\"text_core\" readability=\"55\">\n<p>Patrimoine de la ville de Guelma, ce march\u00e9 embl\u00e9matique r\u00e9alis\u00e9 durant l&rsquo;\u00e9poque coloniale avait accueilli des g\u00e9n\u00e9rations de citoyens qui venaient faire leurs emplettes dans un cadre convivial. En effet, les marchands de fruits et l\u00e9gumes proposaient des produits frais, de bonne qualit\u00e9 \u00e0 leur client\u00e8le fid\u00e9lis\u00e9e qui trouvait une oreille attentive et se permettait de choisir ce qui \u00e9tait pr\u00e9sent\u00e9 sur les \u00e9tals.\u00a0<\/p>\n<p>Une douzaine de bouchers officiaient dans cet espace propre et accueillant et pr\u00e9sentaient des morceaux de choix de viande ovine et bovine qui \u00e9taient \u00e9coul\u00e9s aupr\u00e8s des habitu\u00e9s. Les m\u00e9nag\u00e8res et les p\u00e8res de famille effectuaient leurs achats en toute s\u00e9r\u00e9nit\u00e9 et r\u00e9cup\u00e9raient leurs commandes faites la veille. Des poissonniers, marchands de volailles, coriandre, c\u00e9leri, persil, miel, lait frais, beurre et autres attiraient beaucoup de monde ravi d&rsquo;acqu\u00e9rir ces produits indispensables.\u00a0<br \/>Ce march\u00e9 couvert qui abritait plus d&rsquo;une quarantaine de commer\u00e7ants avait fait l&rsquo;objet voil\u00e0 une dizaine d&rsquo;ann\u00e9es, d&rsquo;une vaste op\u00e9ration de r\u00e9habilitation pilot\u00e9e par l&rsquo;APC de Guelma, soucieuse de son patrimoine. Contre toute attente, les commer\u00e7ants d\u00e9cid\u00e8rent de d\u00e9serter ce centre commercial en arguant que les frais de location de leurs stands et magasins, les charges aff\u00e9rentes et les imp\u00f4ts grevaient leur budget. Ils pr\u00e9f\u00e9r\u00e8rent rallier le march\u00e9 du Volontariat o\u00f9 ils \u00e9taient exempt\u00e9s de frais financiers.\u00a0<br \/>Depuis cet \u00e9pisode, ce march\u00e9 est rest\u00e9 ferm\u00e9 au grand dam de la population qui \u00e9prouve une certaine nostalgie en empruntant la place Harcha au centre-ville. L&rsquo;espoir est permis puisque le wali de Guelma a solennellement annonc\u00e9 lors de la r\u00e9cente session de l&rsquo;APW sa d\u00e9cision de rouvrir ce march\u00e9 couvert.<\/p>\n<p class=\"c10\"><strong>HAMID BAALI<\/strong><\/p>\n<\/div>\n<p>Auteur:<br \/>\n<a href=\"https:\/\/www.liberte-algerie.com\/est\/reouverture-imminente-320002\">Cliquez ici pour lire l&rsquo;article depuis sa source.<\/a><\/p>\n","protected":false},"excerpt":{"rendered":"<p>Patrimoine de la ville de Guelma, ce march\u00e9 embl\u00e9matique r\u00e9alis\u00e9 durant l&rsquo;\u00e9poque coloniale avait accueilli des g\u00e9n\u00e9rations de citoyens qui venaient faire leurs emplettes dans un cadre convivial. En effet, les marchands de fruits et l\u00e9gumes proposaient des produits frais, de bonne qualit\u00e9 \u00e0 leur client\u00e8le fid\u00e9lis\u00e9e qui trouvait une oreille attentive et se permettait [&hellip;]<\/p>\n","protected":false},"author":1742,"featured_media":0,"comment_status":"closed","ping_status":"closed","sticky":false,"template":"","format":"standard","meta":{"fifu_image_url":"","fifu_image_alt":"","footnotes":""},"categories":[73,53],"tags":[],"class_list":["post-46288","post","type-post","status-publish","format-standard","hentry","category-actualite","category-algerie"],"_links":{"self":[{"href":"https:\/\/linitiative.ca\/International\/wp-json\/wp\/v2\/posts\/46288","targetHints":{"allow":["GET"]}}],"collection":[{"href":"https:\/\/linitiative.ca\/International\/wp-json\/wp\/v2\/posts"}],"about":[{"href":"https:\/\/linitiative.ca\/International\/wp-json\/wp\/v2\/types\/post"}],"author":[{"embeddable":true,"href":"https:\/\/linitiative.ca\/International\/wp-json\/wp\/v2\/users\/1742"}],"replies":[{"embeddable":true,"href":"https:\/\/linitiative.ca\/International\/wp-json\/wp\/v2\/comments?post=46288"}],"version-history":[{"count":0,"href":"https:\/\/linitiative.ca\/International\/wp-json\/wp\/v2\/posts\/46288\/revisions"}],"wp:attachment":[{"href":"https:\/\/linitiative.ca\/International\/wp-json\/wp\/v2\/media?parent=46288"}],"wp:term":[{"taxonomy":"category","embeddable":true,"href":"https:\/\/linitiative.ca\/International\/wp-json\/wp\/v2\/categories?post=46288"},{"taxonomy":"post_tag","embeddable":true,"href":"https:\/\/linitiative.ca\/International\/wp-json\/wp\/v2\/tags?post=46288"}],"curies":[{"name":"wp","href":"https:\/\/api.w.org\/{rel}","templated":true}]}}