{"id":46294,"date":"2019-07-14T19:08:06","date_gmt":"2019-07-14T23:08:06","guid":{"rendered":"https:\/\/linitiative.ca\/International\/economie-creation-de-la-fondation-des-femmes\/"},"modified":"2019-07-14T19:08:06","modified_gmt":"2019-07-14T23:08:06","slug":"economie-creation-de-la-fondation-des-femmes","status":"publish","type":"post","link":"https:\/\/linitiative.ca\/International\/economie-creation-de-la-fondation-des-femmes\/","title":{"rendered":"Economie: Cr\u00e9ation de La Fondation des Femmes"},"content":{"rendered":"<div readability=\"34\">\n<p>Marrakech \u2013 Une assembl\u00e9e g\u00e9n\u00e9rale pour la cr\u00e9ation de la Fondation des Femmes d\u2019Essaouira pour le D\u00e9veloppement Economique, a eu lieu samedi dans la cit\u00e9 des Aliz\u00e9s.<\/p>\n<\/div>\n<div readability=\"78\">\n<p>Cette rencontre a \u00e9t\u00e9 l\u2019occasion de mettre l\u2019accent sur le contexte de la cr\u00e9ation de cette Fondation ainsi que sur les objectifs qui lui sont assign\u00e9s, indique un communiqu\u00e9 des organisateurs.<\/p>\n<p>Et de poursuivre que lors de cette assembl\u00e9e g\u00e9n\u00e9rale constitutive, il a \u00e9t\u00e9 proc\u00e9d\u00e9 \u00e9galement \u00e0 la formation du bureau ex\u00e9cutif, dont les membres ont \u00e9t\u00e9 nomm\u00e9s, outre l\u2019accr\u00e9ditation des membres du Conseil des Sages, organe consultatif de ladite Fondation.<\/p>\n<p>La Fondation des Femmes d\u2019Essaouira pour le D\u00e9veloppement Economique est une institution dont la mission est de stimuler et de promouvoir le d\u00e9veloppement \u00e9conomique de cette ville, pr\u00e9cise la m\u00eame source, faisant savoir que cette fondation se fixe \u00e9galement pour objectif de consolider et de construire de nouveaux ponts d\u2019entraide entre les souiris et tous les amoureux et passionn\u00e9s de cette cit\u00e9 mythique.<\/p>\n<p>La Fondation r\u00e9unit des femmes et des hommes convaincus qu\u2019Essaouira est une ville riche de ses diff\u00e9rences et de ses cultures. Cette ville dispose des atouts g\u00e9ographiques, touristiques et culturels qui lui permettront de renouer avec son pass\u00e9 prosp\u00e8re et d\u2019engager une nouvelle dynamique \u00e9conomique et sociale, lit-on dans le document.<\/p>\n<p>\u00a0\u00bbLes membres de la Fondation sont persuad\u00e9s que la ville d\u2019Essaouira a toutes les chances et les atouts pour retrouver sa prosp\u00e9rit\u00e9 d\u2019antan, son \u00e9clat et sa renaissance \u00e9conomique\u00a0\u00bb, rappelle-t-on.<\/p>\n<p>Les membres de la Fondation des Femmes d\u2019Essaouira pour le D\u00e9veloppement Economique ont \u00e9galement fait part de leur engagement \u00a0\u00bbensemble pour le d\u00e9veloppement \u00e9conomique de cette province paisible et pour l\u2019\u00e9volution de la qualit\u00e9 de vie et du bien-\u00eatre \u00e9conomique et social de la population locale, tout en pr\u00e9servant l\u2019identit\u00e9 et l\u2019\u00e2me d\u2019Essaouira\u00a0\u00bb, estimant que \u00ab\u00a0la base et la source de notre succ\u00e8s seront fortement inspir\u00e9es des Hautes Orientations de Sa Majest\u00e9 le Roi Mohammed VI\u00a0\u00bb.<\/p>\n<p>\u00ab\u00a0A travers cette plateforme, nous adressons \u00e9galement notre gratitude et nos sinc\u00e8res remerciements au Pr\u00e9sident d\u2019honneur de la Fondation, M. Andr\u00e9 Azoulay, qui nous a fortement soutenues et encourag\u00e9es \u00e0 prendre cette initiative\u00a0\u00bb, conclut la m\u00eame source.<\/p>\n<\/div>\n<p>Auteur: Meriem IGASS<br \/>\n<a href=\"http:\/\/www.mapmarrakech.ma\/fr\/la-fondation-des-femmes-pour-le-developpement-economique-voit-le-jour\/\">Cliquez ici pour lire l&rsquo;article depuis sa source.<\/a><\/p>\n","protected":false},"excerpt":{"rendered":"<p>Marrakech \u2013 Une assembl\u00e9e g\u00e9n\u00e9rale pour la cr\u00e9ation de la Fondation des Femmes d\u2019Essaouira pour le D\u00e9veloppement Economique, a eu lieu samedi dans la cit\u00e9 des Aliz\u00e9s. Cette rencontre a \u00e9t\u00e9 l\u2019occasion de mettre l\u2019accent sur le contexte de la cr\u00e9ation de cette Fondation ainsi que sur les objectifs qui lui sont assign\u00e9s, indique un [&hellip;]<\/p>\n","protected":false},"author":1788,"featured_media":0,"comment_status":"closed","ping_status":"closed","sticky":false,"template":"","format":"standard","meta":{"fifu_image_url":"","fifu_image_alt":"","footnotes":""},"categories":[54,76],"tags":[],"class_list":["post-46294","post","type-post","status-publish","format-standard","hentry","category-maroc","category-regions"],"_links":{"self":[{"href":"https:\/\/linitiative.ca\/International\/wp-json\/wp\/v2\/posts\/46294","targetHints":{"allow":["GET"]}}],"collection":[{"href":"https:\/\/linitiative.ca\/International\/wp-json\/wp\/v2\/posts"}],"about":[{"href":"https:\/\/linitiative.ca\/International\/wp-json\/wp\/v2\/types\/post"}],"author":[{"embeddable":true,"href":"https:\/\/linitiative.ca\/International\/wp-json\/wp\/v2\/users\/1788"}],"replies":[{"embeddable":true,"href":"https:\/\/linitiative.ca\/International\/wp-json\/wp\/v2\/comments?post=46294"}],"version-history":[{"count":0,"href":"https:\/\/linitiative.ca\/International\/wp-json\/wp\/v2\/posts\/46294\/revisions"}],"wp:attachment":[{"href":"https:\/\/linitiative.ca\/International\/wp-json\/wp\/v2\/media?parent=46294"}],"wp:term":[{"taxonomy":"category","embeddable":true,"href":"https:\/\/linitiative.ca\/International\/wp-json\/wp\/v2\/categories?post=46294"},{"taxonomy":"post_tag","embeddable":true,"href":"https:\/\/linitiative.ca\/International\/wp-json\/wp\/v2\/tags?post=46294"}],"curies":[{"name":"wp","href":"https:\/\/api.w.org\/{rel}","templated":true}]}}