{"id":46295,"date":"2019-07-15T08:52:27","date_gmt":"2019-07-15T12:52:27","guid":{"rendered":"https:\/\/linitiative.ca\/International\/maghreb-appel-a-tirer-profit-des-competences-de-la-jeunesse\/"},"modified":"2019-07-15T08:52:27","modified_gmt":"2019-07-15T12:52:27","slug":"maghreb-appel-a-tirer-profit-des-competences-de-la-jeunesse","status":"publish","type":"post","link":"https:\/\/linitiative.ca\/International\/maghreb-appel-a-tirer-profit-des-competences-de-la-jeunesse\/","title":{"rendered":"Maghreb: Appel \u00e0 tirer profit des comp\u00e9tences de la jeunesse"},"content":{"rendered":"<div readability=\"37\">\n<p>Marrakech \u2013 Les participants \u00e0 la 3\u00e8 Universit\u00e9 d\u2019\u00e9t\u00e9 maghr\u00e9bine organis\u00e9e les 12 et 13 juillet, \u00e0 Marrakech, ont appel\u00e9 \u00e0 \u00e9laborer des politiques publiques nationales permettant de tirer profit des comp\u00e9tences de la jeunesse maghr\u00e9bine et de ses capacit\u00e9s et de favoriser son insertion dans la vie socioprofessionnelle.<\/p>\n<\/div>\n<div readability=\"86\">\n<p>Dans des recommandations sanctionnant cette rencontre initi\u00e9e par l\u2019Organisation d\u2019action maghr\u00e9bine (OAM) en collaboration avec la Fondation Hanns Seidel sous le th\u00e8me \u00ab\u00a0la jeunesse au Maghreb et la soci\u00e9t\u00e9 civile\u00a0\u00bb, les participants ont recommand\u00e9 d\u2019interagir positivement avec les initiatives des jeunes sur la voie de la cons\u00e9cration du changement d\u00e9mocratique dans les pays maghr\u00e9bins.<\/p>\n<p>Les participants \u00e0 cette rencontre, dont des chercheurs, experts et acteurs de la soci\u00e9t\u00e9 civile issus du Maroc, la Tunisie, l\u2019Alg\u00e9rie, la Libye et la Mauritanie, ont aussi plaid\u00e9 pour la mise en \u0153uvre des dispositions constitutionnelles, capitaliser sur les acquis r\u00e9alis\u00e9s depuis 2011 et tirer profit des m\u00e9canismes de d\u00e9mocratie participative.<\/p>\n<p>Ils ont aussi soulign\u00e9 le r\u00f4le pr\u00e9pond\u00e9rant de la jeunesse maghr\u00e9bine dans la r\u00e9alisation du d\u00e9veloppement et la cons\u00e9cration de la d\u00e9mocratie, mettant l\u2019accent sur l\u2019importance de la soci\u00e9t\u00e9 civile en tant que cadre permettant aux jeunes de s\u2019affirmer et de d\u00e9velopper leurs comp\u00e9tences.<\/p>\n<p>Apr\u00e8s avoir reconnu que les jeunes maghr\u00e9bins font face \u00e0 plusieurs difficult\u00e9s et contraintes de diff\u00e9rentes natures pouvant conduire cette frange au terrorisme, \u00e0 la violence, au repli sur soi ou la migration, les participants ont appel\u00e9 \u00e0 instaurer une communication avec les jeunes de fa\u00e7on \u00e0 renforcer les liens et les relations maghr\u00e9bines et \u00e0 renforcer le r\u00e9seautage entre les acteurs de la soci\u00e9t\u00e9 civile maghr\u00e9bine.<\/p>\n<p>Les participants \u00e0 cette rencontre ont d\u00e9battu durant deux jours de questions se rapportant \u00e0 la soci\u00e9t\u00e9 civile et les jeunes dans le Maghreb, notamment le cadre constitutionnel et l\u00e9gislatif relatif \u00e0 la jeunesse et la soci\u00e9t\u00e9 civile, le r\u00f4le des jeunes au sein de la soci\u00e9t\u00e9 civile, les jeunes et l\u2019avenir de la transformation d\u00e9mocratique dans les pays maghr\u00e9bins, les jeunes et les m\u00e9dias, les politiques publiques orient\u00e9es vers les jeunes maghr\u00e9bins, et les jeunes et les questions de la migration et de la soci\u00e9t\u00e9 civile.<\/p>\n<p>L\u2019OAM est une association qui \u0153uvre \u00e0 la r\u00e9ouverture des fronti\u00e8res maroco-alg\u00e9riennes, pour un parlement maghr\u00e9bin avec des pouvoirs \u00e9largis, un march\u00e9 commun et une monnaie maghr\u00e9bine unique et la mise en \u0153uvre des conventions conclues entre les pays maghr\u00e9bins.<\/p>\n<p>Pour rappel, l\u2019Institut arabe de la d\u00e9mocratie (Tunisie) a octroy\u00e9 le Prix Mohamed Mzali pour l\u2019action d\u00e9mocratique et compl\u00e9mentarit\u00e9 maghr\u00e9bine au titre de l\u2019ann\u00e9e 2019, \u00e0 l\u2019OAM en reconnaissance de ses efforts dans le domaine de la sensibilisation \u00e0 l\u2019importance de l\u2019\u00e9dification du Maghreb en tant que choix strat\u00e9gique.<\/p>\n<\/div>\n<p>Auteur: Meriem IGASS<br \/>\n<a href=\"http:\/\/www.mapmarrakech.ma\/fr\/appel-a-tirer-profit-des-competences-de-la-jeunesse-maghrebine\/\">Cliquez ici pour lire l&rsquo;article depuis sa source.<\/a><\/p>\n","protected":false},"excerpt":{"rendered":"<p>Marrakech \u2013 Les participants \u00e0 la 3\u00e8 Universit\u00e9 d\u2019\u00e9t\u00e9 maghr\u00e9bine organis\u00e9e les 12 et 13 juillet, \u00e0 Marrakech, ont appel\u00e9 \u00e0 \u00e9laborer des politiques publiques nationales permettant de tirer profit des comp\u00e9tences de la jeunesse maghr\u00e9bine et de ses capacit\u00e9s et de favoriser son insertion dans la vie socioprofessionnelle. Dans des recommandations sanctionnant cette rencontre [&hellip;]<\/p>\n","protected":false},"author":1788,"featured_media":0,"comment_status":"closed","ping_status":"closed","sticky":false,"template":"","format":"standard","meta":{"fifu_image_url":"","fifu_image_alt":"","footnotes":""},"categories":[54,76],"tags":[],"class_list":["post-46295","post","type-post","status-publish","format-standard","hentry","category-maroc","category-regions"],"_links":{"self":[{"href":"https:\/\/linitiative.ca\/International\/wp-json\/wp\/v2\/posts\/46295","targetHints":{"allow":["GET"]}}],"collection":[{"href":"https:\/\/linitiative.ca\/International\/wp-json\/wp\/v2\/posts"}],"about":[{"href":"https:\/\/linitiative.ca\/International\/wp-json\/wp\/v2\/types\/post"}],"author":[{"embeddable":true,"href":"https:\/\/linitiative.ca\/International\/wp-json\/wp\/v2\/users\/1788"}],"replies":[{"embeddable":true,"href":"https:\/\/linitiative.ca\/International\/wp-json\/wp\/v2\/comments?post=46295"}],"version-history":[{"count":0,"href":"https:\/\/linitiative.ca\/International\/wp-json\/wp\/v2\/posts\/46295\/revisions"}],"wp:attachment":[{"href":"https:\/\/linitiative.ca\/International\/wp-json\/wp\/v2\/media?parent=46295"}],"wp:term":[{"taxonomy":"category","embeddable":true,"href":"https:\/\/linitiative.ca\/International\/wp-json\/wp\/v2\/categories?post=46295"},{"taxonomy":"post_tag","embeddable":true,"href":"https:\/\/linitiative.ca\/International\/wp-json\/wp\/v2\/tags?post=46295"}],"curies":[{"name":"wp","href":"https:\/\/api.w.org\/{rel}","templated":true}]}}