{"id":46297,"date":"2019-07-14T14:43:01","date_gmt":"2019-07-14T18:43:01","guid":{"rendered":"https:\/\/linitiative.ca\/International\/ain-temouchent-protestation-des-travailleurs-du-centre-denfouissement-technique\/"},"modified":"2019-07-14T14:43:01","modified_gmt":"2019-07-14T18:43:01","slug":"ain-temouchent-protestation-des-travailleurs-du-centre-denfouissement-technique","status":"publish","type":"post","link":"https:\/\/linitiative.ca\/International\/ain-temouchent-protestation-des-travailleurs-du-centre-denfouissement-technique\/","title":{"rendered":"Ain T\u00e9mouchent: protestation des travailleurs du centre d\u2019enfouissement technique\u00a0"},"content":{"rendered":"<div>\n<div class=\"K2FeedImage\"><img decoding=\"async\" src=\"http:\/\/www.aps.dz\/media\/k2\/items\/cache\/ab91a9c3c694dba2c23f852e4623d4de_S.jpg\" alt=\"Ain T\u00e9mouchent: protestation des travailleurs du centre d\u2019enfouissement technique\u00a0\"><\/div>\n<div class=\"K2FeedIntroText\">\n<p><strong>AIN TEMOUCHENT- Plusieurs travailleurs de l\u2019entreprise publique de gestion du centre d\u2019enfouissement technique des d\u00e9chets de la commune de Sidi Benadda (Ain T\u00e9mouchent) ont bloqu\u00e9 les portes de cette\u00a0entreprise interdisant l&rsquo;acc\u00e8s \u00e0 des dizaines de camions de collecte d&rsquo;ordures, a-t-on constat\u00e9.<\/strong><\/p>\n<\/div>\n<div class=\"K2FeedFullText\">\n<p>Les travailleurs de cette entreprise contestent la suspension du secr\u00e9taire g\u00e9n\u00e9ral de la section syndicale de l\u2019Union g\u00e9n\u00e9rale des travailleurs alg\u00e9riens (UGTA) et les conditions de travail, revendiquant\u00a0leur am\u00e9lioration, ont indiqu\u00e9 les participants \u00e0 ce mouvement pacifique de protestation.<\/p>\n<p>Les protestataires r\u00e9clament aussi la revalorisation des salaires, la r\u00e9vision de la convention collective et une clarification de la vision de la gestion de l\u2019entreprise.<\/p>\n<p>Ce sit in a vu la pr\u00e9sence d&rsquo;adh\u00e9rents \u00e0 l\u2019union locale de l\u2019UGTA et \u00e0 d\u2019autres branches syndicales en signe de solidarit\u00e9 avec les travailleurs de l\u2019entreprise publique des d\u00e9chets domestiques.<\/p>\n<p>Le directeur de l\u2019entreprise de wilaya de gestion du centre d\u2019enfouissement technique des d\u00e9chets d&rsquo;Ain T\u00e9mouchent a soulign\u00e9 que ce mouvement est <strong>\u00ab\u00a0ill\u00e9gal\u00a0\u00bb<\/strong>, indiquant qu'\u00a0\u00bbaucun pr\u00e9avis n\u2019a \u00e9t\u00e9 d\u00e9pos\u00e9 et que la suspension du secr\u00e9taire g\u00e9n\u00e9ral de la branche syndicale UGTA a \u00e9t\u00e9 d\u00e9cid\u00e9e par la commission de discipline pour d\u00e9passements\u00a0\u00bb.<\/p>\n<p>Au sujet des conditions de travail, le m\u00eame responsable a fait savoir que toutes les dispositions ont \u00e9t\u00e9 prises pour doter les travailleurs de combinaisons de travail, de gants et de casques protecteurs dont les\u00a0d\u00e9charges sign\u00e9es par eux font foi.<\/p>\n<p>Pour la convention collective, il a signal\u00e9 qu&rsquo;elle fait l&rsquo;objet de r\u00e9vision, soulignant toutefois que les salaires dans cette entreprise sont jug\u00e9es \u00ab\u00a0satisfaisants\u00a0\u00bb par rapport au secteur priv\u00e9 et \u00e0 la fonction\u00a0publique.<\/p>\n<p>L\u2019entr\u00e9e principale de l\u2019entreprise de gestion du centre d\u2019enfouissement technique des d\u00e9chets de Sidi Benadda (Ain T\u00e9mouchent) a enregistr\u00e9 des files de camions de transport d\u2019ordures venus d\u00e9charger dont certains ont rebrouss\u00e9 chemin.<\/p>\n<\/div>\n<\/div>\n<p>Auteur:<br \/>\n<a href=\"http:\/\/www.aps.dz\/regions\/91933-ain-temouchent-protestation-des-travailleurs-de-l-entreprise-de-gestion-du-centre-d-enfouissement-technique\">Cliquez ici pour lire l&rsquo;article depuis sa source.<\/a><\/p>\n","protected":false},"excerpt":{"rendered":"<p>AIN TEMOUCHENT- Plusieurs travailleurs de l\u2019entreprise publique de gestion du centre d\u2019enfouissement technique des d\u00e9chets de la commune de Sidi Benadda (Ain T\u00e9mouchent) ont bloqu\u00e9 les portes de cette\u00a0entreprise interdisant l&rsquo;acc\u00e8s \u00e0 des dizaines de camions de collecte d&rsquo;ordures, a-t-on constat\u00e9. Les travailleurs de cette entreprise contestent la suspension du secr\u00e9taire g\u00e9n\u00e9ral de la section [&hellip;]<\/p>\n","protected":false},"author":1790,"featured_media":46298,"comment_status":"closed","ping_status":"closed","sticky":false,"template":"","format":"standard","meta":{"fifu_image_url":"","fifu_image_alt":"","footnotes":""},"categories":[53,76],"tags":[],"class_list":["post-46297","post","type-post","status-publish","format-standard","has-post-thumbnail","hentry","category-algerie","category-regions"],"_links":{"self":[{"href":"https:\/\/linitiative.ca\/International\/wp-json\/wp\/v2\/posts\/46297","targetHints":{"allow":["GET"]}}],"collection":[{"href":"https:\/\/linitiative.ca\/International\/wp-json\/wp\/v2\/posts"}],"about":[{"href":"https:\/\/linitiative.ca\/International\/wp-json\/wp\/v2\/types\/post"}],"author":[{"embeddable":true,"href":"https:\/\/linitiative.ca\/International\/wp-json\/wp\/v2\/users\/1790"}],"replies":[{"embeddable":true,"href":"https:\/\/linitiative.ca\/International\/wp-json\/wp\/v2\/comments?post=46297"}],"version-history":[{"count":0,"href":"https:\/\/linitiative.ca\/International\/wp-json\/wp\/v2\/posts\/46297\/revisions"}],"wp:featuredmedia":[{"embeddable":true,"href":"https:\/\/linitiative.ca\/International\/wp-json\/"}],"wp:attachment":[{"href":"https:\/\/linitiative.ca\/International\/wp-json\/wp\/v2\/media?parent=46297"}],"wp:term":[{"taxonomy":"category","embeddable":true,"href":"https:\/\/linitiative.ca\/International\/wp-json\/wp\/v2\/categories?post=46297"},{"taxonomy":"post_tag","embeddable":true,"href":"https:\/\/linitiative.ca\/International\/wp-json\/wp\/v2\/tags?post=46297"}],"curies":[{"name":"wp","href":"https:\/\/api.w.org\/{rel}","templated":true}]}}