{"id":46301,"date":"2019-07-15T13:50:25","date_gmt":"2019-07-15T17:50:25","guid":{"rendered":"https:\/\/linitiative.ca\/International\/oran-reception-de-5-lycees-et-8-cem-avant-la-prochaine-rentree-scolaire\/"},"modified":"2019-07-15T13:50:25","modified_gmt":"2019-07-15T17:50:25","slug":"oran-reception-de-5-lycees-et-8-cem-avant-la-prochaine-rentree-scolaire","status":"publish","type":"post","link":"https:\/\/linitiative.ca\/International\/oran-reception-de-5-lycees-et-8-cem-avant-la-prochaine-rentree-scolaire\/","title":{"rendered":"Oran: r\u00e9ception de 5 lyc\u00e9es et 8 CEM avant la prochaine rentr\u00e9e scolaire"},"content":{"rendered":"<div>\n<div class=\"K2FeedImage\"><img decoding=\"async\" src=\"http:\/\/www.aps.dz\/media\/k2\/items\/cache\/9cb252d7aa4609e217789693cd48fdd2_S.jpg\" alt=\"Oran: r\u00e9ception de 5 lyc\u00e9es et 8 CEM avant la prochaine rentr\u00e9e scolaire\"><\/div>\n<div class=\"K2FeedIntroText\">\n<p><strong>ORAN, &#8211; Le secteur de l\u2019\u00e9ducation dans la wilaya d\u2019Oran sera renforc\u00e9 par la r\u00e9ception de 5 lyc\u00e9es et 8 CEM outre des groupes scolaires avant la prochaine rentr\u00e9e scolaire, a-t-on appris lundi de la direction de wilaya des \u00e9quipements publics.<\/strong><\/p>\n<\/div>\n<div class=\"K2FeedFullText\">\n<p>Ces lyc\u00e9es d\u2019une capacit\u00e9 chacun de 1.000 places ont \u00e9t\u00e9 r\u00e9alis\u00e9s dans les nouvelles cit\u00e9s d\u2019habitation de Misserghine, Oued Tl\u00e9lat et Ain El Beida (Es S\u00e9nia). Les CEM d\u2019une capacit\u00e9 de 13 \u00e0 17 classes chacun se trouvent dans les communes de Hassi Bounif, Sidi Chahmi, Oued Tl\u00e9lat, El Mohgoun (Arzew) et Ain El Beida (Es S\u00e9nia).<\/p>\n<p>Les 20 groupes scolaires du cycle primaire sont \u00e9galement r\u00e9alis\u00e9s \u00e0 travers diff\u00e9rentes r\u00e9gions de la wilaya.<\/p>\n<p>Il est pr\u00e9vu la r\u00e9ception avant la fin de l\u2019ann\u00e9e en cours d\u2019un autre lot de projets d\u2019\u00e9tablissements scolaires qui connaissent un taux d\u2019avancement appr\u00e9ciable, dont 3 lyc\u00e9es.<\/p>\n<blockquote>\n<p><em><strong>A noter que ces structures \u00e9ducatives sont r\u00e9alis\u00e9s par la direction des \u00e9quipements publics, l\u2019Office de promotion et de gestion immobili\u00e8re (OPGI), l\u2019entreprise nationale de promotion immobili\u00e8re et l\u2019agence nationale d\u2019am\u00e9lioration et d\u00e9veloppement du logement (AADL).<\/strong><\/em><\/p>\n<\/blockquote>\n<\/div>\n<\/div>\n<p>Auteur:<br \/>\n<a href=\"http:\/\/www.aps.dz\/regions\/91974-oran-reception-de-5-lycees-et-8-cem-avant-la-prochaine-rentree-scolaire\">Cliquez ici pour lire l&rsquo;article depuis sa source.<\/a><\/p>\n","protected":false},"excerpt":{"rendered":"<p>ORAN, &#8211; Le secteur de l\u2019\u00e9ducation dans la wilaya d\u2019Oran sera renforc\u00e9 par la r\u00e9ception de 5 lyc\u00e9es et 8 CEM outre des groupes scolaires avant la prochaine rentr\u00e9e scolaire, a-t-on appris lundi de la direction de wilaya des \u00e9quipements publics. Ces lyc\u00e9es d\u2019une capacit\u00e9 chacun de 1.000 places ont \u00e9t\u00e9 r\u00e9alis\u00e9s dans les nouvelles [&hellip;]<\/p>\n","protected":false},"author":1790,"featured_media":46302,"comment_status":"closed","ping_status":"closed","sticky":false,"template":"","format":"standard","meta":{"fifu_image_url":"","fifu_image_alt":"","footnotes":""},"categories":[53,76],"tags":[],"class_list":["post-46301","post","type-post","status-publish","format-standard","has-post-thumbnail","hentry","category-algerie","category-regions"],"_links":{"self":[{"href":"https:\/\/linitiative.ca\/International\/wp-json\/wp\/v2\/posts\/46301","targetHints":{"allow":["GET"]}}],"collection":[{"href":"https:\/\/linitiative.ca\/International\/wp-json\/wp\/v2\/posts"}],"about":[{"href":"https:\/\/linitiative.ca\/International\/wp-json\/wp\/v2\/types\/post"}],"author":[{"embeddable":true,"href":"https:\/\/linitiative.ca\/International\/wp-json\/wp\/v2\/users\/1790"}],"replies":[{"embeddable":true,"href":"https:\/\/linitiative.ca\/International\/wp-json\/wp\/v2\/comments?post=46301"}],"version-history":[{"count":0,"href":"https:\/\/linitiative.ca\/International\/wp-json\/wp\/v2\/posts\/46301\/revisions"}],"wp:featuredmedia":[{"embeddable":true,"href":"https:\/\/linitiative.ca\/International\/wp-json\/"}],"wp:attachment":[{"href":"https:\/\/linitiative.ca\/International\/wp-json\/wp\/v2\/media?parent=46301"}],"wp:term":[{"taxonomy":"category","embeddable":true,"href":"https:\/\/linitiative.ca\/International\/wp-json\/wp\/v2\/categories?post=46301"},{"taxonomy":"post_tag","embeddable":true,"href":"https:\/\/linitiative.ca\/International\/wp-json\/wp\/v2\/tags?post=46301"}],"curies":[{"name":"wp","href":"https:\/\/api.w.org\/{rel}","templated":true}]}}