{"id":46305,"date":"2019-07-15T06:00:00","date_gmt":"2019-07-15T10:00:00","guid":{"rendered":"https:\/\/linitiative.ca\/International\/festival-de-la-culture-amazighe-a-fes-coup-denvoi-a-bab-makina-ce-vendredi\/"},"modified":"2019-07-15T06:00:00","modified_gmt":"2019-07-15T10:00:00","slug":"festival-de-la-culture-amazighe-a-fes-coup-denvoi-a-bab-makina-ce-vendredi","status":"publish","type":"post","link":"https:\/\/linitiative.ca\/International\/festival-de-la-culture-amazighe-a-fes-coup-denvoi-a-bab-makina-ce-vendredi\/","title":{"rendered":"Festival de la culture amazighe \u00e0 F\u00e8s: Coup d\u2019envoi \u00e0 Bab Makina ce vendredi"},"content":{"rendered":"<div readability=\"36\">\n<p>\u00abLes nouveaux d\u00e9fis de la migration\u00bb du 12 au 14 juillet<\/p>\n<p>R\u00e9flexions, expositions, chants\u2026 au menu de la 15e \u00e9dition<\/p>\n<\/div>\n<div readability=\"89\">\n<div class=\"dnd-atom-wrapper type-image context-sdl_editor_representation\" contenteditable=\"false\">\n<div class=\"dnd-drop-wrapper image\"><img loading=\"lazy\" decoding=\"async\" typeof=\"foaf:Image\" class=\"img-responsive\" src=\"https:\/\/www.leconomiste.com\/sites\/default\/files\/eco7\/public\/thumbnails\/image\/festival_amazign.jpg\" width=\"660\" height=\"330\" alt=\"festival_amazign.jpg\" title=\"festival_amazign.jpg\"\/><\/div>\n<\/div>\n<p class=\"rtejustify\">Et\u00a0\u00a0de quinze pour le festival international de la culture amazighe \u00e0 F\u00e8s (FICAF). La nouvelle \u00e9dition s\u2019ouvre ce vendredi 12 juillet 2019, sous le th\u00e8me: \u00abLes nouveaux d\u00e9fis de la migration dans la r\u00e9gion euro-m\u00e9diterran\u00e9enne: Amazighit\u00e9, femme, \u00e9change culturel et d\u00e9veloppement\u00bb. Organis\u00e9 par l\u2019Association F\u00e8s-Saiss, le Centre Sud-Nord, avec l\u2019appui de la Fondation BMCE et le minist\u00e8re de la Culture et de la communication, ce 15e festival \u00abs\u2019inscrit dans le cadre des hautes directives royales exprim\u00e9es lors du discours d\u2019Ajdir (2005) et relatives \u00e0 la promotion de la culture amazighe\u00bb, indique son initiateur Moha Ennaji. Selon lui, \u00able forum du FICAF permettra aux experts, chercheurs et acteurs de la soci\u00e9t\u00e9 civile de d\u00e9battre des probl\u00e8mes actuels li\u00e9s \u00e0 la migration, \u00e0 l&rsquo;amazighit\u00e9, \u00e0 la femme et aux \u00e9changes culturels ainsi que leur r\u00f4le dans le d\u00e9veloppement. Il ambitionne \u00e9galement de promouvoir une culture de dialogue, de coexistence, de tol\u00e9rance et de solidarit\u00e9\u00bb.\u00a0<br \/>Durant trois jours, le festival se focalisera sur les nouveaux d\u00e9fis de l\u2019exode du sud vers le nord et sur le r\u00f4le de la culture amazighe dans le processus d\u2019int\u00e9gration des migrants.\u00a0<\/p>\n<div class=\"dnd-atom-wrapper type-image context-sdl_editor_representation\" contenteditable=\"false\" readability=\"33.5\">\n<div class=\"dnd-drop-wrapper image\"><img loading=\"lazy\" decoding=\"async\" typeof=\"foaf:Image\" class=\"img-responsive\" src=\"https:\/\/www.leconomiste.com\/sites\/default\/files\/eco7\/public\/thumbnails\/image\/festival_amazign2.jpg\" width=\"660\" height=\"330\" alt=\"festival_amazign2.jpg\" title=\"festival_amazign2.jpg\"\/><\/div>\n<\/div>\n<p class=\"rtejustify\">\u00a0\u00abIl s\u2019agit d\u2019\u00e9changer, penser et \u00e9tablir des strat\u00e9gies coh\u00e9rentes, permettant de consolider le dialogue interculturel, le dialogue entre religions, la coh\u00e9sion sociale et la culture d\u00e9mocratique dans toute la r\u00e9gion, avec la participation d\u2019une trentaine d\u2019experts venant de 12 pays\u00bb, explique Ennaji. \u00abLors de cette nouvelle \u00e9dition, le festival r\u00e9unira des artistes et des intellectuels de pays africains et m\u00e9diterran\u00e9ens, notamment de France, Suisse, Pays-Bas et Italie, afin de cr\u00e9er une synergie autour des arts et de la culture, facteurs de dialogue, de communication et de paix\u00bb, rench\u00e9rit-il.\u00a0<\/p>\n<p class=\"rtejustify\">D\u2019un budget de 570.000 DH, le FICAF entend f\u00e9d\u00e9rer le plus grand nombre d\u2019intervenants qui \u0153uvrent pour les valeurs humanistes de libert\u00e9, de fraternit\u00e9 et de paix pour r\u00e9fl\u00e9chir ensemble dans un moment aussi crucial pour la r\u00e9gion euro-m\u00e9diterran\u00e9enne. En ce sens, Hassan Slighoua, pr\u00e9sident de l\u2019Association F\u00e8s-Sa\u00efss (bureau de F\u00e8s) \u00abappelle les sponsors ainsi que les autorit\u00e9s locales et \u00e9lues \u00e0 soutenir ce festival qui est organis\u00e9 sous le haut patronage de SM le Roi\u00bb. En plus du congr\u00e8s qui se d\u00e9roulera \u00e0 l\u2019h\u00f4tel \u00abLes M\u00e9rinides\u00bb, le festival proposera un volet consacr\u00e9 \u00e0 la chanson et \u00e0 la po\u00e9sie amazighe et populaire. Des artistes de renom y participeront \u00e0 l\u2019instar de Khadija Atlas, Najat Tazi, Lhoussein Ait Baamran, Nass El Ghiwane, et les danses d&rsquo;Ahidous de Lakabab et Kalaat Mgouna, ainsi que le groupe Ahidous de feu Moha Oulhoussain Achibane et le groupe Ahwash de Tata. \u00abBref, notre \u00e9v\u00e9nement accueille des troupes folkloriques repr\u00e9sentant les diff\u00e9rentes r\u00e9gions du Maroc. Celles-ci se donnent rendez-vous \u00e0 la place Bab Makina\u00bb, r\u00e9sume Ennaji. A noter que les organisateurs rendront hommage au grand \u00e9crivain marocain Mohamed Ndali et \u00e0 l&rsquo;acad\u00e9micienne\u00a0 marocaine Amina El Mghari, en signe de reconnaissance de leur contribution \u00e0 l&rsquo;\u00e9criture, \u00e0 la recherche et au d\u00e9veloppement culturel.Le festival pr\u00e9voit \u00e9galement des ateliers de conte, de dessin et de l\u2019alphabet tifinagh, ainsi qu&rsquo;une exposition de livres et de tableaux d\u2019art.<\/p>\n<p class=\"rtejustify\">\u00a0<\/p>\n<\/div>\n<p>Auteur: leco_web_admin<br \/>\n<a href=\"https:\/\/www.leconomiste.com\/article\/1047723-festival-de-la-culture-amazighe-fes-coup-d-envoi-bab-makina-ce-vendredi\">Cliquez ici pour lire l&rsquo;article depuis sa source.<\/a><\/p>\n","protected":false},"excerpt":{"rendered":"<p>\u00abLes nouveaux d\u00e9fis de la migration\u00bb du 12 au 14 juillet R\u00e9flexions, expositions, chants\u2026 au menu de la 15e \u00e9dition Et\u00a0\u00a0de quinze pour le festival international de la culture amazighe \u00e0 F\u00e8s (FICAF). La nouvelle \u00e9dition s\u2019ouvre ce vendredi 12 juillet 2019, sous le th\u00e8me: \u00abLes nouveaux d\u00e9fis de la migration dans la r\u00e9gion euro-m\u00e9diterran\u00e9enne: [&hellip;]<\/p>\n","protected":false},"author":1763,"featured_media":46306,"comment_status":"closed","ping_status":"closed","sticky":false,"template":"","format":"standard","meta":{"fifu_image_url":"","fifu_image_alt":"","footnotes":""},"categories":[78,54],"tags":[],"class_list":["post-46305","post","type-post","status-publish","format-standard","has-post-thumbnail","hentry","category-economie","category-maroc"],"_links":{"self":[{"href":"https:\/\/linitiative.ca\/International\/wp-json\/wp\/v2\/posts\/46305","targetHints":{"allow":["GET"]}}],"collection":[{"href":"https:\/\/linitiative.ca\/International\/wp-json\/wp\/v2\/posts"}],"about":[{"href":"https:\/\/linitiative.ca\/International\/wp-json\/wp\/v2\/types\/post"}],"author":[{"embeddable":true,"href":"https:\/\/linitiative.ca\/International\/wp-json\/wp\/v2\/users\/1763"}],"replies":[{"embeddable":true,"href":"https:\/\/linitiative.ca\/International\/wp-json\/wp\/v2\/comments?post=46305"}],"version-history":[{"count":0,"href":"https:\/\/linitiative.ca\/International\/wp-json\/wp\/v2\/posts\/46305\/revisions"}],"wp:featuredmedia":[{"embeddable":true,"href":"https:\/\/linitiative.ca\/International\/wp-json\/"}],"wp:attachment":[{"href":"https:\/\/linitiative.ca\/International\/wp-json\/wp\/v2\/media?parent=46305"}],"wp:term":[{"taxonomy":"category","embeddable":true,"href":"https:\/\/linitiative.ca\/International\/wp-json\/wp\/v2\/categories?post=46305"},{"taxonomy":"post_tag","embeddable":true,"href":"https:\/\/linitiative.ca\/International\/wp-json\/wp\/v2\/tags?post=46305"}],"curies":[{"name":"wp","href":"https:\/\/api.w.org\/{rel}","templated":true}]}}