{"id":46307,"date":"2019-07-15T06:00:00","date_gmt":"2019-07-15T10:00:00","guid":{"rendered":"https:\/\/linitiative.ca\/International\/croissance-inflation-les-frileuses-previsions-de-bruxelles\/"},"modified":"2019-07-15T06:00:00","modified_gmt":"2019-07-15T10:00:00","slug":"croissance-inflation-les-frileuses-previsions-de-bruxelles","status":"publish","type":"post","link":"https:\/\/linitiative.ca\/International\/croissance-inflation-les-frileuses-previsions-de-bruxelles\/","title":{"rendered":"Croissance, inflation\u2026 Les frileuses pr\u00e9visions de Bruxelles"},"content":{"rendered":"<div readability=\"38\">\n<p>La r\u00e9silience des \u00e9conomies est mise \u00e0 l&rsquo;\u00e9preuve<\/p>\n<p>Tensions commerciales, crise au Moyen-Orient, Brexit\u2026<\/p>\n<p>Plusieurs indicateurs \u00e0 surveiller<\/p>\n<\/div>\n<div readability=\"58\">\n<div class=\"dnd-atom-wrapper type-image context-sdl_editor_representation\" contenteditable=\"false\">\n<div class=\"dnd-drop-wrapper image\"><img loading=\"lazy\" decoding=\"async\" typeof=\"foaf:Image\" class=\"img-responsive\" src=\"https:\/\/www.leconomiste.com\/sites\/default\/files\/eco7\/public\/thumbnails\/image\/projection_economie_ue.jpg\" width=\"660\" height=\"330\" alt=\"projection_economie_ue.jpg\" title=\"projection_economie_ue.jpg\"\/><\/div>\n<\/div>\n<p class=\"rtejustify\">L&rsquo;\u00e9conomie europ\u00e9enne poursuit sa croissance, mais \u00e0 un rythme mod\u00e9r\u00e9. Une tendance qui devrait se poursuivre l\u2019ann\u00e9e prochaine, comme le pr\u00e9dit la Commission europ\u00e9enne dans ses perspectives \u00e9conomiques de l&rsquo;\u00e9t\u00e9. Elles sont publi\u00e9es alors que le Parlement europ\u00e9en se prononcera mardi 16 juillet sur la candidature \u00e0 la t\u00eate de la Commission europ\u00e9enne de l&rsquo;Allemande Ursula von der Leyen, d\u00e9j\u00e0 auditionn\u00e9e par les eurod\u00e9put\u00e9s. Quelques indicateurs:<\/p>\n<ul readability=\"4.5\">\n<li class=\"rtejustify\" readability=\"12\">\n<p><strong>Perspectives 2020:<\/strong> L&rsquo;\u00e9conomie europ\u00e9enne (ayant un impact direct ou indirect sur la conjoncture marocaine) devrait conna\u00eetre en 2019 sa septi\u00e8me ann\u00e9e cons\u00e9cutive de croissance. Les pr\u00e9visions concernant le PIB de l&rsquo;UE restent inchang\u00e9es, \u00e0 1,4% cette ann\u00e9e et 1,6% l\u2019ann\u00e9e prochaine. Celles dans la zone euro ont \u00e9t\u00e9 plus fortes que pr\u00e9vu au 1er trimestre de l&rsquo;ann\u00e9e en raison de plusieurs facteurs temporaires tels que la douceur des conditions m\u00e9t\u00e9orologiques en hiver et un rebond des ventes de voitures. Elle a \u00e9galement b\u00e9n\u00e9fici\u00e9 de mesures de politique budg\u00e9taire, qui ont dop\u00e9 le revenu disponible des m\u00e9nages dans plusieurs pays. Les perspectives sont toutefois assombries par des facteurs ext\u00e9rieurs. En cons\u00e9quence, elles resteront inchang\u00e9es en 2019\u00a0 \u00e0 1,2% et revues l\u00e9g\u00e8rement \u00e0 la baisse en 2020, \u00e0 1,4%, en raison du rythme plus mod\u00e9r\u00e9 de la croissance attendu pour le restant de cette ann\u00e9e (pr\u00e9visions de printemps: 1,5%).\u00a0<\/p>\n<\/li>\n<\/ul>\n<p class=\"rtejustify\">\u00a0<\/p>\n<ul readability=\"1\">\n<li class=\"rtejustify\" readability=\"5\">\n<p><strong>La demande int\u00e9rieure:<\/strong> Elle devrait rester le moteur de la croissance en 2019-2020, soutenue par des politiques mon\u00e9taires accommodantes. Elles devraient durer encore quelque temps, la guidance de la BCE l\u00e0-dessus est claire, une politique budg\u00e9taire expansionniste dans certains Etats membres et un march\u00e9 du travail qui heureusement se porte bien. L&#8217;emploi dans l&rsquo;UE a atteint un sommet sans pr\u00e9c\u00e9dent et le taux de ch\u00f4mage qui reste trop \u00e9lev\u00e9 a diminu\u00e9 \u00e0 son plus bas niveau de ces dix derni\u00e8res ann\u00e9es.<\/p>\n<\/li>\n<\/ul>\n<p class=\"rtejustify\">\u00a0<\/p>\n<ul readability=\"8.5\">\n<li class=\"rtejustify\" readability=\"20\">\n<p><strong>Allemagne, Italie, France\u2026:<\/strong> \u00abToutes les \u00e9conomies de l&rsquo;UE devraient encore conna\u00eetre la croissance cette ann\u00e9e et l&rsquo;ann\u00e9e prochaine, m\u00eame si la croissance solide en Europe centrale et orientale contraste avec le ralentissement en Allemagne et en Italie\u00bb, indique Valdis Dombrovskis, vice-pr\u00e9sident pour l&rsquo;euro et le dialogue social, \u00e9galement charg\u00e9 de la stabilit\u00e9 financi\u00e8re, des services financiers et de l&rsquo;union des march\u00e9s des capitaux. Selon Bruxelles, Berlin et Rome afficheront en 2019 les niveaux de croissance les plus faibles de la zone euro avec respectivement: 0,1% (puis 0,7% en 2020) et 0,5% (1,4% en 2020). Quant \u00e0 la croissance fran\u00e7aise, elle devrait atteindre 1,3% puis 1,4%. \u00abLa r\u00e9silience de nos \u00e9conomies est mise \u00e0 l&rsquo;\u00e9preuve par la faiblesse persistante du secteur manufacturier, qui d\u00e9coule de tensions commerciales et d&rsquo;incertitudes quant aux futures politiques. Sur le plan int\u00e9rieur, l&rsquo;hypoth\u00e8se d&rsquo;un Brexit sans accord demeure une source majeure de risque\u00bb, selon Dombrovskis.<\/p>\n<\/li>\n<\/ul>\n<p class=\"rtejustify\">\u00a0<\/p>\n<ul readability=\"4.5\">\n<li class=\"rtejustify\" readability=\"12\">\n<p><strong>L\u2019inflation ralentit:<\/strong> Les pr\u00e9visions d&rsquo;inflation globale dans la zone euro et dans l&rsquo;UE ont \u00e9t\u00e9 abaiss\u00e9es de 0,1 point de pourcentage pour cette ann\u00e9e et pour l&rsquo;ann\u00e9e prochaine. Et ce, principalement en raison de la baisse des prix du p\u00e9trole et de la l\u00e9g\u00e8re d\u00e9gradation des perspectives \u00e9conomiques. L&rsquo;inflation (indice des prix \u00e0 la consommation harmonis\u00e9) pr\u00e9vue dans la zone euro est d\u00e9sormais de 1,3% en moyenne, tant pour 2019 que pour 2020 (pr\u00e9visions de printemps respectivement: 1,4 %). Ce chiffre reste bien inf\u00e9rieur \u00e0 l&rsquo;objectif de la Banque centrale europ\u00e9enne (BCE) qui vise un niveau d&rsquo;inflation l\u00e9g\u00e8rement inf\u00e9rieur \u00e0 2% dans l&rsquo;ensemble des 19 pays ayant adopt\u00e9 la monnaie unique. Dans l&rsquo;UE, elle devrait \u00eatre en moyenne de 1,5% en 2019 et 1,6% en 2020 (pr\u00e9visions de printemps: 1,6% et 1,7%).<\/p>\n<\/li>\n<\/ul>\n<hr\/>\n<p class=\"rtecenter\"><span class=\"c4\">Des risques<\/span><\/p>\n<p>Les risques qui p\u00e8sent sur les perspectives \u00e9conomiques mondiales restent \u00e9troitement interconnect\u00e9s et sont principalement n\u00e9gatifs. La confrontation qui se prolonge entre les Etats-Unis et la Chine, \u00e0 laquelle s&rsquo;ajoutent les fortes incertitudes qui entourent la politique commerciale am\u00e9ricaine, pourrait prolonger le ralentissement actuel du commerce et de l&rsquo;industrie manufacturi\u00e8re \u00e0 l&rsquo;\u00e9chelle mondiale, avec des incidences sur d&rsquo;autres r\u00e9gions et secteurs. De nouveaux risques sur les march\u00e9s financiers sont \u00e0 craindre. Les tensions au Moyen-Orient augmentent \u00e9galement le risque de hausses importantes des prix du p\u00e9trole (en janvier 2019, le p\u00e9trole se n\u00e9gociait \u00e0 46 dollars le baril, il est remont\u00e9 aujourd\u2019hui \u00e0 plus de 60 dollars). Sur le plan int\u00e9rieur, le Brexit demeure une source d&rsquo;incertitude majeure. \u00abL&rsquo;\u00e9conomie europ\u00e9enne continue de cro\u00eetre dans un contexte mondial difficile. Tous les pays de l&rsquo;UE devraient conna\u00eetre de nouveau la croissance en 2019 et en 2020, la demande \u00e9tant soutenue par un march\u00e9 du travail fort\u00bb, souligne Pierre Moscovici, commissaire pour les affaires \u00e9conomiques et financi\u00e8res, la fiscalit\u00e9 et les douanes. Et d\u2019ajouter: \u00abEtant donn\u00e9 les nombreux risques qui p\u00e8sent sur les perspectives, nous devons intensifier nos efforts pour renforcer encore la r\u00e9silience de nos \u00e9conomies et celle de la zone euro dans son ensemble\u00bb. Pour l&rsquo;ann\u00e9e prochaine, et partant de l&rsquo;hypoth\u00e8se que les tensions commerciales ne s&rsquo;accroissent plus, la croissance du commerce mondiale hors UE devrait s&rsquo;\u00e9tablir aux alentours de 3%.\u00a0<\/p>\n<p class=\"rtejustify\">Fatim-Zahra TOHRY &#038;\u00a0Maha EL MILOUDI<\/p>\n<\/div>\n<p>Auteur: leco_web_admin<br \/>\n<a href=\"https:\/\/www.leconomiste.com\/article\/1047718-croissance-inflation-les-frileuses-previsions-de-bruxelles\">Cliquez ici pour lire l&rsquo;article depuis sa source.<\/a><\/p>\n","protected":false},"excerpt":{"rendered":"<p>La r\u00e9silience des \u00e9conomies est mise \u00e0 l&rsquo;\u00e9preuve Tensions commerciales, crise au Moyen-Orient, Brexit\u2026 Plusieurs indicateurs \u00e0 surveiller L&rsquo;\u00e9conomie europ\u00e9enne poursuit sa croissance, mais \u00e0 un rythme mod\u00e9r\u00e9. Une tendance qui devrait se poursuivre l\u2019ann\u00e9e prochaine, comme le pr\u00e9dit la Commission europ\u00e9enne dans ses perspectives \u00e9conomiques de l&rsquo;\u00e9t\u00e9. Elles sont publi\u00e9es alors que le Parlement [&hellip;]<\/p>\n","protected":false},"author":1763,"featured_media":46308,"comment_status":"closed","ping_status":"closed","sticky":false,"template":"","format":"standard","meta":{"fifu_image_url":"","fifu_image_alt":"","footnotes":""},"categories":[78,54],"tags":[],"class_list":["post-46307","post","type-post","status-publish","format-standard","has-post-thumbnail","hentry","category-economie","category-maroc"],"_links":{"self":[{"href":"https:\/\/linitiative.ca\/International\/wp-json\/wp\/v2\/posts\/46307","targetHints":{"allow":["GET"]}}],"collection":[{"href":"https:\/\/linitiative.ca\/International\/wp-json\/wp\/v2\/posts"}],"about":[{"href":"https:\/\/linitiative.ca\/International\/wp-json\/wp\/v2\/types\/post"}],"author":[{"embeddable":true,"href":"https:\/\/linitiative.ca\/International\/wp-json\/wp\/v2\/users\/1763"}],"replies":[{"embeddable":true,"href":"https:\/\/linitiative.ca\/International\/wp-json\/wp\/v2\/comments?post=46307"}],"version-history":[{"count":0,"href":"https:\/\/linitiative.ca\/International\/wp-json\/wp\/v2\/posts\/46307\/revisions"}],"wp:featuredmedia":[{"embeddable":true,"href":"https:\/\/linitiative.ca\/International\/wp-json\/"}],"wp:attachment":[{"href":"https:\/\/linitiative.ca\/International\/wp-json\/wp\/v2\/media?parent=46307"}],"wp:term":[{"taxonomy":"category","embeddable":true,"href":"https:\/\/linitiative.ca\/International\/wp-json\/wp\/v2\/categories?post=46307"},{"taxonomy":"post_tag","embeddable":true,"href":"https:\/\/linitiative.ca\/International\/wp-json\/wp\/v2\/tags?post=46307"}],"curies":[{"name":"wp","href":"https:\/\/api.w.org\/{rel}","templated":true}]}}