{"id":46320,"date":"2019-07-15T15:13:58","date_gmt":"2019-07-15T19:13:58","guid":{"rendered":"https:\/\/linitiative.ca\/International\/equipe-dalgerie-mahrez-cest-le-but-le-plus-important-que-jai-marque-en-selection\/"},"modified":"2019-07-15T15:13:58","modified_gmt":"2019-07-15T19:13:58","slug":"equipe-dalgerie-mahrez-cest-le-but-le-plus-important-que-jai-marque-en-selection","status":"publish","type":"post","link":"https:\/\/linitiative.ca\/International\/equipe-dalgerie-mahrez-cest-le-but-le-plus-important-que-jai-marque-en-selection\/","title":{"rendered":"Equipe d&rsquo;Alg\u00e9rie : Mahrez: \u00abC\u2019est le but le plus important que j\u2019ai marqu\u00e9 en s\u00e9lection\u00bb"},"content":{"rendered":"<div readability=\"32\">\n<p>Auteur : <span>Hamza Rahmouni<\/span> <span class=\"time\">lundi 15 juillet 2019 13:05<\/span><\/p>\n<\/div>\n<div id=\"post_core\" readability=\"50\">\n<p>Le h\u00e9ro de la soir\u00e9e d\u2019hier Ryad Mahrez, a \u00e9t\u00e9 d\u00e9sign\u00e9 homme du match apr\u00e8s avoir marqu\u00e9 le second but de l\u2019Alg\u00e9rie dans le temps additionnel. Une performance qui a propuls\u00e9 les Verts en finale de la CAN, 29 ans plus tard.<\/p>\n<p><strong>C\u2019est tout simplement magique ce que vous venez de faire. Tout le peuple vous dit merci\u2026<\/strong><br \/>C\u2019est gr\u00e2ce au peuple alg\u00e9rien que nous sommes en finale de la CAN. Sans leurs appuis, on ne serait sans doute pas \u00e0 ce niveau de la comp\u00e9tition. Nous \u00e9tions vraiment motiv\u00e9s \u00e0 200% en d\u00e9but de match surtout apr\u00e8s avoir vu les gradins archicombles. Nous sommes fiers d\u2019avoir le peuple \u00e0 nos c\u00f4t\u00e9s. On tient nous aussi \u00e0 leur dire merci.<br \/><strong>En marquant ce but dans les arr\u00eats de jeu, vous avez \u00e9t\u00e9 d\u00e9sign\u00e9 homme du match. \u00cates-vous pleinement satisfait de votre prestation ?<\/strong><br \/>Je suis tr\u00e8s heureux d\u2019avoir contribu\u00e9 \u00e0 la qualification de mon pays pour cette finale. Il est vrai que j\u2019ai le sentiment d\u2019avoir fait mon devoir mais il ne faut pas oublier que cette qualification est aussi celle de l\u2019ensemble du groupe. On s\u2019est bien d\u00e9fendus durant les 90 minutes de cette rencontre. \u00c7a n\u2019a pas \u00e9t\u00e9 facile. C\u2019est dire que je n\u2019ai fait que terminer le travail de l\u2019ensemble du groupe dans ce match.<br \/><strong>Dans quel \u00e9tat d\u2019esprit \u00e9tiez-vous avant de tirer ce coup franc ?<\/strong><br \/>J\u2019\u00e9tais tr\u00e8s concentr\u00e9. Je voulais vraiment placer le ballon au bon endroit. C\u2019est ce qui s\u2019est produit. Il est vrai que je travaille beaucoup ces frappes \u00e0 l\u2019entra\u00eenement. En tous les cas, je suis heureux d\u2019avoir contribu\u00e9 \u00e0 cette qualification en finale. Je dirais aussi que c\u2019est sans doute le but le plus important que j\u2019ai marqu\u00e9 avec l\u2019Alg\u00e9rie. D\u00e9sormais, nous devons aller au bout et ramener cette coupe au peuple alg\u00e9rien.<br \/><strong>\u00a0Le Nigeria a pu \u00e9galiser apr\u00e8s un penalty douteux. N\u2019aviez-vous pas dout\u00e9 \u00e0 ce moment du match ?<\/strong><br \/>Il est vrai que la d\u00e9cision du penalty a \u00e9t\u00e9 quelque peu s\u00e9v\u00e8re mais \u00e0 aucun moment de cette rencontre nous n\u2019\u00e9tions dans le doute. On savait qu\u2019on pouvait revenir \u00e0 tout moment dans ce match. D\u2019ailleurs, nous nous sommes cr\u00e9\u00e9es pas mal d\u2019occasion devant les buts. La barre transversale de Bennacer en est la preuve. Le fait de se cr\u00e9er des occasions prouve que nous \u00e9tions toujours dans le match.<br \/><strong>Le S\u00e9n\u00e9gal s\u2019est impos\u00e9 face \u00e0 la Tunisie. Qu\u2019avez-vous \u00e0 dire sur cette finale ?<\/strong><br \/>Ce sera sans doute le match le plus difficile depuis l\u2019entame de cette CAN car au bout, il y aura un troph\u00e9e \u00e0 gagner. Nous allons prendre le temps d\u2019abord de bien r\u00e9cup\u00e9rer avant cette finale. On comptera aussi sur les consignes du coach pour tenter de prendre le dessus dans ce match. Maintenant que nous sommes en finale, on ne pensera qu\u2019\u00e0 aller jusqu\u2019au bout en remportant cette Coupe d\u2019Afrique des nations.<br \/><strong>D\u00e9sormais, tout le peuple alg\u00e9rien r\u00eave du sacre\u2026<\/strong><br \/>C\u2019est normal et notre peuple a toutes les raisons de vouloir cette coupe. On promet de donner le meilleur de nous-m\u00eames pour revenir avec la Coupe d\u2019Afrique en Alg\u00e9rie. Ce sera vraiment fabuleux pour notre peuple et nos supporters qui se sont d\u00e9plac\u00e9s jusqu\u2019en Egypte rien que pour nous soutenir. On va faire le n\u00e9cessaire pour aller jusqu\u2019au bout. Une finale, ce sera vraiment compliqu\u00e9 pour nous mais on fera le maximum pour revenir \u00e0 la maison avec cette coupe.<br \/>\u00a0<\/p>\n<\/div>\n<p>Auteur:<br \/>\n<a href=\"http:\/\/www.lebuteur.com\/article\/detail?titre=mahrez-cest-le-but-le-plus-important-que-jai-marque-en-selection&#038;id=90390&#038;utm_source=feedburner&#038;utm_medium=feed&#038;utm_campaign=Feed%3A+GalerieFArtciles+%28Les+derniers+articles++-+lebuteur.com%29\">Cliquez ici pour lire l&rsquo;article depuis sa source.<\/a><\/p>\n","protected":false},"excerpt":{"rendered":"<p>Auteur : Hamza Rahmouni lundi 15 juillet 2019 13:05 Le h\u00e9ro de la soir\u00e9e d\u2019hier Ryad Mahrez, a \u00e9t\u00e9 d\u00e9sign\u00e9 homme du match apr\u00e8s avoir marqu\u00e9 le second but de l\u2019Alg\u00e9rie dans le temps additionnel. Une performance qui a propuls\u00e9 les Verts en finale de la CAN, 29 ans plus tard. C\u2019est tout simplement magique [&hellip;]<\/p>\n","protected":false},"author":1738,"featured_media":46321,"comment_status":"closed","ping_status":"closed","sticky":false,"template":"","format":"standard","meta":{"fifu_image_url":"","fifu_image_alt":"","footnotes":""},"categories":[53,75],"tags":[],"class_list":["post-46320","post","type-post","status-publish","format-standard","has-post-thumbnail","hentry","category-algerie","category-sport"],"_links":{"self":[{"href":"https:\/\/linitiative.ca\/International\/wp-json\/wp\/v2\/posts\/46320","targetHints":{"allow":["GET"]}}],"collection":[{"href":"https:\/\/linitiative.ca\/International\/wp-json\/wp\/v2\/posts"}],"about":[{"href":"https:\/\/linitiative.ca\/International\/wp-json\/wp\/v2\/types\/post"}],"author":[{"embeddable":true,"href":"https:\/\/linitiative.ca\/International\/wp-json\/wp\/v2\/users\/1738"}],"replies":[{"embeddable":true,"href":"https:\/\/linitiative.ca\/International\/wp-json\/wp\/v2\/comments?post=46320"}],"version-history":[{"count":0,"href":"https:\/\/linitiative.ca\/International\/wp-json\/wp\/v2\/posts\/46320\/revisions"}],"wp:featuredmedia":[{"embeddable":true,"href":"https:\/\/linitiative.ca\/International\/wp-json\/"}],"wp:attachment":[{"href":"https:\/\/linitiative.ca\/International\/wp-json\/wp\/v2\/media?parent=46320"}],"wp:term":[{"taxonomy":"category","embeddable":true,"href":"https:\/\/linitiative.ca\/International\/wp-json\/wp\/v2\/categories?post=46320"},{"taxonomy":"post_tag","embeddable":true,"href":"https:\/\/linitiative.ca\/International\/wp-json\/wp\/v2\/tags?post=46320"}],"curies":[{"name":"wp","href":"https:\/\/api.w.org\/{rel}","templated":true}]}}