{"id":46328,"date":"2019-07-15T15:14:04","date_gmt":"2019-07-15T19:14:04","guid":{"rendered":"https:\/\/linitiative.ca\/International\/ligue-1-2-mca-chafai-officiellement-pour-deux-saisons-au-mouloudia\/"},"modified":"2019-07-15T15:14:04","modified_gmt":"2019-07-15T19:14:04","slug":"ligue-1-2-mca-chafai-officiellement-pour-deux-saisons-au-mouloudia","status":"publish","type":"post","link":"https:\/\/linitiative.ca\/International\/ligue-1-2-mca-chafai-officiellement-pour-deux-saisons-au-mouloudia\/","title":{"rendered":"Ligue 1 &amp; 2 : MCA: Chafa\u00ef officiellement pour deux saisons au Mouloudia"},"content":{"rendered":"<div readability=\"33\">\n<p>Auteur : <span>Kamel M., T.Che<\/span> <span class=\"time\">lundi 15 juillet 2019 13:10<\/span><\/p>\n<\/div>\n<div id=\"post_core\" readability=\"126\">\n<p>Apr\u00e8s un tr\u00e8s long suspense, Chafa\u00ef a finalement pris la d\u00e9cision de signer au Mouloudia, et c\u2019est hier en d\u00e9but de soir\u00e9e qu\u2019il a appos\u00e9 sa signature sur le contrat, puisque le pr\u00e9sident du CA, Mohamed Hireche, a r\u00e9ussi \u00e0 le convaincre d\u2019endosser le maillot vert et rouge, apr\u00e8s que le joueur s\u2019est montr\u00e9 h\u00e9sitant. En effet, il n\u2019est un secret pour personne que Chafa\u00ef avait d\u00e9j\u00e0 trouv\u00e9 un accord avec la direction du club, mais il \u00e9tait h\u00e9sitant apr\u00e8s que le CRB l\u2019a contact\u00e9 \u00e0 nouveau en essayant de le convaincre \u00e0 son tour de rejoindre les rangs de son \u00e9quipe. Finalement Hireche a eu le dernier mot, et Chafa\u00ef est donc la septi\u00e8me recrue du MCA durant ce mercato estival.<\/p>\n<p><strong>Le joueur a fait durer le suspense et le CRB \u00e9tait confiant<\/strong><br \/>\u00c0 vrai dire, Chafa\u00ef, et dans un moment d\u2019h\u00e9sitation, avait n\u00e9goci\u00e9 une nouvelle offre du CRB, et les responsables belouizdadis l\u2019ont m\u00eame annonc\u00e9 officiellement dans les rangs de leur \u00e9quipe, du fait que le joueur leur a donn\u00e9 sa parole. La nouvelle s\u2019est propag\u00e9e comme une tra\u00een\u00e9e de poudre, mais au Mouloudia on s\u2019est montr\u00e9s serein, malgr\u00e9 tout ce qui s\u2019est dit sur le joueur et sa signature au CRB. Le pr\u00e9sident du CA, Mohamed Hireche, et d\u00e8s son retour de Tunisie o\u00f9 il a rendu visite \u00e0 l\u2019\u00e9quipe, a pris une nouvelle fois attache avec Chafa\u00ef qui lui assur\u00e9 qu\u2019il n\u2019avait sign\u00e9 aucun document avec le CRB, m\u00eame s\u2019il a reconnu avoir rencontr\u00e9 les responsables belouizdadis. Hier matin, Hireche lui a fix\u00e9 rendez-vous une nouvelle fois et les n\u00e9gociations ont d\u00e9but\u00e9 en fin d\u2019apr\u00e8s-midi. Il est vrai que le joueur avait d\u00e9j\u00e0 tout conclu avec le Mouloudia, mais il avait besoin d\u2019\u00eatre rassur\u00e9 au sujet de son engagement avec le club, ce qui explique les n\u00e9gociations qu\u2019il avait men\u00e9es avec le Chabab. Hireche, en homme d\u2019exp\u00e9rience, a donc su lui tenir le bon langage, finissant par arracher l\u2019accord final du joueur qui a sign\u00e9 son contrat au si\u00e8ge du club. \u00a0<\/p>\n<p><strong>Il sera du voyage avec l\u2019\u00e9quipe en Pologne<\/strong><br \/>Sachant que l\u2019\u00e9quipe s\u2019envolera ce vendredi \u00e0 destination de la Pologne pour effectuer son stage de pr\u00e9paration, la direction du club entamera les d\u00e9marches n\u00e9cessaires pour que Chafa\u00ef puisse faire partie du voyage. Un grand travail attend le joueur pour qu\u2019il revienne \u00e0 sa forme, lorsqu\u2019on sait qu\u2019il a achev\u00e9 la saison plus t\u00f4t que pr\u00e9vu avec son ancien club.\u00a0\u00a0 \u00a0<br \/>\u00a0<\/p>\n<p><strong>Sakhri install\u00e9 officiellement \u00a0<\/strong><\/p>\n<p>Le pr\u00e9sident du CA, Hir\u00e8che, s\u2019est pr\u00e9sent\u00e9 avec Fouad Sakhri \u00e0 la salle de conf\u00e9rences de l\u2019h\u00f4tel du Val. Le responsable mouloud\u00e9en a annonc\u00e9 l\u2019installation officielle de Sakhri au poste de directeur g\u00e9n\u00e9ral du club. Prenant la parole bri\u00e8vement, \u00e0 15h00, pour annoncer la nouvelle, Hir\u00e8che se contentera de dire aux m\u00e9dias : \u00ab J\u2019annonce officiellement l\u2019installation de Sakhri d\u00e8s aujourd\u2019hui au poste de directeur g\u00e9n\u00e9ral du Mouloudia \u00bb. Il \u00e9tait 15h 03 lorsque Fouad Sakhri a pris la parole pour donner les contours de sa politique et de ses ambitions futures. Le nouveau directeur g\u00e9n\u00e9ral du club s\u2019est exprim\u00e9 durant dix minutes en affirmant qu\u2019il y aura prochainement une conf\u00e9rence de presse qui sera \u00e0 m\u00eame de r\u00e9pondre aux interrogations des m\u00e9dias et des supporters.<\/p>\n<p><strong>Sakhri : \u00abJe vais faire le point ce lundi avec Casoni pour connaitre les besoins de l\u2019\u00e9quipe\u00bb<\/strong><br \/>Le directeur g\u00e9n\u00e9ral, Fouad Sakhri, va se mettre en action en rencontrant, aujourd\u2019hui, Bernard Casoni, afin de faire le point avec lui. Il sera question de discuter du recrutement qui doit \u00eatre fait dans les prochaines heures pour compl\u00e9ter l\u2019effectif mouloud\u00e9en. Lors de son intervention, Sakhri nous a donn\u00e9 les grandes lignes de sa politique et de ses ambitions loin de tout conflit : \u00ab Je devais animer une conf\u00e9rence de presse apr\u00e8s avoir rencontr\u00e9 Casoni et les joueurs. Je suis l\u00e0 pour annoncer mon installation officielle au poste de directeur g\u00e9n\u00e9ral du club. Je prends donc aujourd\u2019hui mes nouvelles fonctions. Je pr\u00e9cise que je vais rencontrer ce lundi Casoni afin de faire le point avec lui et conna\u00eetre ainsi les besoins de l\u2019\u00e9quipe \u00bb.<\/p>\n<p><strong>\u00ab Casoni va me remettre le rapport de stage \u00bb<\/strong><br \/>Poursuivant son analyse de la situation, le nouveau DG nous a confi\u00e9 : \u00ab On n\u2019est pas en train de dormir. M\u00eame dans les gradins, on sait ce qui manque \u00e0 cette \u00e9quipe. Je vais discuter avec Casoni afin de conna\u00eetre les besoins. Il y aura aussi le rapport de stage qui me sera remis \u00bb.<\/p>\n<p><strong>\u00ab Je suis un rassembleur, je ne suis pas venu pour me venger \u00bb<\/strong><br \/>Affichant son intention de rassembler toute la famille mouloud\u00e9enne, le DG le dit haut et fort : \u00ab On va faire tout notre possible pour f\u00e9d\u00e9rer tout le monde. Ceux qui me connaissent savent que je suis un rassembleur. Je ne suis pas venu pour me venger mais pour unir la famille mouloud\u00e9enne \u00bb.<br \/>\u00a0\u00a0\u00a0\u00a0\u00a0 \u00a0<br \/><strong>\u00ab Maintenant il faut agir car les supporters sont lass\u00e9s de\u00a0 n\u2019entendre que des promesses \u00bb<\/strong><br \/>Sakhri refuse de trop parler, pr\u00e9f\u00e9rant joindre l\u2019acte \u00e0 la parole : \u00ab Maintenant il faut les faits. Il faut agir car les supporters sont lass\u00e9s de n\u2019entendre que des promesses et de belles paroles. Je veux qu\u2019on travaille les uns avec les autres \u00bb.<\/p>\n<p><strong>\u00ab Bienvenue \u00e0 toute personne qui voudrait aider le club, et place aux comp\u00e9tences ! \u00bb<\/strong><br \/>L\u2019accent est mis sur les comp\u00e9tences et l\u2019aide pr\u00e9cieuse de toute personne bien intentionn\u00e9e : \u00ab Je souhaite la bienvenue \u00e0 toute personne qui voudrait aider le club ou apporter sa pierre \u00e0 l\u2019\u00e9difice. On fera aussi appel aux personnes comp\u00e9tentes et qualifi\u00e9es. Place maintenant aux comp\u00e9tences avec l\u2019ambition de tirer le club vers le haut \u00bb.<\/p>\n<p><strong>\u00ab Ceux qui veulent d\u00e9truire n\u2019ont pas leur place avec nous \u00bb<\/strong><br \/>Et avant de conclure, l\u2019homme fort du Mouloudia met en garde \u00e0 sa mani\u00e8re tout esprit malintentionn\u00e9 ou toute envie de d\u00e9truire dans une \u00e9quipe du Mouloudia qui voit \u00e0 l\u2019horizon le centenaire s\u2019approcher. \u00ab Je tiens aussi \u00e0 pr\u00e9ciser que ceux qui veulent d\u00e9truire n\u2019ont pas leur place avec nous \u00bb, dira t-il.<br \/>\u00a0 \u00a0<br \/>\u00a0<\/p>\n<p><strong>Publi\u00e9 dans :<\/strong> <span>mca<\/span> <span>Casoni<\/span> <span>Mohamed Hireche<\/span> <span>Sakhri<\/span><\/p>\n<\/div>\n<p>Auteur:<br \/>\n<a href=\"http:\/\/www.lebuteur.com\/article\/detail?titre=mca-chafai-officiellement-pour-deux-saisons-au-mouloudia&#038;id=90380&#038;utm_source=feedburner&#038;utm_medium=feed&#038;utm_campaign=Feed%3A+GalerieFArtciles+%28Les+derniers+articles++-+lebuteur.com%29\">Cliquez ici pour lire l&rsquo;article depuis sa source.<\/a><\/p>\n","protected":false},"excerpt":{"rendered":"<p>Auteur : Kamel M., T.Che lundi 15 juillet 2019 13:10 Apr\u00e8s un tr\u00e8s long suspense, Chafa\u00ef a finalement pris la d\u00e9cision de signer au Mouloudia, et c\u2019est hier en d\u00e9but de soir\u00e9e qu\u2019il a appos\u00e9 sa signature sur le contrat, puisque le pr\u00e9sident du CA, Mohamed Hireche, a r\u00e9ussi \u00e0 le convaincre d\u2019endosser le maillot [&hellip;]<\/p>\n","protected":false},"author":1738,"featured_media":46329,"comment_status":"closed","ping_status":"closed","sticky":false,"template":"","format":"standard","meta":{"fifu_image_url":"","fifu_image_alt":"","footnotes":""},"categories":[53,75],"tags":[],"class_list":["post-46328","post","type-post","status-publish","format-standard","has-post-thumbnail","hentry","category-algerie","category-sport"],"_links":{"self":[{"href":"https:\/\/linitiative.ca\/International\/wp-json\/wp\/v2\/posts\/46328","targetHints":{"allow":["GET"]}}],"collection":[{"href":"https:\/\/linitiative.ca\/International\/wp-json\/wp\/v2\/posts"}],"about":[{"href":"https:\/\/linitiative.ca\/International\/wp-json\/wp\/v2\/types\/post"}],"author":[{"embeddable":true,"href":"https:\/\/linitiative.ca\/International\/wp-json\/wp\/v2\/users\/1738"}],"replies":[{"embeddable":true,"href":"https:\/\/linitiative.ca\/International\/wp-json\/wp\/v2\/comments?post=46328"}],"version-history":[{"count":0,"href":"https:\/\/linitiative.ca\/International\/wp-json\/wp\/v2\/posts\/46328\/revisions"}],"wp:featuredmedia":[{"embeddable":true,"href":"https:\/\/linitiative.ca\/International\/wp-json\/"}],"wp:attachment":[{"href":"https:\/\/linitiative.ca\/International\/wp-json\/wp\/v2\/media?parent=46328"}],"wp:term":[{"taxonomy":"category","embeddable":true,"href":"https:\/\/linitiative.ca\/International\/wp-json\/wp\/v2\/categories?post=46328"},{"taxonomy":"post_tag","embeddable":true,"href":"https:\/\/linitiative.ca\/International\/wp-json\/wp\/v2\/tags?post=46328"}],"curies":[{"name":"wp","href":"https:\/\/api.w.org\/{rel}","templated":true}]}}