{"id":46334,"date":"2019-07-15T15:14:08","date_gmt":"2019-07-15T19:14:08","guid":{"rendered":"https:\/\/linitiative.ca\/International\/ligue-1-2-jsk-ait-abdeslam-rechute\/"},"modified":"2019-07-15T15:14:08","modified_gmt":"2019-07-15T19:14:08","slug":"ligue-1-2-jsk-ait-abdeslam-rechute","status":"publish","type":"post","link":"https:\/\/linitiative.ca\/International\/ligue-1-2-jsk-ait-abdeslam-rechute\/","title":{"rendered":"Ligue 1 &amp; 2 : JSK: Ait Abdeslam rechute"},"content":{"rendered":"<div readability=\"32\">\n<p>Auteur : <span>Sa\u00efd Djoudi<\/span> <span class=\"time\">lundi 15 juillet 2019 13:10<\/span><\/p>\n<\/div>\n<div id=\"post_core\" readability=\"92\">\n<p>Finir le programme de la pr\u00e9paration d\u2019intersaison avec z\u00e9ro bless\u00e9 n\u2019est toujours pas \u00e9vident lorsqu\u2019on sait que les joueurs sont soumis durant cette p\u00e9riode \u00e0 une charge de travail physique tr\u00e8s intense. Les staffs technique et m\u00e9dical de la JSK font tout leur possible pour arriver \u00e0 l\u2019entame de la comp\u00e9tition avec l\u2019ensemble des joueurs pr\u00eats \u00e0 cette \u00e9ch\u00e9ance continentale tr\u00e8s importante pour le club. Les moyens de r\u00e9cup\u00e9ration \u00e0 Evian ne manquent pas et le staff m\u00e9dical est mobilis\u00e9 pour prendre en charge les petits bobos. Parlant des cas de blessure en cette p\u00e9riode de pr\u00e9paration, l\u2019arri\u00e8re droit kabyle Ait Abdeslam n\u2019a pas termin\u00e9 le dernier match face au FC Annecy. Il a jou\u00e9 \u00e0 peine dix minutes de la deuxi\u00e8me mi-temps avant d\u2019\u00eatre forc\u00e9 \u00e0 c\u00e9der sa place au jeune Mebarki. Ait Abdeslam a ressenti des douleurs \u00e0 l\u2019adducteur qui l\u2019ont emp\u00each\u00e9 d\u2019aller au bout de la rencontre. En effet, Ait Abdeslam a contract\u00e9 cette blessure lors du premier stage \u00e0 Zekri. D\u2019ailleurs il a \u00e9t\u00e9 forc\u00e9 au repos total durant les trois derniers jours avant de rentrer \u00e0 Tizi. Visiblement, le joueur ne s\u2019est pas remis \u00e0 100 % et du coup il devra encore \u00eatre soumis \u00e0 d\u2019autres soins intensifs, l\u2019objectif c\u2019est de r\u00e9cup\u00e9rer le joueur le plus t\u00f4t possible et ne pas lui faire rater beaucoup d\u2019exercices.<\/p>\n<p><strong>Il est incertain face \u00e0 Fr\u00e9jus Saint-Rapha\u00ebl<\/strong><br \/>Apr\u00e8s la premi\u00e8re sortie r\u00e9ussie en amical, samedi soir, face \u00e0 la formation du FC Annecy (National 2), la JSK livrera sa deuxi\u00e8me rencontre demain face \u00e0 Fr\u00e9jus Saint-Rapha\u00ebl du palier sup\u00e9rieur (National 1). Le staff technique va profiter de cette deuxi\u00e8me sortie pour jauger la forme physique de ses hommes et se faire une id\u00e9e pr\u00e9cise sur les capacit\u00e9s de chacun. Tous les joueurs seront concern\u00e9s par ce match, except\u00e9 l\u2019arri\u00e8re droit Ait Abdeslam qui sera m\u00e9nag\u00e9. En effet, le staff m\u00e9dical n\u2019a pas encore donn\u00e9 son feu vert, il a pr\u00e9vu un programme sp\u00e9cifique pour le jeune Canari jusqu\u2019\u00e0 son r\u00e9tablissement total.<\/p>\n<p><strong>Le joueur a le moral \u00e0 plat<\/strong><br \/>A sa sortie du terrain, face au FC Annecy le jeune arri\u00e8re droit Ait Abdeslam avait le moral dans les chaussettes. Il voulait vraiment aller au bout de la deuxi\u00e8me mi-temps et montrer au coach Velud ses qualit\u00e9s. La blessure est venue au mauvais moment car Ait Abdeslam, qui devra faire face \u00e0 une rude concurrence en d\u00e9fense, voulait profiter beaucoup de ce deuxi\u00e8me regroupement afin d\u2019\u00eatre pr\u00eat pour l\u2019entame de la comp\u00e9tition africaine. Le Dr Djadjoua et tous les autres membres du staff m\u00e9dical sont mobilis\u00e9s pour retaper la sant\u00e9 du joueur le plus vite possible.<br \/><strong>Il aura trois jours de repos<\/strong><br \/>L\u2019arri\u00e8re droit Ait Abdeslam ne s\u2019est pas entra\u00een\u00e9 hier avec le groupe. En raison de sa blessure \u00e0 l\u2019adducteur, le joueur est pris en charge par le staff m\u00e9dical. Celui-ci a accord\u00e9 trois jours de repos au joueur durant lesquels il sera soumis \u00e0 des soins intensifs.<br \/>\u00a0<\/p>\n<p><strong>Tizi Bouali \u00abLa LDC va arriver tr\u00e8s vite, on ne doit pas perdre de temps\u00bb<\/strong><\/p>\n<p>La JSK a r\u00e9ussi son premier test amical face \u00e0 la formation du FC Annecy qu\u2019elle a battu sur le score d\u2019un but \u00e0 z\u00e9ro. Certes, le r\u00e9sultat est loin de constituer l\u2019objectif num\u00e9ro un de l\u2019entra\u00eeneur Hubert Velud, mais il n\u2019en demeure pas moins que sur le plan psychologique il va beaucoup aider les Canaris \u00e0 continuer leur travail et redoubler d\u2019efforts afin d\u2019\u00eatre au top \u00e0 l\u2019entame de la comp\u00e9tition. \u00c0 l\u2019issue de cette premi\u00e8re joute amicale, l\u2019axial Tizi Bouali a livr\u00e9 ses impressions du match, mais surtout de la premi\u00e8re semaine \u00e0 Evian en d\u00e9clarant : \u00ab Je vous assure qu\u2019on est en train d\u2019effectuer un travail \u00e9norme \u00e0 Evian. Depuis notre arriv\u00e9e ici, l\u2019\u00e9quipe fournit de gros efforts pour \u00eatre pr\u00eat d\u00e8s l\u2019entame de la comp\u00e9tition. On d\u00e9butera la Ligue des champions en ao\u00fbt prochain, ce challenge continental va arriver tr\u00e8s vite, du coup, on doit augmenter la cadence et ne pas perdre de temps. Les signes sont positifs depuis le d\u00e9but du programme \u00e0 Zekri, il faut maintenir le cap \u00bb.<br \/><strong>\u00abLes conditions de travail sont tr\u00e8s bonnes\u00bb<\/strong><br \/>Apr\u00e8s une premi\u00e8re partie de la pr\u00e9paration en Kabylie, le jeune Tizi Bouali affiche beaucoup de satisfactions quant aux conditions de travail \u00e0 Evian. A ce propos il ajoute : \u00ab Comme vous le savez, on a entam\u00e9 notre pr\u00e9paration estivale \u00e0 Zekri. La direction a mis \u00e0 notre disposition tous les moyens n\u00e9cessaires pour mener \u00e0 bien notre mission. A Evian aussi, les moyens ne font pas d\u00e9faut, bien au contraire. La direction n\u2019a rien laiss\u00e9 au hasard, tout est disponible pour faire un bon travail. On travaille dur et on r\u00e9cup\u00e8re bien, c\u2019est l\u2019essentiel \u00bb.<br \/><strong>\u00abLes matchs amicaux sont tr\u00e8s importants\u00bb<\/strong><br \/>Interrog\u00e9 sur le premier match amical livr\u00e9 face \u00e0 l\u2019\u00e9quipe du FC Annecy, Tizi Bouali affirme : \u00ab Je vous assure que pour le premier match amical, on ne s\u2019est pas focalis\u00e9s sur le r\u00e9sultat. Plut\u00f4t c\u2019est le rendement sur le plan physique qui nous int\u00e9resse le plus apr\u00e8s deux semaines de travail. Ces matchs amicaux vont beaucoup nous servir pour pr\u00e9parer l\u2019entame de la comp\u00e9tition officielle. Primo, \u00e7a va nous renseigner sur nos capacit\u00e9s r\u00e9elles sur le plan physique, secundo \u00e7a va aider le groupe \u00e0 travailler la coh\u00e9sion surtout que de nouveaux joueurs ont rejoint l\u2019effectif cet \u00e9t\u00e9. On n\u2019est pas \u00e0 100 % de nos capacit\u00e9s, d\u2019ici quelques semaines les choses vont s\u2019am\u00e9liorer davantage \u00bb.<br \/><strong>\u00abLes nouvelles recrues se sont fondues dans le groupe\u00bb<\/strong><br \/>Le d\u00e9fenseur central Tizi Bouali a parl\u00e9 des nouveaux \u00e9l\u00e9ments qui sont arriv\u00e9s cet \u00e9t\u00e9. Selon lui, ils se sont rapidement familiaris\u00e9s avec le nouvel environnement, et les entra\u00eenements se d\u00e9roulent dans une parfaite ambiance : \u00ab Celui qui nous voit \u00e0 l\u2019entra\u00eenement pensera qu\u2019on joue ensemble depuis longtemps tant l\u2019ambiance est parfaite au sein du groupe. Les nouveaux sont des joueurs de bonnes familles et se sont vite fait une place dans l\u2019effectif. On forme un groupe homog\u00e8ne et compl\u00e9mentaire, chacun va apporter sa pierre au chantier. On doit tous travailler dans le m\u00eame sens pour que la JSK r\u00e9alise ses objectifs. \u00bb<br \/>Propos recueillis par<br \/>\u00a0<\/p>\n<p><strong>Publi\u00e9 dans :<\/strong> <span>JSK<\/span> <span>bouali<\/span> <span>Djadjoua<\/span> <span>Zekri<\/span> <span>Mebarki. Ait Abdeslam<\/span><\/p>\n<\/div>\n<p>Auteur:<br \/>\n<a href=\"http:\/\/www.lebuteur.com\/article\/detail?titre=jsk-ait-abdeslam-rechute&#038;id=90377&#038;utm_source=feedburner&#038;utm_medium=feed&#038;utm_campaign=Feed%3A+GalerieFArtciles+%28Les+derniers+articles++-+lebuteur.com%29\">Cliquez ici pour lire l&rsquo;article depuis sa source.<\/a><\/p>\n","protected":false},"excerpt":{"rendered":"<p>Auteur : Sa\u00efd Djoudi lundi 15 juillet 2019 13:10 Finir le programme de la pr\u00e9paration d\u2019intersaison avec z\u00e9ro bless\u00e9 n\u2019est toujours pas \u00e9vident lorsqu\u2019on sait que les joueurs sont soumis durant cette p\u00e9riode \u00e0 une charge de travail physique tr\u00e8s intense. Les staffs technique et m\u00e9dical de la JSK font tout leur possible pour arriver [&hellip;]<\/p>\n","protected":false},"author":1738,"featured_media":46335,"comment_status":"closed","ping_status":"closed","sticky":false,"template":"","format":"standard","meta":{"fifu_image_url":"","fifu_image_alt":"","footnotes":""},"categories":[53,75],"tags":[],"class_list":["post-46334","post","type-post","status-publish","format-standard","has-post-thumbnail","hentry","category-algerie","category-sport"],"_links":{"self":[{"href":"https:\/\/linitiative.ca\/International\/wp-json\/wp\/v2\/posts\/46334","targetHints":{"allow":["GET"]}}],"collection":[{"href":"https:\/\/linitiative.ca\/International\/wp-json\/wp\/v2\/posts"}],"about":[{"href":"https:\/\/linitiative.ca\/International\/wp-json\/wp\/v2\/types\/post"}],"author":[{"embeddable":true,"href":"https:\/\/linitiative.ca\/International\/wp-json\/wp\/v2\/users\/1738"}],"replies":[{"embeddable":true,"href":"https:\/\/linitiative.ca\/International\/wp-json\/wp\/v2\/comments?post=46334"}],"version-history":[{"count":0,"href":"https:\/\/linitiative.ca\/International\/wp-json\/wp\/v2\/posts\/46334\/revisions"}],"wp:featuredmedia":[{"embeddable":true,"href":"https:\/\/linitiative.ca\/International\/wp-json\/"}],"wp:attachment":[{"href":"https:\/\/linitiative.ca\/International\/wp-json\/wp\/v2\/media?parent=46334"}],"wp:term":[{"taxonomy":"category","embeddable":true,"href":"https:\/\/linitiative.ca\/International\/wp-json\/wp\/v2\/categories?post=46334"},{"taxonomy":"post_tag","embeddable":true,"href":"https:\/\/linitiative.ca\/International\/wp-json\/wp\/v2\/tags?post=46334"}],"curies":[{"name":"wp","href":"https:\/\/api.w.org\/{rel}","templated":true}]}}