{"id":46336,"date":"2019-07-15T15:14:09","date_gmt":"2019-07-15T19:14:09","guid":{"rendered":"https:\/\/linitiative.ca\/International\/ligue-1-2-jsk-koanda-decision-demain\/"},"modified":"2019-07-15T15:14:09","modified_gmt":"2019-07-15T19:14:09","slug":"ligue-1-2-jsk-koanda-decision-demain","status":"publish","type":"post","link":"https:\/\/linitiative.ca\/International\/ligue-1-2-jsk-koanda-decision-demain\/","title":{"rendered":"Ligue 1 &amp; 2 : JSK: Koanda, d\u00e9cision demain !"},"content":{"rendered":"<div readability=\"32\">\n<p>Auteur : <span>Sa\u00efd D.<\/span> <span class=\"time\">lundi 15 juillet 2019 13:10<\/span><\/p>\n<\/div>\n<div id=\"post_core\" readability=\"143\">\n<p>Apr\u00e8s quatre jours de stage \u00e0 Evian, les Canaris, qui poursuivent leur pr\u00e9paration en pr\u00e9vision de la nouvelle saison, ont livr\u00e9 leur premier match amical, samedi apr\u00e8s-midi, contre l\u2019\u00e9quipe du FC Annecy. Une joute qui a permis au coach Velud de connaitre ses joueurs, lui qui vient \u00e0 peine de prendre l\u2019\u00e9quipe. Malgr\u00e9 la courte victoire des Jaune et Vert, le but n\u2019\u00e9tait pas de gagner mais de donner du temps de jeu \u00e0 chaque \u00e9l\u00e9ment mais aussi superviser certains joueurs, \u00e0 l\u2019image du d\u00e9fenseur central, Koanda Souleymane. L\u2019ancien axial d\u2019ASEC Abidjan, qui a rejoint l\u2019\u00e9quipe avant l\u2019entame du stage de Zekri, a \u00e9t\u00e9 mis \u00e0 l\u2019essai pour connaitre ses qualit\u00e9s et s\u2019il pourra apporter un plus. Du coup, tous les yeux \u00e9taient braqu\u00e9s sur lui puisque l\u2019entra\u00eeneur devait trancher sur son cas hier. Mais lorsque nous l\u2019avons interrog\u00e9, Velud\u00a0\u00a0 dira : \u00ab On vient de terminer, je ne sais pas encore. Aucune d\u00e9cision n\u2019a \u00e9t\u00e9 prise. On verra ! \u00bb Mais\u00a0 curieux que nous sommes, nous avons cherch\u00e9 \u00e0 connaitre si Koanda sera vraiment maintenu. Donc, nous avons commenc\u00e9 notre investigation et d\u2019apr\u00e8s les \u00e9chos que nous avons eus, les responsables de l\u2019\u00e9quipe \u00e9taient mitig\u00e9s. D\u2019un c\u00f4t\u00e9, ils ont trouv\u00e9 la prestation du joueur correcte mais d\u2019un autre, ils estiment qu\u2019il n\u2019a pas d\u00e9montr\u00e9 quelque chose d\u2019exceptionnel. Autrement dit, il n\u2019est pas sup\u00e9rieur aux joueurs actuels. Malgr\u00e9 cela, l\u2019entra\u00eeneur Velud refuse de prendre une d\u00e9cision d\u00e9finitive avant de lui donner une deuxi\u00e8me chance. A en croire nos sources, Koanda sera supervis\u00e9 une deuxi\u00e8me fois \u00e0 l\u2019occasion du match amical face \u00e0 Fr\u00e9jus St-Raphael ce mardi. Ce sera un grand jour pour lui parce que son maintien d\u00e9pendra de sa prestation.<\/p>\n<p><strong>Il a \u00e9t\u00e9 correct mais pas impressionnant<\/strong><br \/>Le constat que nous avons fait de la premi\u00e8re prestation du d\u00e9fenseur Koanda, c\u2019est qu\u2019il a \u00e9t\u00e9 tr\u00e8s correct et juste dans l\u2019axe. Il n\u2019a pas commis d\u2019erreur mais il n\u2019a pas \u00e9t\u00e9 impressionnant. Cependant, il est difficile de le juger en 45 minutes devant une \u00e9quipe tr\u00e8s moyenne. Le staff technique kabyle doit donner une deuxi\u00e8me chance \u00e0 l\u2019axial pour s\u2019exprimer. Il aura besoin de jouer toute la rencontre afin qu\u2019il puisse prouver qu\u2019il est capable de s\u2019engager avec la JSK.<\/p>\n<p><strong>Velud souhaite le superviser encore une fois face \u00e0 Fr\u00e9jus<\/strong><br \/>Et si aucune d\u00e9cision n\u2019a \u00e9t\u00e9 encore prise, c\u2019est parce que l\u2019entra\u00eeneur Velud ne compte pas se pr\u00e9cipiter. Jugeant qu\u2019il a encore le temps pour d\u00e9cider, le Fran\u00e7ais va profiter du deuxi\u00e8me match amical pour trancher sur le maintien\u00a0 de Koanda. Cette fois, le Burkinabais jouera 90 minutes durant lesquelles il devrait se montrer meilleur que ses co\u00e9quipiers pour qu\u2019il puisse rester.<\/p>\n<p><strong>Voil\u00e0 pourquoi il n\u2019a pas jou\u00e9 tout le match contre Annecy<\/strong><br \/>Selon une source bien inform\u00e9e, l\u2019entra\u00eeneur Velud avait envisag\u00e9 de faire jouer Koanda durant toute la rencontre. A la mi-temps, le Burkinabais avait ressenti quelques douleurs. Et pour ne pas prendre de risque, le coach d\u00e9cide de le remplacer par Souyad. Et comme la blessure n\u2019est pas grave, il pourra se racheter d\u00e8s ce mardi contre Fr\u00e9jus.<\/p>\n<p><strong>Le Burkinabais dans l\u2019expectative<\/strong><br \/>M\u00eame s\u2019il n\u2019a pas encore discut\u00e9 avec les dirigeants, Koanda est dans l\u2019expectative. Pour lui, il devait signer son contrat d\u00e8s son arriv\u00e9e \u00e0 Tizi Ouzou. Il n\u2019a jamais, selon nos sources, \u00e9t\u00e9 question\u00a0 qu\u2019il subisse des essais. Et comme les jours passent, le joueur commence \u00e0 s\u2019inqui\u00e9ter, lui qui refuse de contracter une blessure sans avoir aucune garantie d\u2019\u00eatre maintenu. Et c\u2019est pour cette raison que la direction de la JSK d\u00e9cide de trancher au plus tard, demain.<\/p>\n<p><strong>Son manager confiant<\/strong><\/p>\n<p>Contrairement au joueur, qui ne cesse de s\u2019inqui\u00e9ter, le manager de Koanda est plus ou moins confiant. D\u2019apr\u00e8s nos sources, il est attendu ce mardi \u00e0 Evian pour signer le contrat de son \u00e9l\u00e9ment. Au m\u00eame temps, la direction kabyle n\u2019a pas encore dit son dernier mot. Affaire \u00e0 suivre.<\/p>\n<p><strong>Racim Mebarki \u00ab On progresse davantage \u00bb<\/strong><\/p>\n<p>Promu en s\u00e9nior cette ann\u00e9e, le jeune Racim Mebarki est en train de vivre un r\u00eave. Consid\u00e9r\u00e9 comme \u00e9tant l\u2019une des \u00e9toiles montantes de l\u2019\u00e9quipe, le jeune d\u00e9fenseur, a jou\u00e9, samedi soir, son premier match avec l\u2019\u00e9quipe premi\u00e8re. Align\u00e9 en seconde p\u00e9riode \u00e0 la place de A\u00eft Abdeslam, Mebarki a \u00e9t\u00e9 tr\u00e8s correct. Autrement dit, il a jou\u00e9 sans trembler. Interrog\u00e9 par nos soins \u00e0 la fin de la rencontre, il estime que la victoire va faire beaucoup de bien notamment sur le plan psychologique. Il d\u00e9clare aussi que l\u2019\u00e9quipe progresse et sera encore meilleur dans les prochains jours : \u00ab Effectivement, nous avons jou\u00e9 notre premier match amical \u00e0 Evian. Ce que je peux dire, c\u2019est que nous \u00e9tions bien en place m\u00eame s\u2019il reste encore des r\u00e9glages \u00e0 faire. On progresse davantage puisqu\u2019on applique \u00e0 la lettre les consignes du coach. Nous allons faire\u00a0 notre possible pour que le stage se d\u00e9roule \u00e0 merveille. \u00bb<\/p>\n<p><strong>\u00ab L\u2019\u00e9quipe sera pr\u00eate pour le d\u00e9but de la comp\u00e9tition \u00bb<\/strong><br \/>Interrog\u00e9 sur l\u2019\u00e9tat physique des joueurs apr\u00e8s plus de dix jours de pr\u00e9paration entre les premier et deuxi\u00e8me stages, Mebarki estime que de gros progr\u00e8s ont \u00e9t\u00e9 faits et que l\u2019\u00e9quipe sera pr\u00eate pour le championnat et la Ligue des champions : \u00ab On travaille d\u2019arrache-pied chaque jour. Je ne vous cache pas, le pr\u00e9parateur physique nous met \u00e0 rude \u00e9preuve \u00e0 chaque fois. On sent qu\u2019on travaille bien. Ces sacrifices vont porter leurs fruits. On sera certainement pr\u00eats pour le championnat et la Ligue des Champions. \u00bb<\/p>\n<p><strong>\u00ab On profite de chaque match amical pour s\u2019am\u00e9liorer \u00bb<\/strong><br \/>Par rapport au rendement des joueurs sur le terrain, Mebarki a d\u00e9clar\u00e9 qu\u2019il reste encore un grand travail \u00e0 faire et qu\u2019il faudrait profiter des matchs amicaux pour s\u2019am\u00e9liorer : \u00ab On ne peut pas \u00eatre au top alors que nous n\u2019avons jou\u00e9 qu\u2019un seul match. On doit profiter de chaque s\u00e9ance et des prochaines rencontres amicales pour am\u00e9liorer notre rendement et pr\u00e9parer sereinement la nouvelle saison. Nous avons un bon groupe, nous allons faire notre possible pour dire notre mot. \u00bb<\/p>\n<p><strong>\u00ab Les cadres nous ont facilit\u00e9 l\u2019adaptation \u00bb<\/strong><br \/>Avant de conclure, Mebarki a souhait\u00e9 remercier les anciens joueurs ainsi que les cadres pour leur avoir facilit\u00e9 l\u2019int\u00e9gration : \u00ab Je ne vous cache pas, nous n\u2019avons pas eu une int\u00e9gration difficile. Les anciens nous ont vraiment tendu les bras pour nous accueillir. L\u2019ambiance est vraiment magnifique, on ne se sent pas d\u00e9pays\u00e9s. Nous sommes comme une famille, l\u2019union fait la force. \u00bb<\/p>\n<p><strong>Publi\u00e9 dans :<\/strong> <span>JSK<\/span> <span>Velud<\/span> <span>Racim Mebarki<\/span><\/p>\n<\/div>\n<p>Auteur:<br \/>\n<a href=\"http:\/\/www.lebuteur.com\/article\/detail?titre=jsk-koanda-decision-demain&#038;id=90376&#038;utm_source=feedburner&#038;utm_medium=feed&#038;utm_campaign=Feed%3A+GalerieFArtciles+%28Les+derniers+articles++-+lebuteur.com%29\">Cliquez ici pour lire l&rsquo;article depuis sa source.<\/a><\/p>\n","protected":false},"excerpt":{"rendered":"<p>Auteur : Sa\u00efd D. lundi 15 juillet 2019 13:10 Apr\u00e8s quatre jours de stage \u00e0 Evian, les Canaris, qui poursuivent leur pr\u00e9paration en pr\u00e9vision de la nouvelle saison, ont livr\u00e9 leur premier match amical, samedi apr\u00e8s-midi, contre l\u2019\u00e9quipe du FC Annecy. Une joute qui a permis au coach Velud de connaitre ses joueurs, lui qui [&hellip;]<\/p>\n","protected":false},"author":1738,"featured_media":46337,"comment_status":"closed","ping_status":"closed","sticky":false,"template":"","format":"standard","meta":{"fifu_image_url":"","fifu_image_alt":"","footnotes":""},"categories":[53,75],"tags":[],"class_list":["post-46336","post","type-post","status-publish","format-standard","has-post-thumbnail","hentry","category-algerie","category-sport"],"_links":{"self":[{"href":"https:\/\/linitiative.ca\/International\/wp-json\/wp\/v2\/posts\/46336","targetHints":{"allow":["GET"]}}],"collection":[{"href":"https:\/\/linitiative.ca\/International\/wp-json\/wp\/v2\/posts"}],"about":[{"href":"https:\/\/linitiative.ca\/International\/wp-json\/wp\/v2\/types\/post"}],"author":[{"embeddable":true,"href":"https:\/\/linitiative.ca\/International\/wp-json\/wp\/v2\/users\/1738"}],"replies":[{"embeddable":true,"href":"https:\/\/linitiative.ca\/International\/wp-json\/wp\/v2\/comments?post=46336"}],"version-history":[{"count":0,"href":"https:\/\/linitiative.ca\/International\/wp-json\/wp\/v2\/posts\/46336\/revisions"}],"wp:featuredmedia":[{"embeddable":true,"href":"https:\/\/linitiative.ca\/International\/wp-json\/"}],"wp:attachment":[{"href":"https:\/\/linitiative.ca\/International\/wp-json\/wp\/v2\/media?parent=46336"}],"wp:term":[{"taxonomy":"category","embeddable":true,"href":"https:\/\/linitiative.ca\/International\/wp-json\/wp\/v2\/categories?post=46336"},{"taxonomy":"post_tag","embeddable":true,"href":"https:\/\/linitiative.ca\/International\/wp-json\/wp\/v2\/tags?post=46336"}],"curies":[{"name":"wp","href":"https:\/\/api.w.org\/{rel}","templated":true}]}}