{"id":46340,"date":"2019-07-14T19:00:00","date_gmt":"2019-07-14T23:00:00","guid":{"rendered":"https:\/\/linitiative.ca\/International\/deces-du-frere-aine-de-zinedine-zidane-le-chef-de-letat-adresse-un-message-de-condoleances-a-la-famille\/"},"modified":"2019-07-14T19:00:00","modified_gmt":"2019-07-14T23:00:00","slug":"deces-du-frere-aine-de-zinedine-zidane-le-chef-de-letat-adresse-un-message-de-condoleances-a-la-famille","status":"publish","type":"post","link":"https:\/\/linitiative.ca\/International\/deces-du-frere-aine-de-zinedine-zidane-le-chef-de-letat-adresse-un-message-de-condoleances-a-la-famille\/","title":{"rendered":"D\u00e9c\u00e8s du fr\u00e8re a\u00een\u00e9  de Zinedine Zidane : Le chef de l\u2019\u00e9tat adresse un message de condol\u00e9ances \u00e0 la famille"},"content":{"rendered":"<p>Le chef de l&rsquo;\u00c9tat, Abdelkader Bensalah, a adress\u00e9 hier un message de condol\u00e9ances \u00e0 Sma\u00efl Zidane, p\u00e8re du champion du monde 1998, Zinedine Zidane, suite au d\u00e9c\u00e8s de son fils Farid des suites d&rsquo;une longue maladie.<br \/>Le chef de l&rsquo;\u00c9tat a exprim\u00e9 sa \u00abprofonde affection\u00bb d&rsquo;apprendre \u00abla triste nouvelle du d\u00e9c\u00e8s\u00bb du fr\u00e8re a\u00een\u00e9 de Zinedine Zidane, actuel entra\u00eeneur du prestigieux club madril\u00e8ne, le Real Madrid.<br \/>\u00abEn cette douloureuse circonstance, je tiens \u00e0 vous pr\u00e9senter mes sinc\u00e8res condol\u00e9ances et vous exprimer ma profonde sympathie\u00bb, a-t-il \u00e9crit dans son message. \u00abJe vous prie \u00e9galement de bien vouloir vous faire l&rsquo;interpr\u00e8te de ma compassion aux membres de votre famille, ainsi qu&rsquo;\u00e0 vos proches\u00bb, a-t-il ajout\u00e9.<\/p>\n<p>Auteur: elmoudjahid<br \/>\n<a href=\"http:\/\/www.elmoudjahid.com\/fr\/actualites\/139293\">Cliquez ici pour lire l&rsquo;article depuis sa source.<\/a><\/p>\n","protected":false},"excerpt":{"rendered":"<p>Le chef de l&rsquo;\u00c9tat, Abdelkader Bensalah, a adress\u00e9 hier un message de condol\u00e9ances \u00e0 Sma\u00efl Zidane, p\u00e8re du champion du monde 1998, Zinedine Zidane, suite au d\u00e9c\u00e8s de son fils Farid des suites d&rsquo;une longue maladie.Le chef de l&rsquo;\u00c9tat a exprim\u00e9 sa \u00abprofonde affection\u00bb d&rsquo;apprendre \u00abla triste nouvelle du d\u00e9c\u00e8s\u00bb du fr\u00e8re a\u00een\u00e9 de Zinedine [&hellip;]<\/p>\n","protected":false},"author":1744,"featured_media":0,"comment_status":"closed","ping_status":"closed","sticky":false,"template":"","format":"standard","meta":{"fifu_image_url":"","fifu_image_alt":"","footnotes":""},"categories":[73,53],"tags":[],"class_list":["post-46340","post","type-post","status-publish","format-standard","hentry","category-actualite","category-algerie"],"_links":{"self":[{"href":"https:\/\/linitiative.ca\/International\/wp-json\/wp\/v2\/posts\/46340","targetHints":{"allow":["GET"]}}],"collection":[{"href":"https:\/\/linitiative.ca\/International\/wp-json\/wp\/v2\/posts"}],"about":[{"href":"https:\/\/linitiative.ca\/International\/wp-json\/wp\/v2\/types\/post"}],"author":[{"embeddable":true,"href":"https:\/\/linitiative.ca\/International\/wp-json\/wp\/v2\/users\/1744"}],"replies":[{"embeddable":true,"href":"https:\/\/linitiative.ca\/International\/wp-json\/wp\/v2\/comments?post=46340"}],"version-history":[{"count":0,"href":"https:\/\/linitiative.ca\/International\/wp-json\/wp\/v2\/posts\/46340\/revisions"}],"wp:attachment":[{"href":"https:\/\/linitiative.ca\/International\/wp-json\/wp\/v2\/media?parent=46340"}],"wp:term":[{"taxonomy":"category","embeddable":true,"href":"https:\/\/linitiative.ca\/International\/wp-json\/wp\/v2\/categories?post=46340"},{"taxonomy":"post_tag","embeddable":true,"href":"https:\/\/linitiative.ca\/International\/wp-json\/wp\/v2\/tags?post=46340"}],"curies":[{"name":"wp","href":"https:\/\/api.w.org\/{rel}","templated":true}]}}