{"id":46344,"date":"2019-07-14T19:00:00","date_gmt":"2019-07-14T23:00:00","guid":{"rendered":"https:\/\/linitiative.ca\/International\/situation-politique-renforcer-loption-du-dialogue-inclusif\/"},"modified":"2019-07-14T19:00:00","modified_gmt":"2019-07-14T23:00:00","slug":"situation-politique-renforcer-loption-du-dialogue-inclusif","status":"publish","type":"post","link":"https:\/\/linitiative.ca\/International\/situation-politique-renforcer-loption-du-dialogue-inclusif\/","title":{"rendered":"Situation politique  : Renforcer  l\u2019option du dialogue inclusif"},"content":{"rendered":"<p><strong>Prenant \u00e0 son tour, son b\u00e2ton de p\u00e8lerin pour promouvoir l\u2019option du dialogue englobant toutes les parties de la soci\u00e9t\u00e9, le pr\u00e9sident du bureau national de l&rsquo;Union nationale des personnels de l&rsquo;\u00e9ducation et de la formation (UNPEF), Sadek Dziri, et coordinateur de la Conf\u00e9d\u00e9ration des syndicats autonomes (CSA), a propos\u00e9 de former ce qui sera connu sous le nom de \u00abcollectif de m\u00e9diation\u00bb. Une d\u00e9marche qui aura pour mission de n\u00e9gocier avec les forces d\u00e9mocratiques ayant boycott\u00e9 le Forum du dialogue national, le 9 juillet dernier.<\/strong><\/p>\n<p>L\u2019imp\u00e9ratif de la concertation et du dialogue pour sortir de l\u2019impasse politique motive d\u00e9sormais les acteurs politiques qui multiplient les appels \u00e0 accepter les concessions, \u00e0 d\u00e9battre et \u00ab\u00e0 faire des compromis\u00bb. C\u2019est ce que confirme M. Dziri, lorsqu\u2019il invite la classe politique \u00ab\u00e0 faire preuve de sagesse en d\u00e9passant les clivages id\u00e9ologiques et en adh\u00e9rant pleinement au processus du dialogue\u00bb. Pour convaincre les acteurs politiques de leur responsabilit\u00e9 en cette p\u00e9riode charni\u00e8re, il est primordial, pour ce responsable, de convaincre le plus grand nombre, de la n\u00e9cessit\u00e9 pour chacun, d\u2019assumer le destin collectif.<br \/>La principale mission donc, pour ce \u00abcollectif de m\u00e9diation\u00bb, est de convaincre les acteurs de la soci\u00e9t\u00e9 civile, les syndicats et les partis politiques de p\u00f4le d\u00e9mocratique de \u00abrejoindre et participer au processus du dialogue national\u00bb, notamment l\u2019ordre des m\u00e9decins et les syndicalistes \u00abproches des d\u00e9mocrates\u00bb, pour aboutir \u00e0 une initiative politique \u00abet contribuer en tant que soci\u00e9t\u00e9 agissante qui propose des solutions \u00e0 la crise\u00bb. \u00abLa soci\u00e9t\u00e9 civile doit retrouver sa position de leader dans la structuration et la repr\u00e9sentation de la soci\u00e9t\u00e9. Elle doit \u00eatre sa voix en d\u00e9fendant ses revendications en les transformant en projets \u00e0 proposer \u00e0 la classe politique et \u00e0 l\u2019\u00c9tat\u00bb, a avanc\u00e9 M. Dziri, en affirmant que le dialogue est une n\u00e9cessit\u00e9 \u00abqui ne doit pas \u00eatre port\u00e9 par une motivation partisane ou id\u00e9ologique, mais par la prise de conscience de la gravit\u00e9 de la situation\u00bb. En insistant sur l\u2019importance de \u00abf\u00e9d\u00e9rer toutes les sensibilit\u00e9s politiques\u00bb, le syndicaliste a mis en garde contre toute tentative visant \u00ab\u00e0 tra\u00eener le Hirak pacifique, vers des affrontements marginaux en vue de semer le chaos, de porter atteinte \u00e0 l&rsquo;unit\u00e9 nationale et \u00e0 la coh\u00e9sion sociale. Toute forme de radicalisme et surench\u00e8res politiciennes visant \u00e0 faire \u00e9chec de l\u2019initiative de dialogue s\u00e9rieux et inclusif est d\u00e9sapprouv\u00e9e\u00bb, pour la simple raison que \u00able peuple s\u2019est lib\u00e9r\u00e9 de toute forme de tutelle sur sa volont\u00e9\u00bb, a-t-il ajout\u00e9.<br \/>Le dialogue national global avec les acteurs de la classe politique, de la soci\u00e9t\u00e9 civile, des personnalit\u00e9s nationales et des activistes du soul\u00e8vement, portant sur la situation politique, \u00e9conomique et sociale du pays, et les moyens de sortie de crise, est aujourd\u2019hui un pr\u00e9lude pour pr\u00e9parer et r\u00e9unir les conditions indispensables \u00e0 l\u2019amorce d\u2019une transition r\u00e9elle, notamment le temps et les mesures d\u2019ouverture, qui permette une rupture r\u00e9elle avec l\u2019ancien syst\u00e8me, ainsi que de garantir la construction d\u2019institutions l\u00e9gitimes et cr\u00e9dibles, a encore estim\u00e9 Sadek Dziri, qui souligne que cette position illustre la dynamique de la soci\u00e9t\u00e9 civile.<br \/>En revanche, les partis semblent \u00eatre \u00abd\u00e9sorient\u00e9s\u00bb par rapport aux positions politiques \u00e0 observer. C\u2019est l\u2019avis de Mohamed Henad, professeur des sciences politiques.<br \/>Pour lui, \u00ables formations politiques sont elles aussi responsables de l\u2019impasse actuelle\u00bb.<br \/>Il explique que les partis ont \u00e9chou\u00e9 \u00e0 contribuer \u00e0 \u00abcet effort de participation \u00e0 la concr\u00e9tisation des aspirations des Alg\u00e9riens sortis en masse pour r\u00e9clamer une v\u00e9ritable transformation politique\u00bb. \u00abChaque phase n\u00e9cessite un discours, un positionnement\u00bb, or, ajoute-t-il, \u00able tournant historique actuel exige de la d\u00e9cantation, un nouveau discours politique\u00bb et surtout \u00abun nouveau contrat social, pour fonder une nouvelle pratique politique\u00bb.<br \/>La gravit\u00e9 de la situation requiert des valeurs, telles que le devoir de patriotisme, pour \u00abengager une initiative politique destin\u00e9e exclusivement \u00e0 proposer au peuple alg\u00e9rien, estime le politologue qui consid\u00e8re que la d\u00e9crispation politique et l\u2019apaisement des tensions politiques sont n\u00e9cessaires comme une premi\u00e8re \u00e9tape afin de mener \u00e0 bien la d\u00e9lib\u00e9ration pour les futures r\u00e9formes politiques \u00e0 entamer. \u00abIl est temps de faire preuve d&rsquo;acuit\u00e9 politique, et non pas d&rsquo;opportunisme\u00bb, conclut le professeur.<br \/><strong>\u00a0\u00a0 \u00a0Tahar Kaidi<\/strong><br \/>\u00a0<\/p>\n<p>Auteur: elmoudjahid<br \/>\n<a href=\"http:\/\/www.elmoudjahid.com\/fr\/actualites\/139297\">Cliquez ici pour lire l&rsquo;article depuis sa source.<\/a><\/p>\n","protected":false},"excerpt":{"rendered":"<p>Prenant \u00e0 son tour, son b\u00e2ton de p\u00e8lerin pour promouvoir l\u2019option du dialogue englobant toutes les parties de la soci\u00e9t\u00e9, le pr\u00e9sident du bureau national de l&rsquo;Union nationale des personnels de l&rsquo;\u00e9ducation et de la formation (UNPEF), Sadek Dziri, et coordinateur de la Conf\u00e9d\u00e9ration des syndicats autonomes (CSA), a propos\u00e9 de former ce qui sera [&hellip;]<\/p>\n","protected":false},"author":1744,"featured_media":0,"comment_status":"closed","ping_status":"closed","sticky":false,"template":"","format":"standard","meta":{"fifu_image_url":"","fifu_image_alt":"","footnotes":""},"categories":[73,53],"tags":[],"class_list":["post-46344","post","type-post","status-publish","format-standard","hentry","category-actualite","category-algerie"],"_links":{"self":[{"href":"https:\/\/linitiative.ca\/International\/wp-json\/wp\/v2\/posts\/46344","targetHints":{"allow":["GET"]}}],"collection":[{"href":"https:\/\/linitiative.ca\/International\/wp-json\/wp\/v2\/posts"}],"about":[{"href":"https:\/\/linitiative.ca\/International\/wp-json\/wp\/v2\/types\/post"}],"author":[{"embeddable":true,"href":"https:\/\/linitiative.ca\/International\/wp-json\/wp\/v2\/users\/1744"}],"replies":[{"embeddable":true,"href":"https:\/\/linitiative.ca\/International\/wp-json\/wp\/v2\/comments?post=46344"}],"version-history":[{"count":0,"href":"https:\/\/linitiative.ca\/International\/wp-json\/wp\/v2\/posts\/46344\/revisions"}],"wp:attachment":[{"href":"https:\/\/linitiative.ca\/International\/wp-json\/wp\/v2\/media?parent=46344"}],"wp:term":[{"taxonomy":"category","embeddable":true,"href":"https:\/\/linitiative.ca\/International\/wp-json\/wp\/v2\/categories?post=46344"},{"taxonomy":"post_tag","embeddable":true,"href":"https:\/\/linitiative.ca\/International\/wp-json\/wp\/v2\/tags?post=46344"}],"curies":[{"name":"wp","href":"https:\/\/api.w.org\/{rel}","templated":true}]}}