{"id":46345,"date":"2019-07-14T19:00:00","date_gmt":"2019-07-14T23:00:00","guid":{"rendered":"https:\/\/linitiative.ca\/International\/youcef-belmehdi-a-constantine-%e2%80%89les-imams-doivent-adopter-un-discours-modere-et-rassembleur%e2%80%89\/"},"modified":"2019-07-14T19:00:00","modified_gmt":"2019-07-14T23:00:00","slug":"youcef-belmehdi-a-constantine-%e2%80%89les-imams-doivent-adopter-un-discours-modere-et-rassembleur%e2%80%89","status":"publish","type":"post","link":"https:\/\/linitiative.ca\/International\/youcef-belmehdi-a-constantine-%e2%80%89les-imams-doivent-adopter-un-discours-modere-et-rassembleur%e2%80%89\/","title":{"rendered":"Youcef Belmehdi \u00e0 Constantine : \u00ab\u2009Les imams doivent adopter un discours mod\u00e9r\u00e9 et rassembleur\u2009\u00bb"},"content":{"rendered":"<p>Le ministre des Affaires religieuses et des Waqfs, Youcef Belmehdi, \u00e9tait hier \u00e0 Constantine pour une visite de travail et d\u2019inspection, la premi\u00e8re dans la capitale de l\u2019Est depuis sa nomination, o\u00f9 il a pr\u00e9sid\u00e9 la c\u00e9r\u00e9monie de sortie de la 3e promotion issue de l\u2019institut de formation des cadres de l\u2019administration des Affaires religieuses et des Waqfs, organis\u00e9e \u00e0 la maison de la Culture Malek-Haddad.<br \/>Lors de son allocution inaugurale, le ministre est revenu sur les missions d\u00e9volues \u00e0 l\u2019imam, que ce soit sur le plan \u00e9ducatif, moral ou culturel. Rappelant l\u2019important r\u00f4le jou\u00e9 par les mosqu\u00e9es et les zaou\u00efas dans la sensibilisation du peuple alg\u00e9rien \u00e0 la n\u00e9cessit\u00e9 de sortir du joug colonial, l\u2019orateur a exhort\u00e9 les 28 enseignants d\u2019\u00e9cole coranique et 17 imams, \u00e0 marcher sur les pas de leurs a\u00een\u00e9s, en adoptant un discours religieux mod\u00e9r\u00e9 et rassembleur, afin de renforcer la coh\u00e9sion nationale et de pr\u00e9munir le pays contre les man\u0153uvres visant \u00e0 \u00e9branler son unit\u00e9. Au cours de sa tourn\u00e9e, M. Youcef Belmehdi, accompagn\u00e9 par les autorit\u00e9s locales civiles et militaires, s\u2019est recueilli sur la tombe de p\u00e8re du r\u00e9formisme alg\u00e9rien Abdelhamid Benbadis. Il s\u2019est \u00e9galement rendu \u00e0 la nouvelle ville Ali-Mendjeli, au niveau de laquelle il a proc\u00e9d\u00e9 \u00e0 l\u2019inauguration d\u2019une mosqu\u00e9e, ainsi qu\u2019\u00e0 l\u2019inspection du chantier du centre culturel islamique, sis au c\u0153ur de la m\u00e9gapole, et dont la r\u00e9alisation a enregistr\u00e9 un retard cons\u00e9quent.<br \/>Con\u00e7ue selon une architecture inspir\u00e9e de l\u2019art arabo-musulman, cette infrastructure, dot\u00e9 d\u2019une enveloppe financi\u00e8re initiale de 235 millions de dinars, comprend 2 biblioth\u00e8ques d\u2019une capacit\u00e9 respective de 200 et 825 places, une salle de conf\u00e9rence, de nombreuses salles de classe, ainsi que d\u2019une galerie d\u2019exposition, des ateliers culturels, un espace internet et des salles d\u2019initiation \u00e0 l\u2019informatique. Une fois r\u00e9ceptionn\u00e9, celui-ci devra remplacer celui actuellement ouvert \u00e0 la rue Tatache-Belkacem (ex-rue de Thiers).<br \/>\u00a0\u00a0\u00a0 Issam B.<br \/>\u00a0<\/p>\n<p>Auteur: elmoudjahid<br \/>\n<a href=\"http:\/\/www.elmoudjahid.com\/fr\/actualites\/139298\">Cliquez ici pour lire l&rsquo;article depuis sa source.<\/a><\/p>\n","protected":false},"excerpt":{"rendered":"<p>Le ministre des Affaires religieuses et des Waqfs, Youcef Belmehdi, \u00e9tait hier \u00e0 Constantine pour une visite de travail et d\u2019inspection, la premi\u00e8re dans la capitale de l\u2019Est depuis sa nomination, o\u00f9 il a pr\u00e9sid\u00e9 la c\u00e9r\u00e9monie de sortie de la 3e promotion issue de l\u2019institut de formation des cadres de l\u2019administration des Affaires religieuses [&hellip;]<\/p>\n","protected":false},"author":1744,"featured_media":0,"comment_status":"closed","ping_status":"closed","sticky":false,"template":"","format":"standard","meta":{"fifu_image_url":"","fifu_image_alt":"","footnotes":""},"categories":[73,53],"tags":[],"class_list":["post-46345","post","type-post","status-publish","format-standard","hentry","category-actualite","category-algerie"],"_links":{"self":[{"href":"https:\/\/linitiative.ca\/International\/wp-json\/wp\/v2\/posts\/46345","targetHints":{"allow":["GET"]}}],"collection":[{"href":"https:\/\/linitiative.ca\/International\/wp-json\/wp\/v2\/posts"}],"about":[{"href":"https:\/\/linitiative.ca\/International\/wp-json\/wp\/v2\/types\/post"}],"author":[{"embeddable":true,"href":"https:\/\/linitiative.ca\/International\/wp-json\/wp\/v2\/users\/1744"}],"replies":[{"embeddable":true,"href":"https:\/\/linitiative.ca\/International\/wp-json\/wp\/v2\/comments?post=46345"}],"version-history":[{"count":0,"href":"https:\/\/linitiative.ca\/International\/wp-json\/wp\/v2\/posts\/46345\/revisions"}],"wp:attachment":[{"href":"https:\/\/linitiative.ca\/International\/wp-json\/wp\/v2\/media?parent=46345"}],"wp:term":[{"taxonomy":"category","embeddable":true,"href":"https:\/\/linitiative.ca\/International\/wp-json\/wp\/v2\/categories?post=46345"},{"taxonomy":"post_tag","embeddable":true,"href":"https:\/\/linitiative.ca\/International\/wp-json\/wp\/v2\/tags?post=46345"}],"curies":[{"name":"wp","href":"https:\/\/api.w.org\/{rel}","templated":true}]}}