{"id":46346,"date":"2019-07-14T19:00:00","date_gmt":"2019-07-14T23:00:00","guid":{"rendered":"https:\/\/linitiative.ca\/International\/front-el-moustakbel-preparer-la-presidentielle\/"},"modified":"2019-07-14T19:00:00","modified_gmt":"2019-07-14T23:00:00","slug":"front-el-moustakbel-preparer-la-presidentielle","status":"publish","type":"post","link":"https:\/\/linitiative.ca\/International\/front-el-moustakbel-preparer-la-presidentielle\/","title":{"rendered":"Front El-Moustakbel  :  Pr\u00e9parer la pr\u00e9sidentielle"},"content":{"rendered":"<p>Le pr\u00e9sident du Front El-Moustakbel, Abdelaziz Bela\u00efd, a appel\u00e9, samedi apr\u00e8s-midi \u00e0 Guelma, \u00e0 la n\u00e9cessit\u00e9 de mettre en place la commission nationale de pr\u00e9paration et d\u2019organisation de l&rsquo;\u00e9lection pr\u00e9sidentielle, \u00abdans les plus brefs d\u00e9lais\u00bb. Pr\u00e9sidant une rencontre r\u00e9gionale, \u00e0 la maison de la Culture Abdelmadjid-Chafi\u00ee de Guelma, des militants de son parti dans l&rsquo;est du pays, M. Bela\u00efd a affirm\u00e9 qu\u2019\u00abil ne faut pas perdre davantage de temps et acc\u00e9l\u00e9rer la mise en place de l&rsquo;initiative du chef de l\u2019\u00c9tat, Abdelkader Bensalah, relative \u00e0 l\u2019ouverture d\u2019un dialogue en vue de mettre sur pied une commission nationale charg\u00e9e d\u2019organiser les \u00e9lections, avec des ramifications au niveau des wilayas et des communes pour mettre un terme \u00e0 toutes les formes de fraude\u00bb. \u00abL\u2019Alg\u00e9rie est appel\u00e9e \u00e0 entrer de plain-pied dans la vraie d\u00e9mocratie, \u00e0 travers l\u2019organisation d\u2019\u00e9lections propres et transparentes\u00bb, a rench\u00e9ri le pr\u00e9sident du Front El-Moustakbel, affirmant que le pr\u00e9sident \u00e9lu par le peuple sera \u00able seul capable d\u2019\u00e9difier une nouvelle Alg\u00e9rie \u00e0 la faveur d\u2019un dialogue ouvert \u00e0 toutes les forces vives pour \u00e9laborer une constitution et un gouvernement consensuels\u00bb. Apr\u00e8s avoir r\u00e9it\u00e9r\u00e9 l\u2019attachement de son parti au respect de la Constitution, comme premi\u00e8re option pour trouver les solutions appropri\u00e9es, M.\u2008Bela\u00efd a d\u00e9clar\u00e9 que la crise alg\u00e9rienne n&rsquo;\u00e9tait \u00abpas grave\u00bb, pour trois raisons principales, \u00e0 savoir pour \u00abla coh\u00e9sion de l\u2019Arm\u00e9e nationale capable d&rsquo;assurer la stabilit\u00e9 du pays, pour la conscience populaire qui se traduit par les marches pacifiques et enfin pour les richesses et les ressources dont jouit le pays\u00bb. M. Bela\u00efd a rappel\u00e9 que les portes de son parti politique restent ouvertes \u00e0 tous les acteurs qui souhaitent que l\u2019Alg\u00e9rie sorte de la crise, ajoutant : \u00abNous avons discut\u00e9 avec Abdelkader Bensalah, nous avons re\u00e7u plusieurs formations politiques et nous dialoguerons avec tout le monde.\u00bb<\/p>\n<p>Auteur: elmoudjahid<br \/>\n<a href=\"http:\/\/www.elmoudjahid.com\/fr\/actualites\/139299\">Cliquez ici pour lire l&rsquo;article depuis sa source.<\/a><\/p>\n","protected":false},"excerpt":{"rendered":"<p>Le pr\u00e9sident du Front El-Moustakbel, Abdelaziz Bela\u00efd, a appel\u00e9, samedi apr\u00e8s-midi \u00e0 Guelma, \u00e0 la n\u00e9cessit\u00e9 de mettre en place la commission nationale de pr\u00e9paration et d\u2019organisation de l&rsquo;\u00e9lection pr\u00e9sidentielle, \u00abdans les plus brefs d\u00e9lais\u00bb. Pr\u00e9sidant une rencontre r\u00e9gionale, \u00e0 la maison de la Culture Abdelmadjid-Chafi\u00ee de Guelma, des militants de son parti dans l&rsquo;est [&hellip;]<\/p>\n","protected":false},"author":1744,"featured_media":0,"comment_status":"closed","ping_status":"closed","sticky":false,"template":"","format":"standard","meta":{"fifu_image_url":"","fifu_image_alt":"","footnotes":""},"categories":[73,53],"tags":[],"class_list":["post-46346","post","type-post","status-publish","format-standard","hentry","category-actualite","category-algerie"],"_links":{"self":[{"href":"https:\/\/linitiative.ca\/International\/wp-json\/wp\/v2\/posts\/46346","targetHints":{"allow":["GET"]}}],"collection":[{"href":"https:\/\/linitiative.ca\/International\/wp-json\/wp\/v2\/posts"}],"about":[{"href":"https:\/\/linitiative.ca\/International\/wp-json\/wp\/v2\/types\/post"}],"author":[{"embeddable":true,"href":"https:\/\/linitiative.ca\/International\/wp-json\/wp\/v2\/users\/1744"}],"replies":[{"embeddable":true,"href":"https:\/\/linitiative.ca\/International\/wp-json\/wp\/v2\/comments?post=46346"}],"version-history":[{"count":0,"href":"https:\/\/linitiative.ca\/International\/wp-json\/wp\/v2\/posts\/46346\/revisions"}],"wp:attachment":[{"href":"https:\/\/linitiative.ca\/International\/wp-json\/wp\/v2\/media?parent=46346"}],"wp:term":[{"taxonomy":"category","embeddable":true,"href":"https:\/\/linitiative.ca\/International\/wp-json\/wp\/v2\/categories?post=46346"},{"taxonomy":"post_tag","embeddable":true,"href":"https:\/\/linitiative.ca\/International\/wp-json\/wp\/v2\/tags?post=46346"}],"curies":[{"name":"wp","href":"https:\/\/api.w.org\/{rel}","templated":true}]}}