{"id":46347,"date":"2019-07-14T19:00:00","date_gmt":"2019-07-14T23:00:00","guid":{"rendered":"https:\/\/linitiative.ca\/International\/ffs-un-etat-democratique-et-social\/"},"modified":"2019-07-14T19:00:00","modified_gmt":"2019-07-14T23:00:00","slug":"ffs-un-etat-democratique-et-social","status":"publish","type":"post","link":"https:\/\/linitiative.ca\/International\/ffs-un-etat-democratique-et-social\/","title":{"rendered":"FFS :  Un \u00e9tat d\u00e9mocratique et social"},"content":{"rendered":"<p>Le conseil national du FFS, qui s&rsquo;est tenu vendredi dans sa session ordinaire, a consacr\u00e9 ses travaux \u00e0 l&rsquo;analyse de la situation politique du pays dans le contexte de la r\u00e9volution populaire en cours, et \u00e0 l&rsquo;examen des questions organiques du parti dans la perspective de son prochain congr\u00e8s national. Selon un communiqu\u00e9, le conseil a adopt\u00e9 une r\u00e9solution dans laquelle il a mis en exergue le fait que le contexte politique national est en cours de bouleversement, et ce dans un environnement r\u00e9gional pr\u00e9occupant sur le plan s\u00e9curitaire avec des ing\u00e9rences \u00e9trang\u00e8res \u00e0 peine d\u00e9guis\u00e9es pour s&rsquo;opposer \u00e0 tout changement dans le pays qui menacerait leurs int\u00e9r\u00eats \u00e9conomiques et strat\u00e9giques.<br \/>C\u2019est dans ce contexte que le conseil a fix\u00e9 des orientations strat\u00e9giques pour guider l&rsquo;action du parti pour faire aboutir son projet politique de construction d&rsquo;une Alg\u00e9rie libre et d\u00e9mocratique au service des citoyens, est-il ajout\u00e9.<br \/>Sur le plan international, il not\u00e9 que certains r\u00e9gimes dictatoriaux ne veulent pas l&rsquo;aboutissement du mouvement r\u00e9volutionnaire par crainte de contagion et de d\u00e9stabilisation de leurs r\u00e9gimes.<br \/>Le Conseil national encourage aussi le dialogue pour engager une p\u00e9riode de transition d\u00e9mocratique, et s\u2019attelle \u00e0 l&rsquo;organisation d&rsquo;une conf\u00e9rence nationale souveraine. Enfin, le Conseil fixe la date du 6e congr\u00e8s aux 27,28 et 29 septembre prochain.<\/p>\n<p>Auteur: elmoudjahid<br \/>\n<a href=\"http:\/\/www.elmoudjahid.com\/fr\/actualites\/139300\">Cliquez ici pour lire l&rsquo;article depuis sa source.<\/a><\/p>\n","protected":false},"excerpt":{"rendered":"<p>Le conseil national du FFS, qui s&rsquo;est tenu vendredi dans sa session ordinaire, a consacr\u00e9 ses travaux \u00e0 l&rsquo;analyse de la situation politique du pays dans le contexte de la r\u00e9volution populaire en cours, et \u00e0 l&rsquo;examen des questions organiques du parti dans la perspective de son prochain congr\u00e8s national. Selon un communiqu\u00e9, le conseil [&hellip;]<\/p>\n","protected":false},"author":1744,"featured_media":0,"comment_status":"closed","ping_status":"closed","sticky":false,"template":"","format":"standard","meta":{"fifu_image_url":"","fifu_image_alt":"","footnotes":""},"categories":[73,53],"tags":[],"class_list":["post-46347","post","type-post","status-publish","format-standard","hentry","category-actualite","category-algerie"],"_links":{"self":[{"href":"https:\/\/linitiative.ca\/International\/wp-json\/wp\/v2\/posts\/46347","targetHints":{"allow":["GET"]}}],"collection":[{"href":"https:\/\/linitiative.ca\/International\/wp-json\/wp\/v2\/posts"}],"about":[{"href":"https:\/\/linitiative.ca\/International\/wp-json\/wp\/v2\/types\/post"}],"author":[{"embeddable":true,"href":"https:\/\/linitiative.ca\/International\/wp-json\/wp\/v2\/users\/1744"}],"replies":[{"embeddable":true,"href":"https:\/\/linitiative.ca\/International\/wp-json\/wp\/v2\/comments?post=46347"}],"version-history":[{"count":0,"href":"https:\/\/linitiative.ca\/International\/wp-json\/wp\/v2\/posts\/46347\/revisions"}],"wp:attachment":[{"href":"https:\/\/linitiative.ca\/International\/wp-json\/wp\/v2\/media?parent=46347"}],"wp:term":[{"taxonomy":"category","embeddable":true,"href":"https:\/\/linitiative.ca\/International\/wp-json\/wp\/v2\/categories?post=46347"},{"taxonomy":"post_tag","embeddable":true,"href":"https:\/\/linitiative.ca\/International\/wp-json\/wp\/v2\/tags?post=46347"}],"curies":[{"name":"wp","href":"https:\/\/api.w.org\/{rel}","templated":true}]}}