{"id":46349,"date":"2019-07-14T19:00:00","date_gmt":"2019-07-14T23:00:00","guid":{"rendered":"https:\/\/linitiative.ca\/International\/le-chef-de-letat-felicite-lequipe-nationale\/"},"modified":"2019-07-14T19:00:00","modified_gmt":"2019-07-14T23:00:00","slug":"le-chef-de-letat-felicite-lequipe-nationale","status":"publish","type":"post","link":"https:\/\/linitiative.ca\/International\/le-chef-de-letat-felicite-lequipe-nationale\/","title":{"rendered":"Le Chef de l\u2019\u00e9tat f\u00e9licite l\u2019\u00e9quipe nationale"},"content":{"rendered":"<p>Le chef de l\u2019\u00c9tat, Abdelkader Bensalah, a adress\u00e9, hier, un message de f\u00e9licitations \u00e0 l\u2019\u00e9quipe nationale et aux supporters, suite \u00e0 la qualification des Verts face au Nigeria \u00e0 la finale de la CAN-2019, r\u00e9it\u00e9rant l\u2019engagement de l\u2019\u00c9tat \u00e0 poursuivre ses efforts \u00e0 r\u00e9unir toutes les conditions appropri\u00e9es pour que cette victoire soit couronn\u00e9e d\u2019autres succ\u00e8s sur les plans continental et international.<br \/>\u00abVivant pleinement l\u2019all\u00e9gresse populaire, \u00e0 l\u2019occasion de la qualification de l\u2019\u00e9quipe nationale \u00e0 la finale de la CAN, je ne puis qu\u2019adresser, au nom de tout le peuple alg\u00e9rien et en mon nom, mes sinc\u00e8res f\u00e9licitations \u00e0 vous tous, joueurs, entra\u00eeneur, ou encore techniciens et supporters pour ce merveilleux exploit\u00bb, lit-on dans le message du chef de l\u2019\u00c9tat.<br \/>\u00a0\u00abArm\u00e9s d\u2019un esprit de patriotisme et de fair-play supr\u00eame, vous \u00e9tiez de v\u00e9ritables combattants ne m\u00e9nageant aucun effort pour arracher la victoire, vous donnant pour seul objectif l\u2019accession \u00e0 ces stades avanc\u00e9s et honorables de la comp\u00e9tition continentale, c\u2019est l\u00e0 tout le professionnalisme\u00bb, a \u00e9crit M. Bensalah.<br \/>S\u2019adressant \u00e9galement aux joueurs et aux membres de la s\u00e9lection nationale, M. Bensalah a dit avoir \u00abappr\u00e9ci\u00e9 et continue \u00e0 admirer, \u00e0 l\u2019instar de tous les Alg\u00e9riennes et Alg\u00e9riens, tous \u00e2ges confondus, le parcours exceptionnel de notre \u00e9quipe nationale, lors de cette coupe d\u2019Afrique, et \u00f4 combien je fus \u00e9mu par ces images relay\u00e9es par les m\u00e9dias \u00e0 travers le monde, traduisant le niveau raffin\u00e9 et singulier de patriotisme, de civisme et de discipline dont ont fait montre les aficionados alg\u00e9riens comme ils l\u2019ont de tout temps d\u00e9montr\u00e9 \u00e0 chaque fois qu\u2019il est question de porter haut notre embl\u00e8me national\u00bb.<br \/>\u00abChacun de nous a v\u00e9cu au rythme de l\u2019hymne national\u00bb, a-t-il encore soutenu, estimant que \u00abces moments resteront grav\u00e9s \u00e0 jamais dans notre m\u00e9moire nationale, et traduisent l\u2019esprit de sacrifice de nos jeunes et leur d\u00e9sir d\u2019honorer les couleurs nationales sur le plan international.<br \/>Nous avons grand espoir de voir notre \u00e9quipe nationale toujours pionni\u00e8re, en d\u00e9crochant davantage de victoires \u00e0 tous les niveaux, et monter sur le tr\u00f4ne de l\u2019Afrique\u00bb.<br \/>R\u00e9it\u00e9rant, en conclusion, ses remerciements et sa consid\u00e9ration \u00e0 la s\u00e9lection nationale, M. Bensalah a affirm\u00e9 encore une fois \u00abl\u2019engagement de l\u2019\u00c9tat \u00e0 poursuivre ses efforts \u00e0 r\u00e9unir toutes les conditions appropri\u00e9es pour qu\u2019elle soit couronn\u00e9e d\u2019autres succ\u00e8s sur les plans continental et international\u00bb, exprimant ses \u00abv\u0153ux pour nos joueurs intr\u00e9pides de brillance et de r\u00e9ussite\u00bb.<\/p>\n<p>Auteur: elmoudjahid<br \/>\n<a href=\"http:\/\/www.elmoudjahid.com\/fr\/actualites\/139302\">Cliquez ici pour lire l&rsquo;article depuis sa source.<\/a><\/p>\n","protected":false},"excerpt":{"rendered":"<p>Le chef de l\u2019\u00c9tat, Abdelkader Bensalah, a adress\u00e9, hier, un message de f\u00e9licitations \u00e0 l\u2019\u00e9quipe nationale et aux supporters, suite \u00e0 la qualification des Verts face au Nigeria \u00e0 la finale de la CAN-2019, r\u00e9it\u00e9rant l\u2019engagement de l\u2019\u00c9tat \u00e0 poursuivre ses efforts \u00e0 r\u00e9unir toutes les conditions appropri\u00e9es pour que cette victoire soit couronn\u00e9e d\u2019autres [&hellip;]<\/p>\n","protected":false},"author":1744,"featured_media":0,"comment_status":"closed","ping_status":"closed","sticky":false,"template":"","format":"standard","meta":{"fifu_image_url":"","fifu_image_alt":"","footnotes":""},"categories":[73,53],"tags":[],"class_list":["post-46349","post","type-post","status-publish","format-standard","hentry","category-actualite","category-algerie"],"_links":{"self":[{"href":"https:\/\/linitiative.ca\/International\/wp-json\/wp\/v2\/posts\/46349","targetHints":{"allow":["GET"]}}],"collection":[{"href":"https:\/\/linitiative.ca\/International\/wp-json\/wp\/v2\/posts"}],"about":[{"href":"https:\/\/linitiative.ca\/International\/wp-json\/wp\/v2\/types\/post"}],"author":[{"embeddable":true,"href":"https:\/\/linitiative.ca\/International\/wp-json\/wp\/v2\/users\/1744"}],"replies":[{"embeddable":true,"href":"https:\/\/linitiative.ca\/International\/wp-json\/wp\/v2\/comments?post=46349"}],"version-history":[{"count":0,"href":"https:\/\/linitiative.ca\/International\/wp-json\/wp\/v2\/posts\/46349\/revisions"}],"wp:attachment":[{"href":"https:\/\/linitiative.ca\/International\/wp-json\/wp\/v2\/media?parent=46349"}],"wp:term":[{"taxonomy":"category","embeddable":true,"href":"https:\/\/linitiative.ca\/International\/wp-json\/wp\/v2\/categories?post=46349"},{"taxonomy":"post_tag","embeddable":true,"href":"https:\/\/linitiative.ca\/International\/wp-json\/wp\/v2\/tags?post=46349"}],"curies":[{"name":"wp","href":"https:\/\/api.w.org\/{rel}","templated":true}]}}