{"id":46372,"date":"2019-07-15T13:54:00","date_gmt":"2019-07-15T17:54:00","guid":{"rendered":"https:\/\/linitiative.ca\/International\/presidentielle-ce-qui-fait-courir-benflis\/"},"modified":"2019-07-15T13:54:00","modified_gmt":"2019-07-15T17:54:00","slug":"presidentielle-ce-qui-fait-courir-benflis","status":"publish","type":"post","link":"https:\/\/linitiative.ca\/International\/presidentielle-ce-qui-fait-courir-benflis\/","title":{"rendered":"Pr\u00e9sidentielle :  ce qui fait courir Benflis ?"},"content":{"rendered":"<p><br id=\"sep_para_1\" class=\"sep_para access\"\/><\/p>\n<div id=\"para_1\" class=\"para_32162836 resize\">\n<div class=\"texte access firstletter\">Ali Benflis, pr\u00e9sident de Talaie El Houriyet, explique son choix de sortie de crise \u00e0 travers l\u2019organisation d\u2019une \u00e9lection pr\u00e9sidentielle cr\u00e9dible et transparente. Dans une vid\u00e9o post\u00e9e sur sa page Facebook, Benflis, qui a particip\u00e9\u00a0 \u00e0 la conf\u00e9rence du dialogue national d\u2019A\u00efn Benian, estime que \u00abla l\u00e9gitimit\u00e9 se construit par des \u00e9lections transparentes\u00bb. Comment organiser ces \u00e9lections ? Il faut, pr\u00e9cise-t-il, une commission nationale ind\u00e9pendante d\u2019organisation des \u00e9lections. Cette commission sera compos\u00e9e, d\u2019apr\u00e8s lui de \u00abpersonnes et personnes cr\u00e9dibles, int\u00e8gres, propres, qui craignent Dieu, qui ne d\u00e9tournent pas le droit des autres\u00bb. Les pr\u00e9rogatives de cette commission seront celle de l\u2019organisation de tout le processus \u00e9lectoral, du fichier \u00e9lectoral jusqu\u2019\u00e0 la proclamation des r\u00e9sultats.<\/div>\n<\/div>\n<p>Auteur: R\u00e9flexion<br \/>\n<a href=\"https:\/\/www.reflexiondz.net\/Presidentielle-ce-qui-fait-courir-Benflis_a56610.html\">Cliquez ici pour lire l&rsquo;article depuis sa source.<\/a><\/p>\n","protected":false},"excerpt":{"rendered":"<p>Ali Benflis, pr\u00e9sident de Talaie El Houriyet, explique son choix de sortie de crise \u00e0 travers l\u2019organisation d\u2019une \u00e9lection pr\u00e9sidentielle cr\u00e9dible et transparente. Dans une vid\u00e9o post\u00e9e sur sa page Facebook, Benflis, qui a particip\u00e9\u00a0 \u00e0 la conf\u00e9rence du dialogue national d\u2019A\u00efn Benian, estime que \u00abla l\u00e9gitimit\u00e9 se construit par des \u00e9lections transparentes\u00bb. Comment organiser [&hellip;]<\/p>\n","protected":false},"author":1740,"featured_media":0,"comment_status":"closed","ping_status":"closed","sticky":false,"template":"","format":"standard","meta":{"fifu_image_url":"","fifu_image_alt":"","footnotes":""},"categories":[53,76],"tags":[],"class_list":["post-46372","post","type-post","status-publish","format-standard","hentry","category-algerie","category-regions"],"_links":{"self":[{"href":"https:\/\/linitiative.ca\/International\/wp-json\/wp\/v2\/posts\/46372","targetHints":{"allow":["GET"]}}],"collection":[{"href":"https:\/\/linitiative.ca\/International\/wp-json\/wp\/v2\/posts"}],"about":[{"href":"https:\/\/linitiative.ca\/International\/wp-json\/wp\/v2\/types\/post"}],"author":[{"embeddable":true,"href":"https:\/\/linitiative.ca\/International\/wp-json\/wp\/v2\/users\/1740"}],"replies":[{"embeddable":true,"href":"https:\/\/linitiative.ca\/International\/wp-json\/wp\/v2\/comments?post=46372"}],"version-history":[{"count":0,"href":"https:\/\/linitiative.ca\/International\/wp-json\/wp\/v2\/posts\/46372\/revisions"}],"wp:attachment":[{"href":"https:\/\/linitiative.ca\/International\/wp-json\/wp\/v2\/media?parent=46372"}],"wp:term":[{"taxonomy":"category","embeddable":true,"href":"https:\/\/linitiative.ca\/International\/wp-json\/wp\/v2\/categories?post=46372"},{"taxonomy":"post_tag","embeddable":true,"href":"https:\/\/linitiative.ca\/International\/wp-json\/wp\/v2\/tags?post=46372"}],"curies":[{"name":"wp","href":"https:\/\/api.w.org\/{rel}","templated":true}]}}