{"id":46373,"date":"2019-07-15T13:54:00","date_gmt":"2019-07-15T17:54:00","guid":{"rendered":"https:\/\/linitiative.ca\/International\/mahrez-nargue-un-elu-de-marine-le-pen\/"},"modified":"2019-07-15T13:54:00","modified_gmt":"2019-07-15T17:54:00","slug":"mahrez-nargue-un-elu-de-marine-le-pen","status":"publish","type":"post","link":"https:\/\/linitiative.ca\/International\/mahrez-nargue-un-elu-de-marine-le-pen\/","title":{"rendered":"Mahrez nargue un \u00e9lu de Marine Le Pen"},"content":{"rendered":"<p><br id=\"sep_para_1\" class=\"sep_para access\"\/><\/p>\n<div id=\"para_1\" class=\"para_32162835 resize\">\n<div class=\"texte access firstletter\">\u00a0Riyad Mahrez, auteur du but magistral de la victoire face au Nigeria, a r\u00e9pondu \u00e0 un \u00e9lu de l\u2019ex-Front national \u00e0 travers un message post\u00e9 sur son compte Twitter. \u00abLe coup franc \u00e9tait pour toi\u00bb, a ironis\u00e9 l\u2019international alg\u00e9rien, qui a accompagn\u00e9 son commentaire des \u00e9motic\u00f4nes en signe de raillerie. L\u2019\u00e9lu de l\u2019ex-Front national, Julien Odoul, un proche de Marine Le Pen, avait souhait\u00e9 que l\u2019Alg\u00e9rie soit \u00e9limin\u00e9e \u00abpour emp\u00eacher la poursuite des violences et des pillages, pour \u00e9viter la mar\u00e9e de drapeaux alg\u00e9riens, pour pr\u00e9server notre f\u00eate nationale\u00bb, avait-il justifi\u00e9, dans une provocation \u00e0 laquelle beaucoup de Fran\u00e7ais ont r\u00e9pondu de fa\u00e7on virulente, estimant que cet \u00e9lu extr\u00e9miste x\u00e9nophobe ne les repr\u00e9sentait aucunement.<\/div>\n<\/div>\n<p>Auteur: R\u00e9flexion<br \/>\n<a href=\"https:\/\/www.reflexiondz.net\/Mahrez-nargue-un-elu-de-Marine-Le-Pen_a56609.html\">Cliquez ici pour lire l&rsquo;article depuis sa source.<\/a><\/p>\n","protected":false},"excerpt":{"rendered":"<p>\u00a0Riyad Mahrez, auteur du but magistral de la victoire face au Nigeria, a r\u00e9pondu \u00e0 un \u00e9lu de l\u2019ex-Front national \u00e0 travers un message post\u00e9 sur son compte Twitter. \u00abLe coup franc \u00e9tait pour toi\u00bb, a ironis\u00e9 l\u2019international alg\u00e9rien, qui a accompagn\u00e9 son commentaire des \u00e9motic\u00f4nes en signe de raillerie. L\u2019\u00e9lu de l\u2019ex-Front national, Julien [&hellip;]<\/p>\n","protected":false},"author":1740,"featured_media":0,"comment_status":"closed","ping_status":"closed","sticky":false,"template":"","format":"standard","meta":{"fifu_image_url":"","fifu_image_alt":"","footnotes":""},"categories":[53,76],"tags":[],"class_list":["post-46373","post","type-post","status-publish","format-standard","hentry","category-algerie","category-regions"],"_links":{"self":[{"href":"https:\/\/linitiative.ca\/International\/wp-json\/wp\/v2\/posts\/46373","targetHints":{"allow":["GET"]}}],"collection":[{"href":"https:\/\/linitiative.ca\/International\/wp-json\/wp\/v2\/posts"}],"about":[{"href":"https:\/\/linitiative.ca\/International\/wp-json\/wp\/v2\/types\/post"}],"author":[{"embeddable":true,"href":"https:\/\/linitiative.ca\/International\/wp-json\/wp\/v2\/users\/1740"}],"replies":[{"embeddable":true,"href":"https:\/\/linitiative.ca\/International\/wp-json\/wp\/v2\/comments?post=46373"}],"version-history":[{"count":0,"href":"https:\/\/linitiative.ca\/International\/wp-json\/wp\/v2\/posts\/46373\/revisions"}],"wp:attachment":[{"href":"https:\/\/linitiative.ca\/International\/wp-json\/wp\/v2\/media?parent=46373"}],"wp:term":[{"taxonomy":"category","embeddable":true,"href":"https:\/\/linitiative.ca\/International\/wp-json\/wp\/v2\/categories?post=46373"},{"taxonomy":"post_tag","embeddable":true,"href":"https:\/\/linitiative.ca\/International\/wp-json\/wp\/v2\/tags?post=46373"}],"curies":[{"name":"wp","href":"https:\/\/api.w.org\/{rel}","templated":true}]}}