{"id":46374,"date":"2019-07-15T13:54:00","date_gmt":"2019-07-15T17:54:00","guid":{"rendered":"https:\/\/linitiative.ca\/International\/finale-de-la-can-2019-9-avions-militaires-pour-transporter-les-supporters-algeriens\/"},"modified":"2019-07-15T13:54:00","modified_gmt":"2019-07-15T17:54:00","slug":"finale-de-la-can-2019-9-avions-militaires-pour-transporter-les-supporters-algeriens","status":"publish","type":"post","link":"https:\/\/linitiative.ca\/International\/finale-de-la-can-2019-9-avions-militaires-pour-transporter-les-supporters-algeriens\/","title":{"rendered":"FINALE DE LA CAN 2019 : 9 avions militaires pour transporter les supporters alg\u00e9riens"},"content":{"rendered":"<p><br id=\"sep_para_1\" class=\"sep_para access\"\/><\/p>\n<div id=\"para_1\" class=\"para_32162813 resize\">\n<div class=\"texte access firstletter\">Le minist\u00e8re de la d\u00e9fense nationale annonce \u00e0 travers un communiqu\u00e9 avoir mobilis\u00e9 neuf avions militaires pour transporter les supporters alg\u00e9riens afin de soutenir les co\u00e9quipiers de Mahrez vendredi prochain en finale de la Coupe d\u2019Afrique des Nations. \u00ab En additif \u00e0 notre communiqu\u00e9 du samedi 13 juillet 2019, relatif \u00e0 la mise en place de six (06) avions de transport militaire au profit de six cent (600) supporters de l\u2019\u00e9quipe nationale de football \u00e0 l\u2019occasion de la finale de la Coupe d\u2019Afrique des Nations, trois (03) avions de transport militaire suppl\u00e9mentaires seront mis en place, soit neuf (09) avions au total, au profit de deux cent soixante-dix (270) supporteurs alg\u00e9riens, dont le nombre total des supporters est de huit cent soixante-dix (870), pour soutenir et encourager les joueurs de l\u2019\u00e9quipe nationale et les motiver pour remporter ce troph\u00e9e continental important \u00bb, indique le communiqu\u00e9 du Minist\u00e8re de la D\u00e9fense nationale. Comme en 2009 lors de la fameuse \u00e9pop\u00e9e d\u2019Oum Dourman, l\u2019Arm\u00e9e nationale populaire mobilise ses moyens pour permettre \u00e0 des centaines de supporters de s\u2019envoler vers le Caire afin de soutenir les Verts qualifi\u00e9s brillamment en finale.<\/div>\n<\/div>\n<p>Auteur: Nadine<br \/>\n<a href=\"https:\/\/www.reflexiondz.net\/FINALE-DE-LA-CAN-2019-9-avions-militaires-pour-transporter-les-supporters-algeriens_a56607.html\">Cliquez ici pour lire l&rsquo;article depuis sa source.<\/a><\/p>\n","protected":false},"excerpt":{"rendered":"<p>Le minist\u00e8re de la d\u00e9fense nationale annonce \u00e0 travers un communiqu\u00e9 avoir mobilis\u00e9 neuf avions militaires pour transporter les supporters alg\u00e9riens afin de soutenir les co\u00e9quipiers de Mahrez vendredi prochain en finale de la Coupe d\u2019Afrique des Nations. \u00ab En additif \u00e0 notre communiqu\u00e9 du samedi 13 juillet 2019, relatif \u00e0 la mise en place [&hellip;]<\/p>\n","protected":false},"author":1740,"featured_media":0,"comment_status":"closed","ping_status":"closed","sticky":false,"template":"","format":"standard","meta":{"fifu_image_url":"","fifu_image_alt":"","footnotes":""},"categories":[53,76],"tags":[],"class_list":["post-46374","post","type-post","status-publish","format-standard","hentry","category-algerie","category-regions"],"_links":{"self":[{"href":"https:\/\/linitiative.ca\/International\/wp-json\/wp\/v2\/posts\/46374","targetHints":{"allow":["GET"]}}],"collection":[{"href":"https:\/\/linitiative.ca\/International\/wp-json\/wp\/v2\/posts"}],"about":[{"href":"https:\/\/linitiative.ca\/International\/wp-json\/wp\/v2\/types\/post"}],"author":[{"embeddable":true,"href":"https:\/\/linitiative.ca\/International\/wp-json\/wp\/v2\/users\/1740"}],"replies":[{"embeddable":true,"href":"https:\/\/linitiative.ca\/International\/wp-json\/wp\/v2\/comments?post=46374"}],"version-history":[{"count":0,"href":"https:\/\/linitiative.ca\/International\/wp-json\/wp\/v2\/posts\/46374\/revisions"}],"wp:attachment":[{"href":"https:\/\/linitiative.ca\/International\/wp-json\/wp\/v2\/media?parent=46374"}],"wp:term":[{"taxonomy":"category","embeddable":true,"href":"https:\/\/linitiative.ca\/International\/wp-json\/wp\/v2\/categories?post=46374"},{"taxonomy":"post_tag","embeddable":true,"href":"https:\/\/linitiative.ca\/International\/wp-json\/wp\/v2\/tags?post=46374"}],"curies":[{"name":"wp","href":"https:\/\/api.w.org\/{rel}","templated":true}]}}