{"id":46375,"date":"2019-07-15T14:37:00","date_gmt":"2019-07-15T18:37:00","guid":{"rendered":"https:\/\/linitiative.ca\/International\/edito-tebboune-le-retour\/"},"modified":"2019-07-15T14:37:00","modified_gmt":"2019-07-15T18:37:00","slug":"edito-tebboune-le-retour","status":"publish","type":"post","link":"https:\/\/linitiative.ca\/International\/edito-tebboune-le-retour\/","title":{"rendered":"EDITO : Tebboune, le retour"},"content":{"rendered":"<p><br id=\"sep_para_1\" class=\"sep_para access\"\/><\/p>\n<div id=\"para_1\" class=\"para_21424849 resize\">\n<div class=\"photo shadow left\"><a href=\"javascript:void(0)\" rel=\"https:\/\/www.reflexiondz.net\/photo\/art\/grande\/16737790-21424849.jpg?v=1503689982&#038;ibox\" title=\"EDITO : Tebboune, le retour\"><img decoding=\"async\" class=\"responsive c9\" src=\"https:\/\/www.reflexiondz.net\/photo\/art\/grande\/16737790-21424849.jpg?v=1503689982\" alt=\"EDITO : Tebboune, le retour\" title=\"EDITO : Tebboune, le retour\"\/><img decoding=\"async\" class=\"not-responsive\" src=\"https:\/\/www.reflexiondz.net\/photo\/art\/default\/16737790-21424849.jpg?v=1503689984\" alt=\"EDITO : Tebboune, le retour\" title=\"EDITO : Tebboune, le retour\"\/><\/a><\/div>\n<div class=\"texte access firstletter\">Des informations relay\u00e9es par des m\u00e9dias, r\u00e9v\u00e8lent le grand retour de l\u2019ancien premier ministre Abdelmadjid Tebboune au-devant de la sc\u00e8ne politique. C\u2019est en costume pr\u00e9sidentiable, que Tebboune revient probablement pour annoncer officiellement sa candidature au prochain scrutin pr\u00e9sidentiel dont la date n\u2019est pas encore d\u00e9finie. L\u2019ancien ministre de l\u2019habitat, ancien premier ministre victime de machination du clan Haddad et Sa\u00efd Bouteflika, pourrait jouer un grand r\u00f4le dans la prochaine course \u00e0 El Mouradia, avec son allure de premier responsable qui a dit non au clan de Bouteflika et aux oligarques du FCE, dont il a pay\u00e9 tr\u00e8s cher son soul\u00e8vement contre l\u2019argent sale\u2026 Abdelmadjid Tebboune, qui avait \u00e9t\u00e9 d\u00e9sign\u00e9 par l\u2019ancien pr\u00e9sident de la R\u00e9publique pour diriger le gouvernement en 2017, avant de le d\u00e9barquer, la m\u00eame ann\u00e9e pour s\u2019\u00eatre attaqu\u00e9 aux nababs, Ali Haddad, Kouninefs et Tahkout, les proches de Sa\u00efd Bouteflika, pourrait, sortir de sa r\u00e9serve qui n\u2019a que trop dur\u00e9 pour accomplir sa mission de mains propres qu\u2019il a entam\u00e9 durant les quelques mois \u00e0 la t\u00eate du premier minist\u00e8re avant de laisser sa place au plus grand corrompu de l\u2019Alg\u00e9rie, le protecteur de la mafia de l\u2019argent sale qui croule dans les ge\u00f4les d\u2019El Harrach. La bataille contre les oligarques est gagn\u00e9e par le pouvoir en place, et le clan de l\u2019ancien syst\u00e8me mafieux, fait d\u00e9sormais partie du pass\u00e9. Tebboune, pourrait ainsi d\u00e9fendre sa candidature en profitant de son dernier passage de dirigeant qui a lutt\u00e9 contre la mafia du foncier et le blanchiment d\u2019argent. Le profil populaire qu&rsquo;il a h\u00e9rit\u00e9 \u00e0 la veille de son limogeage abusif et qui s\u2019est sold\u00e9 par un grand \u00e9lan de solidarit\u00e9 de la part des internautes, pourrait en faire son principal cheval de bataille, et sa popularit\u00e9 gagn\u00e9e aupr\u00e8s des Alg\u00e9riens pourrait \u00e9galement lui baliser la route vers la pr\u00e9sidentielle, qui s\u2019annonce diff\u00e9rente des pr\u00e9c\u00e9dentes. Convaincre la rue en col\u00e8re \u00e0 l\u2019\u00e8re du Hirak ne sera pas facile pour les candidats. Une autre bataille contre l\u2019abstention s\u2019annonce, et avec le refus populaire des partis politiques, qui ont scand\u00e9 le 5eme mandat qui a fait exploser la col\u00e8re du peuple et en absence d&rsquo;une candidature de consensus, Tebboune pourrait \u00eatre une alternative.\u00a0\u00a0<\/div>\n<\/div>\n<p>Auteur: Belkacem<br \/>\n<a href=\"https:\/\/www.reflexiondz.net\/EDITO-Tebboune-le-retour_a48421.html\">Cliquez ici pour lire l&rsquo;article depuis sa source.<\/a><\/p>\n","protected":false},"excerpt":{"rendered":"<p>Des informations relay\u00e9es par des m\u00e9dias, r\u00e9v\u00e8lent le grand retour de l\u2019ancien premier ministre Abdelmadjid Tebboune au-devant de la sc\u00e8ne politique. C\u2019est en costume pr\u00e9sidentiable, que Tebboune revient probablement pour annoncer officiellement sa candidature au prochain scrutin pr\u00e9sidentiel dont la date n\u2019est pas encore d\u00e9finie. L\u2019ancien ministre de l\u2019habitat, ancien premier ministre victime de machination [&hellip;]<\/p>\n","protected":false},"author":1740,"featured_media":0,"comment_status":"closed","ping_status":"closed","sticky":false,"template":"","format":"standard","meta":{"fifu_image_url":"","fifu_image_alt":"","footnotes":""},"categories":[53,76],"tags":[],"class_list":["post-46375","post","type-post","status-publish","format-standard","hentry","category-algerie","category-regions"],"_links":{"self":[{"href":"https:\/\/linitiative.ca\/International\/wp-json\/wp\/v2\/posts\/46375","targetHints":{"allow":["GET"]}}],"collection":[{"href":"https:\/\/linitiative.ca\/International\/wp-json\/wp\/v2\/posts"}],"about":[{"href":"https:\/\/linitiative.ca\/International\/wp-json\/wp\/v2\/types\/post"}],"author":[{"embeddable":true,"href":"https:\/\/linitiative.ca\/International\/wp-json\/wp\/v2\/users\/1740"}],"replies":[{"embeddable":true,"href":"https:\/\/linitiative.ca\/International\/wp-json\/wp\/v2\/comments?post=46375"}],"version-history":[{"count":0,"href":"https:\/\/linitiative.ca\/International\/wp-json\/wp\/v2\/posts\/46375\/revisions"}],"wp:attachment":[{"href":"https:\/\/linitiative.ca\/International\/wp-json\/wp\/v2\/media?parent=46375"}],"wp:term":[{"taxonomy":"category","embeddable":true,"href":"https:\/\/linitiative.ca\/International\/wp-json\/wp\/v2\/categories?post=46375"},{"taxonomy":"post_tag","embeddable":true,"href":"https:\/\/linitiative.ca\/International\/wp-json\/wp\/v2\/tags?post=46375"}],"curies":[{"name":"wp","href":"https:\/\/api.w.org\/{rel}","templated":true}]}}