{"id":46386,"date":"2019-07-14T17:53:00","date_gmt":"2019-07-14T21:53:00","guid":{"rendered":"https:\/\/linitiative.ca\/International\/qui-est-maitre-makni-que-sfax-celebre-lors-du-135eme-anniversaire-de-la-municipalite-en-tant-son-premier-president\/"},"modified":"2019-07-14T17:53:00","modified_gmt":"2019-07-14T21:53:00","slug":"qui-est-maitre-makni-que-sfax-celebre-lors-du-135eme-anniversaire-de-la-municipalite-en-tant-son-premier-president","status":"publish","type":"post","link":"https:\/\/linitiative.ca\/International\/qui-est-maitre-makni-que-sfax-celebre-lors-du-135eme-anniversaire-de-la-municipalite-en-tant-son-premier-president\/","title":{"rendered":"Qui est Ma\u00eetre Makni que Sfax c\u00e9l\u00e8bre lors du 135\u00e8me anniversaire de la municipalit\u00e9, en tant son premier pr\u00e9sident"},"content":{"rendered":"<p><img decoding=\"async\" src=\"\/uploads\/FCK_files\/Maitre-Makni.jpg\" width=\"25%\" vspace=\"5\" hspace=\"5\" align=\"left\" alt=\"\"\/>Voil\u00e0 une dette, finalement acquitt\u00e9e, \u00e0 la m\u00e9moire d\u2019un grand militant patriotique. La Ville de Sfax s\u2019appr\u00eate \u00e0 c\u00e9l\u00e9brer ce mardi 16 juillet, le 135\u00e8me anniversaire de la cr\u00e9ation de sa municipalit\u00e9 en 1884. Une date historique qui marque le d\u00e9veloppement depuis lors d\u2019une grande m\u00e9tropole du sud tunisien et portail de la m\u00e9diterran\u00e9e. Sous la houlette de son pr\u00e9sident Mounir Elloumi, le conseil municipal \u00e9lu en mai 2015, a eu l\u2019heureuse initiative de c\u00e9l\u00e9brer cet anniversaire en rendant hommage \u00e0 tous les anciens maires de la ville, depuis l\u2019ind\u00e9pendance, Ma\u00eetre M\u2019hammed Makni.<\/p>\n<p>Cet hommage sera marqu\u00e9 par l\u2019inauguration du boulevard, jusque-l\u00e0 rue de Bizerte, qui portera d\u00e9sormais son nom, allant juste apr\u00e8s le carrefour de Beb Jebli, au centre-ville jusqu\u2019\u00e0 la rocade d\u00e9limitant sur la route vers Tunis le p\u00e9rim\u00e8tre communal, passant par Moulinville (l\u2019Ariana), devant sa r\u00e9sidence, puis longeant la voie ferr\u00e9e. La plaque portant le nom de Ma\u00eetre Makni sera d\u00e9voil\u00e9e en pr\u00e9sence des anciens maires invit\u00e9s \u00e0 cette occasion et une r\u00e9ception sera donn\u00e9e.<\/p>\n<p class=\"c2\"><img decoding=\"async\" src=\"\/uploads\/FCK_files\/Makni-integrale-Mehiri.jpg\" width=\"100%\" vspace=\"5\" hspace=\"5\" align=\"middle\" alt=\"\"\/><\/p>\n<h2>Qui est Ma\u00eetre Makni, le militant, l&rsquo;avocat<\/h2>\n<p><img decoding=\"async\" src=\"\/uploads\/FCK_files\/En-robe.jpg\" alt=\"\" width=\"28%\" vspace=\"5\" hspace=\"5\" align=\"right\"\/>Issu d\u2019une famille patriotique, il h\u00e9ritera de son p\u00e8re, Si Mahmoud, de nobles valeurs qu\u2019il inculquera \u00e0 ses enfants. Militant destourien depuis son jeune \u00e2ge, doubl\u00e9 d\u2019un dirigeant actif de diverses associations culturelles et sportives, notamment celles venant en aide aux \u00e9l\u00e8ves et aux \u00e9tudiants, et encourageant la lecture et l\u2019acc\u00e8s au savoir, il y entrainera ses fr\u00e8res Mohamed (Hmida) et Tijani. Si Hmida dirigera la section de Basket Ball de l\u2019ASPTT et Tijani occupera de hautes charges politiques, comme on le verra dans ce texte.<\/p>\n<p>Licenci\u00e9 en Droit de la Facult\u00e9 d\u2019Alger, Ma\u00eetre Makni (n\u00e9 le 14 juillet 1913 et d\u00e9c\u00e9d\u00e9 \u00e0 89 ans, le 28 juillet 2002), se distinguera au barreau, se constituant b\u00e9n\u00e9volement pour d\u00e9fendre les syndicalistes, les patriotes et le d\u00e9munis. Juriste qualifi\u00e9 et t\u00e9nor in\u00e9gal\u00e9, son cabinet, rue Alexandre Dumas, accueillera de jeunes stagiaires qui auront une brillante carri\u00e8re, Maitre Ilyes Gargouri, en t\u00eate. Tr\u00e8s respect\u00e9 de tous, Maitre Makni, sera d\u2019ailleurs longtemps, le repr\u00e9sentant du Conseil de l\u2019Ordre \u00e0 Sfax et dans le Sud tunisien. Tous d&rsquo;ailleurs l&rsquo;appellent El Amid (le B\u00e2tonnier).\u00a0Son portrait a \u00e9t\u00e9 accroch\u00e9 au si\u00e8ge de la section de Sfax du Conseil de l&rsquo;Ordre, par Me Tahar Kammoun, premier pr\u00e9sident de la section constitu\u00e9e en 1992.<\/p>\n<h2>Le Constituant, le 1er gouverneur du Sahel et le 1er Maire de Sfax<\/h2>\n<p>Au lendemain de l\u2019ind\u00e9pendance, il sera \u00e9lu le 9 avril 1956, d\u00e9put\u00e9 \u00e0 l\u2019Assembl\u00e9e constituante, sur la liste du Front national conduite par le N\u00e9o-Destour, dans la circonscription de Sfax \u2013 Skhira \u2013 Jebeniana. Comme co-listiers, il avait des compagnons de lutte de la premi\u00e8re heure, comme le Dr Ahmed Aloulou, Habib Achour, Mahmoud El Ghoul, Taher Abdelk\u00e9fi, Meftah Smiri, Ahmed Drira, et Hassen Kecroud.<\/p>\n<p class=\"c2\"><img decoding=\"async\" src=\"\/uploads\/FCK_files\/Makni-1.jpg\" alt=\"\" width=\"100%\" vspace=\"5\" hspace=\"5\" align=\"middle\"\/><\/p>\n<p>Ma\u00eetre Makni, ne si\u00e8gera pas long temps au Bardo. A peine deux mois apr\u00e8s, il est nomm\u00e9 en juin 1956, gouverneur de Sousse, Bourguiba l\u2019ayant choisi comme premier gouverneur de l\u2019ind\u00e9pendance et lui confiant l\u2019ensemble du Sahel, couvrant outre Sousse, Monastir et Mahdia.<\/p>\n<p>En quittant l\u2019Assembl\u00e9e nationale pour vaquer \u00e0 ses nouvelles fonctions, c\u2019est son compagnon de lutte, le pharmacien Sadok Guermazi qui occupera son si\u00e8ge, port\u00e9 par les \u00e9lections partielles du 26 ao\u00fbt 1956. Et \u00e7a ne sera pas l\u2019unique fois o\u00f9 Guermazi si\u00e8gera l\u00e0 o\u00f9 Makni avait offici\u00e9 avant lui.<\/p>\n<p>Avec l\u2019organisation des premi\u00e8res \u00e9lections municipales au lendemain de l\u2019ind\u00e9pendance, en 1957, Ma\u00eetre Makni qui a commenc\u00e9 une \u0153uvre tr\u00e8s appr\u00e9ci\u00e9e au Sahel devait quitter, le 1er octobre 1957 son poste de gouverneur de Sousse, pour conduire la liste destourienne candidate \u00e0 Sfax.<\/p>\n<p class=\"c2\"><img decoding=\"async\" src=\"\/uploads\/FCK_files\/Lettre-Mehiri(1).jpg\" alt=\"\" width=\"100%\" vspace=\"5\" hspace=\"5\" align=\"middle\"\/><\/p>\n<p>Emportant le scrutin, il y restera jusqu\u2019en 1960, se d\u00e9ployant tous azimuts.<\/p>\n<p class=\"c2\"><img decoding=\"async\" src=\"\/uploads\/FCK_files\/De%CC%81le%CC%81gation-a%CC%80-londres.jpg\" alt=\"\" width=\"100%\" vspace=\"5\" hspace=\"5\" align=\"middle\"\/><\/p>\n<p class=\"c2\"><img decoding=\"async\" src=\"\/uploads\/FCK_files\/Maitre-Makni-avec-Taieb-Slim-a-londres.jpg\" alt=\"\" width=\"100%\" vspace=\"5\" hspace=\"5\" align=\"middle\"\/><\/p>\n<p>Puis, il c\u00e8dera les clefs de la ville \u00e0 Abdelmajid Chaker, alors tout puissant jeune directeur du parti socialiste destourien et ministre de l&rsquo;Agriculture puis de l&rsquo;Information Bourguiba. Le hasard voudra que lorsque Chaker partira en 1966, comme ambassadeur \u00e0 Alger (puis Belgrade et la Scandinavie), c\u2019est Sadok Guermazi (au centre de la photo) qui lui succ\u00e8dera \u00e0 la Mairie de Sfax, sur les traces de Ma\u00eetre Makni\u2026 Il y effectuera deux mandats successifs.<\/p>\n<p class=\"c2\"><img decoding=\"async\" src=\"\/uploads\/FCK_files\/Sadok-Guermazi.jpg\" alt=\"\" width=\"100%\" vspace=\"5\" hspace=\"5\" align=\"middle\"\/><\/p>\n<p>Dix ans apr\u00e8s, c\u2019est le fr\u00e8re benjamin de Ma\u00eetre Makni, Tijani Makni, professeur de Sciences naturelles, militant de l\u2019UGET, puis du Parti Socialiste destourien, gravissant ses \u00e9chelons r\u00e9gionaux et nationaux jusqu\u2019\u00e0 devenir d\u00e9put\u00e9 \u00e0 l\u2019Assembl\u00e9e nationale etvmembre du bureau politique qui sera ceint de la prestigieuse \u00e9charpe de Maire de Sfax, jusqu\u2019en 1980.<\/p>\n<h2>Les anciens Maires de Sfax<\/h2>\n<ul>\n<li>Abdellatif Chaker (assurant la rel\u00e8ve imm\u00e9diate)\u00a0: 1956 \u2013 1957<\/li>\n<li>Mhammed Makni\u00a0: 1957 &#8211; 1960<\/li>\n<li>Abdelmajid Chaker\u00a0: 1960 \u2013 1966<\/li>\n<li>Sadok Guermazi\u00a0: 1966 \u2013 1975<\/li>\n<li>Tijani Makni\u00a0: 1975 \u2013 1980<\/li>\n<li>Ahmed Bellassoued\u00a0: 1980 \u2013 1985<\/li>\n<li>Ahmed Zghal\u00a0: 1985 \u2013 1990<\/li>\n<li>Mhammed Chaker\u00a0: 1990 \u2013 1995<\/li>\n<li>Mohsen Mezghanni\u00a0: 1995 \u2013 2000<\/li>\n<li>Mohamed Hadj Taieb\u00a0: 2000 \u2013 2010<\/li>\n<li>Moncef Abdelh\u00e9di\u00a0: 2010 \u2013 2011<\/li>\n<li>Mohamed N\u00e9jib Abdelmoula\u00a0: 2011 \u2013 2012 (pr\u00e9sident de la d\u00e9l\u00e9gation sp\u00e9ciale)<\/li>\n<li>Mabrouk Ksontini\u00a0: 2012 \u2013 2017 (pr\u00e9sident de la d\u00e9l\u00e9gation sp\u00e9ciale)<\/li>\n<li>Imed Sebri\u00a0: 2017\u00a0(secr\u00e9taire g\u00e9n\u00e9ral du gouvernorat, pr\u00e9sident de la d\u00e9l\u00e9gation sp\u00e9ciale)<\/li>\n<li>Mounir Elloumi\u00a0: Depuis 2018<\/li>\n<\/ul>\n<h2>Un cercle d\u2019excellence<\/h2>\n<p>L\u2019amiti\u00e9 entre Ma\u00eetre Makni et Sadok Guermazi sera indefectible, tout comme avec Sadok Fendri (pharmacien), Dr Mustapha Fourati (ORL) et Dr Taher Fakhfakh (Ophtalmo), constituant ensemble un cercle tr\u00e8s soud\u00e9. Des sages et des patriotes, titulaires de hauts dipl\u00f4mes, il servaient de r\u00e9f\u00e9rence pour tous et une source d&rsquo;insporation pour les g\u00e9n\u00e9rations montantes. Chaque fin d\u2019apr\u00e8s-midi, ils aimaient se retrouver ensemble dans les salons de l\u2019H\u00f4tel Mabrouk Palace, \u00e0 l\u2019\u00e9tage, loin des autres clients, pour deviser ensemble. Leur rendez-vous \u00e9tait un rituel admir\u00e9 et respect\u00e9 par les Sfaxiens.<\/p>\n<h2>Etendre l\u2019hommage aux m\u00e9ritants<\/h2>\n<p>Rendre hommage en ce 135\u00e8me anniversaire du conseil municipal de Sfax au premier pr\u00e9sident du conseil, Ma\u00eetre Makni et \u00e0 tous ses successeurs est riche en significations. Cette reconnaissance gagne \u00e0 \u00eatre \u00e9largie \u00e0 tous les grands commis de l\u2019Etat qui ont servi la municipalit\u00e9 de Sfax, notamment les secr\u00e9taires g\u00e9n\u00e9raux, les ing\u00e9nieurs et architectes, les administratifs. Mais, aussi, l\u2019ensemble des \u00e9lus.<\/p>\n<p>Dans le m\u00eame \u00e9lan, c\u00e9l\u00e9brer parmi les anciens d\u00e9l\u00e9gu\u00e9s et gouverneurs de la ville ceux qui se sont particuli\u00e8rement distingu\u00e9s par leur d\u00e9vouement en faveur de Sfax et leur soutien \u00e0 ses projets, ne sera que justice rendue \u00e0 leur \u00e9gard. De Zine Mohsen, \u00e0 Naceur Ben Jaafar, Mohamed et Mehrez Bellamine, H\u00e9di Baccouche, Zakariya Ben Mustapha, Kacem Bousnina, Rachid Badri, Ameur Ghedira, Mohamed Boughzala, Taher Sraieb, Fadhel Khelil, Amor Latiri, Abdelkader Zitouna, Lamine El Abed, Sahbi Basly, Ali Trabelsi et autres Mohamed Tounsi: la liste d\u2019honneur est sertie de bonnes pioches.<\/p>\n<p>Malheureusement, Sfax a connu, en mauvais sort, certains gouverneurs maladroits, arrogants et incomp\u00e9tents que les Sfaxiens ont d\u00fb subir sto\u00efquement en attendant leur d\u00e9part. Et l\u2019histoire continue.<\/p>\n<p>C\u00e9l\u00e9brons les r\u00e9ussites et cultivons la m\u00e9moire de nos illustres.<br \/><strong><br \/>Taoufik Habaieb<\/strong><\/p>\n<h2>Les anciens gouverneurs de Sfax<\/h2>\n<ul>\n<li>Mohamed Zinelabidine Mohsen (1956-1960)<\/li>\n<li>Naceur Ben Jaafar\u00a0(1960-1961)<\/li>\n<li>Mohamed Bellamine (1961-1964)<\/li>\n<li>Mehrez Bellamine (1964-1967)<\/li>\n<li>H\u00e9di Baccouche\u00a0(1967-1969)<\/li>\n<li>Zakaria Ben Mustapha\u00a0(1969-1970)<\/li>\n<li>H\u00e9di Mkaddem (1970-1971)<\/li>\n<li>Kacem Bousnina (1971-1973)<\/li>\n<li>Rachid Badri (1973-1974)<\/li>\n<li>Ameur Ghedira (1974-1978)<\/li>\n<li>Habib Tounsi (1978-1980)<\/li>\n<li>Mohamed Boughzala (1980)<\/li>\n<li>Tahar Sraieb\u00a0(1980-1981)<\/li>\n<li>Hamadi Amara (1982, 13 jours)<\/li>\n<li>Abdelkader Zitouna (1982-1984)<\/li>\n<li>Abdelkader N&rsquo;siri (1984-1986)<\/li>\n<li>Amor Latiri (1986-1988)<\/li>\n<li>Mohamed Fadhel Khelil\u00a0(1988-1990)<\/li>\n<li>Mohamed Ben Saad (1990-1992)<\/li>\n<li>Mohamed Rachdi (1992-1995)<\/li>\n<li>Mohamed Soudani (1995-1996)<\/li>\n<li>Mohamed Sahbi Basly (1996-1998)<\/li>\n<li>Mohamed Lamine Abed (1998-2002)<\/li>\n<li>Ali Trabelsi (2002-2003)<\/li>\n<li>Mohamed Tounsi (2003-2004)<\/li>\n<li>Ali Ksiksi (2004-2006)<\/li>\n<li>Kamel Some\u00ef (2006-2007)<\/li>\n<li>Mohamed Ben Salem (2007-2011)<\/li>\n<li>Mohamed Ali Jendoubi (2011-2012)<\/li>\n<li>Fathi Derbali (2012-2013)<\/li>\n<li>Samir Rouihem (2013-2014)<\/li>\n<li>Mehdi Chelbi (2014-2015)<\/li>\n<li>Habib Chaouat (2015-2016)<\/li>\n<li>Slim Tissaoui (2016 -2017)<\/li>\n<li>Adel Khabtheni (depuis 2017)<\/li>\n<\/ul>\n<p>Auteur:<br \/>\n<a href=\"https:\/\/www.leaders.com.tn\/article\/27498-qui-est-maitre-makni-que-sfax-celebre-lors-du-135eme-anniversaire-de-la-municipalite-en-tant-son-premier-president\">Cliquez ici pour lire l&rsquo;article depuis sa source.<\/a><\/p>\n","protected":false},"excerpt":{"rendered":"<p>Voil\u00e0 une dette, finalement acquitt\u00e9e, \u00e0 la m\u00e9moire d\u2019un grand militant patriotique. La Ville de Sfax s\u2019appr\u00eate \u00e0 c\u00e9l\u00e9brer ce mardi 16 juillet, le 135\u00e8me anniversaire de la cr\u00e9ation de sa municipalit\u00e9 en 1884. Une date historique qui marque le d\u00e9veloppement depuis lors d\u2019une grande m\u00e9tropole du sud tunisien et portail de la m\u00e9diterran\u00e9e. Sous [&hellip;]<\/p>\n","protected":false},"author":1772,"featured_media":46387,"comment_status":"closed","ping_status":"closed","sticky":false,"template":"","format":"standard","meta":{"fifu_image_url":"","fifu_image_alt":"","footnotes":""},"categories":[73,55],"tags":[],"class_list":["post-46386","post","type-post","status-publish","format-standard","has-post-thumbnail","hentry","category-actualite","category-tunisie"],"_links":{"self":[{"href":"https:\/\/linitiative.ca\/International\/wp-json\/wp\/v2\/posts\/46386","targetHints":{"allow":["GET"]}}],"collection":[{"href":"https:\/\/linitiative.ca\/International\/wp-json\/wp\/v2\/posts"}],"about":[{"href":"https:\/\/linitiative.ca\/International\/wp-json\/wp\/v2\/types\/post"}],"author":[{"embeddable":true,"href":"https:\/\/linitiative.ca\/International\/wp-json\/wp\/v2\/users\/1772"}],"replies":[{"embeddable":true,"href":"https:\/\/linitiative.ca\/International\/wp-json\/wp\/v2\/comments?post=46386"}],"version-history":[{"count":0,"href":"https:\/\/linitiative.ca\/International\/wp-json\/wp\/v2\/posts\/46386\/revisions"}],"wp:featuredmedia":[{"embeddable":true,"href":"https:\/\/linitiative.ca\/International\/wp-json\/"}],"wp:attachment":[{"href":"https:\/\/linitiative.ca\/International\/wp-json\/wp\/v2\/media?parent=46386"}],"wp:term":[{"taxonomy":"category","embeddable":true,"href":"https:\/\/linitiative.ca\/International\/wp-json\/wp\/v2\/categories?post=46386"},{"taxonomy":"post_tag","embeddable":true,"href":"https:\/\/linitiative.ca\/International\/wp-json\/wp\/v2\/tags?post=46386"}],"curies":[{"name":"wp","href":"https:\/\/api.w.org\/{rel}","templated":true}]}}