{"id":46404,"date":"2019-07-15T08:01:37","date_gmt":"2019-07-15T12:01:37","guid":{"rendered":"https:\/\/linitiative.ca\/International\/ambassade-de-france-la-fete-du-14-juillet-celebree-a-rabat\/"},"modified":"2019-07-15T08:01:37","modified_gmt":"2019-07-15T12:01:37","slug":"ambassade-de-france-la-fete-du-14-juillet-celebree-a-rabat","status":"publish","type":"post","link":"https:\/\/linitiative.ca\/International\/ambassade-de-france-la-fete-du-14-juillet-celebree-a-rabat\/","title":{"rendered":"Ambassade de France : La f\u00eate du 14 Juillet c\u00e9l\u00e9br\u00e9e \u00e0 Rabat"},"content":{"rendered":"<p><strong>Il y avait du monde \u00e0 la r\u00e9ception donn\u00e9e \u00e0 l\u2019occasion de la f\u00eate nationale fran\u00e7aise \u00e0 la r\u00e9sidence de France \u00e0 Rabat, le 14 juillet. Le chef du gouvernement, Sa\u00e2d Eddine El Othmani, ainsi que plusieurs personnalit\u00e9s marocaines du monde de la politique et des affaires ont r\u00e9pondu pr\u00e9sents \u00e0 l\u2019invitation de Jean-Fran\u00e7ois Girault, ambassadeur de France au Maroc.<\/strong><\/p>\n<div class=\"c10\"\/>\n<p>S\u2019exprimant lors de la r\u00e9ception Jean-Fran\u00e7ois Girault a soulign\u00e9 que le Maroc et la France \u00ab\u00a0m\u00e8nent ensemble les m\u00eames combats contre le r\u00e9chauffement climatique, le terrorisme, la radicalisation et les migrations ill\u00e9gales. Dans votre pays o\u00f9 l\u2019on ressent si fortement la densit\u00e9 des si\u00e8cles, l\u2019\u00e9nergie alternative de la tradition et du renouveau a su imprimer \u00e0 sa politique un incontestable \u00e9lan cr\u00e9ateur\u00a0\u00bb. L\u2019ambassadeur a \u00e9galement mis l\u2019accent sur les principaux enjeux \u00e0 relever que sont notamment la sant\u00e9, l\u2019\u00e9ducation, la justice, l\u2019emploi des jeunes et le partage \u00e9quitable des fruits de la croissance.<\/p>\n<p>Le chef du gouvernement Sa\u00e2d Eddine El Otmani a soulign\u00e9 le caract\u00e8re exceptionnel et singulier des relations liant les deux nations en \u00e9voquant les volets de coop\u00e9ration vari\u00e9s et multidimensionnels. Le chef du gouvernement s\u2019est f\u00e9licit\u00e9 du r\u00f4le des divers op\u00e9rateurs \u00e9conomiques et parlementaires ainsi que des acteurs institutionnels locaux dans le renforcement des dimensions \u00e9conomiques, culturelles et humaines de la coop\u00e9ration bilat\u00e9rale. \u00ab\u00a0Le partenariat strat\u00e9gique liant nos deux pays gagne en profondeur et en intensit\u00e9, tel que l\u2019atteste le nombre important de visites de part et d\u2019autre, \u00e0 l\u2019occasion de la c\u00e9l\u00e9bration du centenaire de l\u2019Armistice de 1918 et la visite du pr\u00e9sident de la R\u00e9publique de France, Emmanuel Macron, pour l\u2019inauguration de la ligne \u00e0 grande vitesse Tanger-Casablanca\u00a0\u00bb.<\/p>\n<p>Mettant en avant le caract\u00e8re singulier du partenariat d\u2019exception entre les deux nations, le diplomate a rappel\u00e9 entre autres la comm\u00e9moration par les deux chefs D\u2019\u00c9tat, SM le Roi Mohammed VI et le Pr\u00e9sident fran\u00e7ais Emmanuel Macron, le 11 novembre 2018 \u00e0 l\u2019Arc de Triomphe, le centenaire de l\u2019armistice de la grande guerre.<\/p>\n<p>Il a en outre fait observer que les relations maroco-fran\u00e7aises seront marqu\u00e9es dans les prochains mois notamment par la r\u00e9union de Haut niveau Maroc-France, notant qu\u2019il s\u2019agit d\u2019une opportunit\u00e9 pour \u00ab\u00a0consolider encore plus la dynamique enclench\u00e9e par les deux chefs d\u2019Etat\u00a0\u00bb.<\/p>\n<p><img loading=\"lazy\" decoding=\"async\" class=\"size-full wp-image-112843\" src=\"https:\/\/www.challenge.ma\/wp-content\/uploads\/2019\/07\/WhatsApp-Image-2019-07-15-at-17.33.43.jpeg\" alt=\"\" width=\"1024\" height=\"684\" srcset=\"https:\/\/www.challenge.ma\/wp-content\/uploads\/2019\/07\/WhatsApp-Image-2019-07-15-at-17.33.43.jpeg 1024w, https:\/\/www.challenge.ma\/wp-content\/uploads\/2019\/07\/WhatsApp-Image-2019-07-15-at-17.33.43-300x200.jpeg 300w, https:\/\/www.challenge.ma\/wp-content\/uploads\/2019\/07\/WhatsApp-Image-2019-07-15-at-17.33.43-768x513.jpeg 768w, https:\/\/www.challenge.ma\/wp-content\/uploads\/2019\/07\/WhatsApp-Image-2019-07-15-at-17.33.43-360x240.jpeg 360w, https:\/\/www.challenge.ma\/wp-content\/uploads\/2019\/07\/WhatsApp-Image-2019-07-15-at-17.33.43-750x501.jpeg 750w\" sizes=\"auto, (max-width: 1024px) 100vw, 1024px\"\/>Kamal Lahlou Pr\u00e9sident du groupe des \u00e9ditions de la Gazette, Jean-Fran\u00e7ois Girault ambassadeur de France au Maroc,Sa\u00e2d Eddine El Othmani Le chef du gouvernement Marocain,<span class=\"st\">Marie-C\u00e9cile Tardieu \u00e9pouse de l\u2019ambassadeur fran\u00e7ais,<\/span> Nawal El Moutawakel athl\u00e8te Marocaine <img loading=\"lazy\" decoding=\"async\" class=\"size-full wp-image-112842\" src=\"https:\/\/www.challenge.ma\/wp-content\/uploads\/2019\/07\/WhatsApp-Image-2019-07-15-at-17.33.431.jpeg\" alt=\"\" width=\"1024\" height=\"684\" srcset=\"https:\/\/www.challenge.ma\/wp-content\/uploads\/2019\/07\/WhatsApp-Image-2019-07-15-at-17.33.431.jpeg 1024w, https:\/\/www.challenge.ma\/wp-content\/uploads\/2019\/07\/WhatsApp-Image-2019-07-15-at-17.33.431-300x200.jpeg 300w, https:\/\/www.challenge.ma\/wp-content\/uploads\/2019\/07\/WhatsApp-Image-2019-07-15-at-17.33.431-768x513.jpeg 768w, https:\/\/www.challenge.ma\/wp-content\/uploads\/2019\/07\/WhatsApp-Image-2019-07-15-at-17.33.431-360x240.jpeg 360w, https:\/\/www.challenge.ma\/wp-content\/uploads\/2019\/07\/WhatsApp-Image-2019-07-15-at-17.33.431-750x501.jpeg 750w\" sizes=\"auto, (max-width: 1024px) 100vw, 1024px\"\/>Andr\u00e9 Azoulay journaliste, \u00e9conomiste et homme politique marocain <img loading=\"lazy\" decoding=\"async\" class=\"size-full wp-image-112853\" src=\"https:\/\/www.challenge.ma\/wp-content\/uploads\/2019\/07\/WhatsApp-Image-2019-07-15-at-17.58.54.jpeg\" alt=\"\" width=\"1024\" height=\"684\" srcset=\"https:\/\/www.challenge.ma\/wp-content\/uploads\/2019\/07\/WhatsApp-Image-2019-07-15-at-17.58.54.jpeg 1024w, https:\/\/www.challenge.ma\/wp-content\/uploads\/2019\/07\/WhatsApp-Image-2019-07-15-at-17.58.54-300x200.jpeg 300w, https:\/\/www.challenge.ma\/wp-content\/uploads\/2019\/07\/WhatsApp-Image-2019-07-15-at-17.58.54-768x513.jpeg 768w, https:\/\/www.challenge.ma\/wp-content\/uploads\/2019\/07\/WhatsApp-Image-2019-07-15-at-17.58.54-360x240.jpeg 360w, https:\/\/www.challenge.ma\/wp-content\/uploads\/2019\/07\/WhatsApp-Image-2019-07-15-at-17.58.54-750x501.jpeg 750w\" sizes=\"auto, (max-width: 1024px) 100vw, 1024px\"\/>les \u00e9l\u00e8ves de la prepa Sc P\u00f4 de L\u00e9on L\u2019Africain dont l\u2019\u00e9pouse de l\u2019ambassadeur est la marraine<\/p>\n<p>Dans le m\u00eame ordre d\u2019id\u00e9es, El Otmani a salu\u00e9 les efforts d\u00e9ploy\u00e9s par l\u2019ambassadeur de France \u00e0 Rabat, Jean-Fran\u00e7ois Girault, durant les derni\u00e8res ann\u00e9es, r\u00e9it\u00e9rant l\u2019engagement ferme \u00e0 aller de l\u2019avant dans la dynamique de consolidation et de renouveau des relations bilat\u00e9rales.<\/p>\n<div class=\"c17\">\n<fieldset class=\"c16\">\n<legend><strong><span class=\"c11\">Challenge<\/span><span class=\"c12\">news<\/span><\/strong><\/legend>\n<div class=\"c15\">Le meilleur de la r\u00e9daction s\u00e9lectionn\u00e9 par Challenge :<\/p>\n<\/div>\n<\/fieldset>\n<\/div>\n<p>Auteur: Hajar DARI<br \/>\n<a href=\"https:\/\/www.challenge.ma\/ambassade-de-france-la-fete-du-14-juillet-celebree-a-rabat-112791\/\">Cliquez ici pour lire l&rsquo;article depuis sa source.<\/a><\/p>\n","protected":false},"excerpt":{"rendered":"<p>Il y avait du monde \u00e0 la r\u00e9ception donn\u00e9e \u00e0 l\u2019occasion de la f\u00eate nationale fran\u00e7aise \u00e0 la r\u00e9sidence de France \u00e0 Rabat, le 14 juillet. Le chef du gouvernement, Sa\u00e2d Eddine El Othmani, ainsi que plusieurs personnalit\u00e9s marocaines du monde de la politique et des affaires ont r\u00e9pondu pr\u00e9sents \u00e0 l\u2019invitation de Jean-Fran\u00e7ois Girault, [&hellip;]<\/p>\n","protected":false},"author":1787,"featured_media":46405,"comment_status":"closed","ping_status":"closed","sticky":false,"template":"","format":"standard","meta":{"fifu_image_url":"","fifu_image_alt":"","footnotes":""},"categories":[78,54],"tags":[],"class_list":["post-46404","post","type-post","status-publish","format-standard","has-post-thumbnail","hentry","category-economie","category-maroc"],"_links":{"self":[{"href":"https:\/\/linitiative.ca\/International\/wp-json\/wp\/v2\/posts\/46404","targetHints":{"allow":["GET"]}}],"collection":[{"href":"https:\/\/linitiative.ca\/International\/wp-json\/wp\/v2\/posts"}],"about":[{"href":"https:\/\/linitiative.ca\/International\/wp-json\/wp\/v2\/types\/post"}],"author":[{"embeddable":true,"href":"https:\/\/linitiative.ca\/International\/wp-json\/wp\/v2\/users\/1787"}],"replies":[{"embeddable":true,"href":"https:\/\/linitiative.ca\/International\/wp-json\/wp\/v2\/comments?post=46404"}],"version-history":[{"count":0,"href":"https:\/\/linitiative.ca\/International\/wp-json\/wp\/v2\/posts\/46404\/revisions"}],"wp:featuredmedia":[{"embeddable":true,"href":"https:\/\/linitiative.ca\/International\/wp-json\/"}],"wp:attachment":[{"href":"https:\/\/linitiative.ca\/International\/wp-json\/wp\/v2\/media?parent=46404"}],"wp:term":[{"taxonomy":"category","embeddable":true,"href":"https:\/\/linitiative.ca\/International\/wp-json\/wp\/v2\/categories?post=46404"},{"taxonomy":"post_tag","embeddable":true,"href":"https:\/\/linitiative.ca\/International\/wp-json\/wp\/v2\/tags?post=46404"}],"curies":[{"name":"wp","href":"https:\/\/api.w.org\/{rel}","templated":true}]}}