{"id":46406,"date":"2019-07-15T08:18:48","date_gmt":"2019-07-15T12:18:48","guid":{"rendered":"https:\/\/linitiative.ca\/International\/il-fait-lactu-jean-francois-giarault-ambassadeur-de-france-a-rabat\/"},"modified":"2019-07-15T08:18:48","modified_gmt":"2019-07-15T12:18:48","slug":"il-fait-lactu-jean-francois-giarault-ambassadeur-de-france-a-rabat","status":"publish","type":"post","link":"https:\/\/linitiative.ca\/International\/il-fait-lactu-jean-francois-giarault-ambassadeur-de-france-a-rabat\/","title":{"rendered":"Il fait l\u2019actu : Jean-Fran\u00e7ois Giarault, ambassadeur de France \u00e0 Rabat"},"content":{"rendered":"<p><strong>Li\u00e9s par un partenariat d\u2019exception singulier, le Maroc et la France sont deux puissances de paix, d\u2019ouverture et d\u2019acceptation de la diversit\u00e9, a affirm\u00e9, dimanche, l\u2019ambassadeur fran\u00e7ais \u00e0 Rabat, Jean-Fran\u00e7ois Girault.<\/strong><\/p>\n<div class=\"c10\"\/>\n<p>S\u2019exprimant lors d\u2019une r\u00e9ception \u00e0 l\u2019occasion de la comm\u00e9moration de la f\u00eate nationale fran\u00e7aise du 14 juillet, en pr\u00e9sence notamment du chef de gouvernement Saad Eddine El Otmani, l\u2019ambassadeur a soulign\u00e9 que Rabat et Paris \u00ab\u00a0m\u00e8nent ensemble les m\u00eames combats contre le r\u00e9chauffement climatique, le terrorisme, la radicalisation et les migrations ill\u00e9gales\u00a0\u00bb.<\/p>\n<p>\u00ab\u00a0Dans votre pays o\u00f9 l\u2019on ressent si fortement la densit\u00e9 des si\u00e8cles, l\u2019\u00e9nergie alternative de la tradition et du renouveau a su imprimer \u00e0 sa politique un incontestable \u00e9lan cr\u00e9ateur\u00a0\u00bb, a-t-il fait observer, mettant l\u2019accent sur les principaux enjeux \u00e0 relever que sont notamment la sant\u00e9, l\u2019\u00e9ducation, la justice, l\u2019emploi des jeunes et le partage \u00e9quitable des fruits de la croissance.<\/p>\n<p>L\u2019ambassadeur a soulign\u00e9 que ces d\u00e9fis \u00ab\u00a0sont communs \u00e0 nos soci\u00e9t\u00e9s. Aussi la France et le Royaume se tiennent-ils plus que jamais c\u00f4te-\u00e0-c\u00f4te pour les relever\u00a0\u00bb. \u00ab\u00a0Dans notre relation d\u2019\u00e9gal \u00e0 \u00e9gal, respectueuse de l\u2019ind\u00e9pendance et de la souverainet\u00e9 de l\u2019autre, notre dialogue et nos \u00e9changes ont retrouv\u00e9 leur ampleur et leur s\u00e9r\u00e9nit\u00e9 naturelles\u00a0\u00bb, a-t-not\u00e9, tout en exprimant \u00ab\u00a0les sentiments d\u00e9f\u00e9rents d\u2019immense gratitude \u00e0 SM le Roi Mohammed VI\u00a0\u00bb.<\/p>\n<p>Mettant en avant le caract\u00e8re singulier du partenariat d\u2019exception entre les deux nations, le diplomate a rappel\u00e9 entre autres la comm\u00e9moration par les deux chefs D\u2019\u00c9tat, SM le Roi Mohammed VI et le Pr\u00e9sident fran\u00e7ais Emmanuel Macron, le 11 novembre 2018 \u00e0 l\u2019Arc de Triomphe, le centenaire de l\u2019armistice de la grande guerre.<\/p>\n<p>Le diplomate fran\u00e7ais a de m\u00eame rappel\u00e9 le trajet inaugural de Tanger \u00e0 Rabat de la premi\u00e8re ligne \u00e0 grande vitesse d\u2019Afrique par SM le Roi et le pr\u00e9sident fran\u00e7ais en novembre 2018 ainsi que l\u2019inauguration par les deux chefs d\u2019\u00c9tat en juin dernier de la premi\u00e8re usine du groupe PSA, qui arrime le Maroc au rang de premier constructeur automobile du continent africain.<\/p>\n<p>Cette r\u00e9ception s\u2019est d\u00e9roul\u00e9e en pr\u00e9sence \u00e9galement de membres du gouvernement, d\u2019anciens ministres et des personnalit\u00e9s du monde de la diplomatie et des repr\u00e9sentants de la communaut\u00e9 fran\u00e7aise \u00e9tablie au Maroc.<\/p>\n<div class=\"c17\">\n<fieldset class=\"c16\">\n<legend><strong><span class=\"c11\">Challenge<\/span><span class=\"c12\">news<\/span><\/strong><\/legend>\n<div class=\"c15\">Le meilleur de la r\u00e9daction s\u00e9lectionn\u00e9 par Challenge :<\/p>\n<\/div>\n<\/fieldset>\n<\/div>\n<p>Auteur: challenge<br \/>\n<a href=\"https:\/\/www.challenge.ma\/il-fait-lactu-jean-francois-giarault-ambassadeur-de-france-a-rabat-112834\/\">Cliquez ici pour lire l&rsquo;article depuis sa source.<\/a><\/p>\n","protected":false},"excerpt":{"rendered":"<p>Li\u00e9s par un partenariat d\u2019exception singulier, le Maroc et la France sont deux puissances de paix, d\u2019ouverture et d\u2019acceptation de la diversit\u00e9, a affirm\u00e9, dimanche, l\u2019ambassadeur fran\u00e7ais \u00e0 Rabat, Jean-Fran\u00e7ois Girault. S\u2019exprimant lors d\u2019une r\u00e9ception \u00e0 l\u2019occasion de la comm\u00e9moration de la f\u00eate nationale fran\u00e7aise du 14 juillet, en pr\u00e9sence notamment du chef de gouvernement [&hellip;]<\/p>\n","protected":false},"author":1787,"featured_media":0,"comment_status":"closed","ping_status":"closed","sticky":false,"template":"","format":"standard","meta":{"fifu_image_url":"","fifu_image_alt":"","footnotes":""},"categories":[78,54],"tags":[],"class_list":["post-46406","post","type-post","status-publish","format-standard","hentry","category-economie","category-maroc"],"_links":{"self":[{"href":"https:\/\/linitiative.ca\/International\/wp-json\/wp\/v2\/posts\/46406","targetHints":{"allow":["GET"]}}],"collection":[{"href":"https:\/\/linitiative.ca\/International\/wp-json\/wp\/v2\/posts"}],"about":[{"href":"https:\/\/linitiative.ca\/International\/wp-json\/wp\/v2\/types\/post"}],"author":[{"embeddable":true,"href":"https:\/\/linitiative.ca\/International\/wp-json\/wp\/v2\/users\/1787"}],"replies":[{"embeddable":true,"href":"https:\/\/linitiative.ca\/International\/wp-json\/wp\/v2\/comments?post=46406"}],"version-history":[{"count":0,"href":"https:\/\/linitiative.ca\/International\/wp-json\/wp\/v2\/posts\/46406\/revisions"}],"wp:attachment":[{"href":"https:\/\/linitiative.ca\/International\/wp-json\/wp\/v2\/media?parent=46406"}],"wp:term":[{"taxonomy":"category","embeddable":true,"href":"https:\/\/linitiative.ca\/International\/wp-json\/wp\/v2\/categories?post=46406"},{"taxonomy":"post_tag","embeddable":true,"href":"https:\/\/linitiative.ca\/International\/wp-json\/wp\/v2\/tags?post=46406"}],"curies":[{"name":"wp","href":"https:\/\/api.w.org\/{rel}","templated":true}]}}