{"id":46422,"date":"2019-07-14T17:45:37","date_gmt":"2019-07-14T21:45:37","guid":{"rendered":"https:\/\/linitiative.ca\/International\/proces-du-putsch-jai-appris-la-lecon-roger-koussoube\/"},"modified":"2019-07-14T17:45:37","modified_gmt":"2019-07-14T21:45:37","slug":"proces-du-putsch-jai-appris-la-lecon-roger-koussoube","status":"publish","type":"post","link":"https:\/\/linitiative.ca\/International\/proces-du-putsch-jai-appris-la-lecon-roger-koussoube\/","title":{"rendered":"Proc\u00e8s du putsch \u00abJ\u2019ai appris la le\u00e7on \u2026\u00bb, Roger Koussoub\u00e9"},"content":{"rendered":"<div class=\"td-post-featured-image\"><a href=\"https:\/\/i1.wp.com\/www.sidwaya.info\/wp-content\/uploads\/2019\/07\/koussoube15.gif?fit=787%2C715&#038;ssl=1\" data-caption=\"\"><img loading=\"lazy\" decoding=\"async\" width=\"696\" height=\"632\" class=\"entry-thumb td-modal-image\" src=\"https:\/\/i1.wp.com\/www.sidwaya.info\/wp-content\/uploads\/2019\/07\/koussoube15.gif?resize=696%2C632&#038;ssl=1\" alt=\"\" title=\"koussoube15\"\/><\/a><\/div>\n<p><strong>Les avocats Alexandre Sandwidi et Michel Traor\u00e9 ont plaid\u00e9, le vendredi 12 juillet 2019, devant le tribunal militaire de Ouagadougou, pour l\u2019acquittement de leur client, Roger Koussoub\u00e9, dans le cadre du proc\u00e8s du putsch manqu\u00e9.<\/strong><\/p>\n<p>Les conseils de Roger Koussoub\u00e9 alias le \u00abTouareg\u00bb, Ma\u00eetres Alexandre Sandwidi et Michel Traor\u00e9, sont convaincus que leur client n\u2019est responsable d\u2019aucune infraction retenue contre lui, dans le cadre du coup d\u2019Etat de 2015. Toute la journ\u00e9e du 12 juillet 2019, ils ont d\u00e9fendu le sergent-chef sur qui p\u00e8sent cinq chefs d\u2019accusation. Il s\u2019agit de l\u2019attentat \u00e0 la s\u00fbret\u00e9 de l\u2019Etat, meurtre, coups et blessures volontaires, complicit\u00e9 de d\u00e9gradation volontaire aggrav\u00e9e de biens et incitation \u00e0 la commission d\u2019actes contraires \u00e0 la discipline militaire. De prime abord, Me Sandwidi a relev\u00e9 que l\u2019autorit\u00e9 de la Transition n\u2019\u00e9tait pas l\u00e9gitime parce que la notion (de transition) elle-m\u00eame n\u2019\u00e9tait pas constitutionnelle. \u00abLa charte de la Transition \u00e9tait au-dessus de la Constitution. Ce n\u2019est pas normal. C\u2019\u00e9tait m\u00eame un coup d\u2019Etat\u00bb, a-t-il estim\u00e9. Dans son argumentaire, il a mentionn\u00e9 que l\u2019accus\u00e9 Koussoub\u00e9 n\u2019a pos\u00e9 aucun acte mat\u00e9riel allant dans le sens de la participation au putsch. Il n\u2019\u00e9tait pas du commando qui a arr\u00eat\u00e9 et s\u00e9questr\u00e9 les autorit\u00e9s, n\u2019a pas fait partie de la s\u00e9curit\u00e9 du g\u00e9n\u00e9ral Gilbert Diend\u00e9r\u00e9, n\u2019a particip\u00e9 \u00e0 aucune r\u00e9union, ni d\u00e9truit ou incendi\u00e9 des b\u00e2timents, selon l\u2019avocat. \u00abLes vid\u00e9os pr\u00e9sent\u00e9es concernant la radio Savane FM n\u2019accablent pas Koussoub\u00e9, parce qu\u2019on ne l\u2019a pas vu en train de casser. En tant qu\u2019agent de renseignement, il y \u00e9tait par simple curiosit\u00e9\u00bb, a pr\u00e9cis\u00e9 Me Sandwidi. Et son confr\u00e8re, Me Traor\u00e9, de rappeler que Diend\u00e9r\u00e9 a aussi reconnu qu\u2019il n\u2019a jamais mandat\u00e9 Koussoub\u00e9 pour quoi que ce soit. C\u2019est pourquoi, les deux avocats ont soulign\u00e9 que l\u2019infraction d\u2019attentat retenue contre leur client n\u2019est pas constitu\u00e9e, pour absence de preuves. Me\u00a0Sandwidi, lui, a parl\u00e9 d\u2019 acharnement contre leur client. Car, \u00e0 l\u2019entendre, le parquet a requis 25 ans de prison ferme contre Koussoub\u00e9 alors que des coaccus\u00e9s qui ont pos\u00e9 des actes plus graves s\u2019en sortent avec des requ\u00eates de peines moins lourdes. \u00abOn a pass\u00e9 16 mois \u00e0 pr\u00eacher dans le d\u00e9sert\u00bb, a estim\u00e9 l\u2019auxiliaire de justice. Sur les faits de meurtre, il a indiqu\u00e9 qu\u2019on aurait d\u00fb produire un rapport balistique sur les corps afin qu\u2019on sache qui a tir\u00e9 et avec quelle arme. Mais en l\u2019absence d\u2019une telle \u00e9tude, il a consid\u00e9r\u00e9 que l\u2019accusation de meurtre n\u2019est pas fond\u00e9e. C\u2019est aussi l\u2019avis de Me Traor\u00e9 lorsqu\u2019il a fait savoir que les \u00e9l\u00e9ments du R\u00e9giment de s\u00e9curit\u00e9 pr\u00e9sidentielle (RSP) n\u2019\u00e9taient pas d\u2019ailleurs les seuls dans la rue, le 16 septembre 2015 et jours suivants. \u00abIl y avait \u00e9galement la police et des d\u00e9linquants qui tiraient en ville\u00bb, a-t-il dit. L\u2019avocat a ajout\u00e9 que le grade de Roger Koussoub\u00e9 (sergent-chef) ne lui permettait pas non plus de donner des instructions afin que des v\u00e9hicules sortent d\u2019un camp avec des militaires pour faire des patrouilles. Me Traor\u00e9 ne comprend donc pas comment leur client peut inciter des soldats \u00e0 commettre des actes contraires au r\u00e8glement militaire. A l\u2019\u00e9couter, l\u2019accus\u00e9 n\u2019a rien fait qui puisse constituer une infraction.<\/p>\n<p>\u00abTout le monde m\u2019a fui\u2026\u00bb<\/p>\n<p>Pour cette raison, il a requis qu\u2019on acquitte purement et simplement son client ou, en cas du moindre doute, de le condamner avec sursis. Selon l\u2019avocat, Koussoub\u00e9 est un excellent soldat qui n\u2019a jamais \u00e9t\u00e9 condamn\u00e9 ni sanctionn\u00e9 sur le plan de la discipline, mais le pseudonyme \u00abTouareg\u00bb fait qu\u2019on a des pr\u00e9jug\u00e9s sur lui. \u00abNotre client fait partie de ceux qui ont contribu\u00e9 \u00e0 d\u00e9jouer un coup d\u2019Etat contre Yacouba Isaac Zida. Il n\u2019est pas le monstre qu\u2019on a pr\u00e9sent\u00e9 ni la personne dangereuse \u00e0 qui on refuse d\u2019accorder la moindre faveur\u00bb, a rench\u00e9ri Me Sandwidi. Son conf\u00e8re, Me Traor\u00e9, lui, a souhait\u00e9 qu\u2019on accorde une seconde chance \u00e0 l\u2019accus\u00e9 en lui permettant de poursuivre sa carri\u00e8re dans l\u2019arm\u00e9e. Car, \u00e0 l\u2019entendre, dans ce contexte d\u2019ins\u00e9curit\u00e9, le pr\u00e9venu qui est un bon agent de renseignement peut bien apporter son expertise dans la lutte contre le terrorisme. \u00abNous avons bon espoir que nous sommes en train de voir le bout du tunnel, n\u2019en d\u00e9plaise \u00e0 nos d\u00e9tracteurs\u00bb, a clam\u00e9 Me Traor\u00e9. Appel\u00e9\u00a0\u00e0 la barre pour son mot de la fin, Roger Koussoub\u00e9 a laiss\u00e9 entendre que contrairement \u00e0 certains coaccus\u00e9s, il est toujours rest\u00e9 constant dans ses d\u00e9clarations. Mais, il dit ne pas comprendre pourquoi tant de haine et de calomnie \u00e0 son \u00e9gard. \u00abDes gens m\u2019en veulent. J\u2019avais quitt\u00e9 le pays pour sauver ma vie\u00bb, a avanc\u00e9 le pr\u00e9venu. Il a aussi soutenu qu\u2019il ne peut pas \u00eatre ce personnage horrible qu\u2019on a tent\u00e9 de pr\u00e9senter au tribunal, \u00e9tant donn\u00e9 qu\u2019il a facilit\u00e9 le d\u00e9sarmement et m\u00eame sauv\u00e9 certaines personnalit\u00e9s \u00e0 l\u2019h\u00f4tel La\u00efco. \u00abLe 16 septembre 2015, j\u2019ai ob\u00e9i aux ordres de mes sup\u00e9rieurs. Je n\u2019ai jamais patrouill\u00e9 ni fait usage de mon arme durant les \u00e9v\u00e9nements, encore moins enlev\u00e9 et s\u00e9questr\u00e9 les autorit\u00e9s\u00bb, s\u2019est d\u00e9fendu Koussoub\u00e9. Surnomm\u00e9 le Touareg d\u00e8s le 17 septembre, il a, par ailleurs, signal\u00e9 qu\u2019il a \u00e9t\u00e9 victime du putsch, parce que n\u2019e\u00fbt \u00e9t\u00e9 l\u2019intervention de leaders de la soci\u00e9t\u00e9 civile, son domicile allait \u00eatre incendi\u00e9 par des manifestants. \u00abTout le monde m\u2019a fui sauf ma famille. Je demande votre cl\u00e9mence. Je veux \u00eatre acquitt\u00e9\u00bb, s\u2019est-t-il adress\u00e9 au tribunal. Issu d\u2019une famille militaire, l\u2019accus\u00e9 a r\u00e9v\u00e9l\u00e9 qu\u2019il a choisi l\u2019arm\u00e9e par vocation. C\u2019est pourquoi, il a rassur\u00e9 que s\u2019il a la chance d\u2019y poursuivre sa carri\u00e8re, il sera un militaire exemplaire. \u00ab\u00a0J\u2019ai appris la le\u00e7on durant ce temps de d\u00e9tention\u00bb, a confi\u00e9 l\u2019accus\u00e9. Tout en rappelant qu\u2019il a travaill\u00e9 pendant 18 ans sans la moindre sanction, il a tenu \u00e0 pr\u00e9senter ses excuses \u00e0 tous ceux qu\u2019il aurait offens\u00e9s. L\u2019audience reprend ce lundi 15 juillet \u00e0 9 heures.<\/p>\n<p>Mady KABRE<\/p>\n<div class=\"td-a-rec td-a-rec-id-content_bottom td_uid_30_5d2cf3abb14f5_rand td_block_template_1\"><img loading=\"lazy\" decoding=\"async\" class=\"aligncenter size-full wp-image-9623\" src=\"https:\/\/www.sidwaya.info\/wp-content\/uploads\/2019\/06\/Projet-bannie%CC%80re-Orange-mobile.jpg\" alt=\"\" width=\"728\" height=\"81\"\/><\/div>\n<p>Auteur: BM. Sidwaya<br \/>\n<a href=\"https:\/\/www.sidwaya.info\/blog\/2019\/07\/14\/proces-du-putsch-jai-appris-la-lecon-roger-koussoube\/\">Cliquez ici pour lire l&rsquo;article depuis sa source.<\/a><\/p>\n","protected":false},"excerpt":{"rendered":"<p>Les avocats Alexandre Sandwidi et Michel Traor\u00e9 ont plaid\u00e9, le vendredi 12 juillet 2019, devant le tribunal militaire de Ouagadougou, pour l\u2019acquittement de leur client, Roger Koussoub\u00e9, dans le cadre du proc\u00e8s du putsch manqu\u00e9. Les conseils de Roger Koussoub\u00e9 alias le \u00abTouareg\u00bb, Ma\u00eetres Alexandre Sandwidi et Michel Traor\u00e9, sont convaincus que leur client n\u2019est [&hellip;]<\/p>\n","protected":false},"author":1816,"featured_media":0,"comment_status":"closed","ping_status":"closed","sticky":false,"template":"","format":"standard","meta":{"fifu_image_url":"","fifu_image_alt":"","footnotes":""},"categories":[73,81],"tags":[],"class_list":["post-46422","post","type-post","status-publish","format-standard","hentry","category-actualite","category-burkina-faso"],"_links":{"self":[{"href":"https:\/\/linitiative.ca\/International\/wp-json\/wp\/v2\/posts\/46422","targetHints":{"allow":["GET"]}}],"collection":[{"href":"https:\/\/linitiative.ca\/International\/wp-json\/wp\/v2\/posts"}],"about":[{"href":"https:\/\/linitiative.ca\/International\/wp-json\/wp\/v2\/types\/post"}],"author":[{"embeddable":true,"href":"https:\/\/linitiative.ca\/International\/wp-json\/wp\/v2\/users\/1816"}],"replies":[{"embeddable":true,"href":"https:\/\/linitiative.ca\/International\/wp-json\/wp\/v2\/comments?post=46422"}],"version-history":[{"count":0,"href":"https:\/\/linitiative.ca\/International\/wp-json\/wp\/v2\/posts\/46422\/revisions"}],"wp:attachment":[{"href":"https:\/\/linitiative.ca\/International\/wp-json\/wp\/v2\/media?parent=46422"}],"wp:term":[{"taxonomy":"category","embeddable":true,"href":"https:\/\/linitiative.ca\/International\/wp-json\/wp\/v2\/categories?post=46422"},{"taxonomy":"post_tag","embeddable":true,"href":"https:\/\/linitiative.ca\/International\/wp-json\/wp\/v2\/tags?post=46422"}],"curies":[{"name":"wp","href":"https:\/\/api.w.org\/{rel}","templated":true}]}}