{"id":46423,"date":"2019-07-14T17:50:04","date_gmt":"2019-07-14T21:50:04","guid":{"rendered":"https:\/\/linitiative.ca\/International\/caisse-des-depots-et-consignations\/"},"modified":"2019-07-14T17:50:04","modified_gmt":"2019-07-14T21:50:04","slug":"caisse-des-depots-et-consignations","status":"publish","type":"post","link":"https:\/\/linitiative.ca\/International\/caisse-des-depots-et-consignations\/","title":{"rendered":"Caisse des d\u00e9p\u00f4ts et consignations"},"content":{"rendered":"<div class=\"td-post-featured-image\"><a href=\"https:\/\/i1.wp.com\/www.sidwaya.info\/wp-content\/uploads\/2019\/07\/paulkaba15.gif?fit=787%2C525&#038;ssl=1\" data-caption=\"\"><img loading=\"lazy\" decoding=\"async\" width=\"696\" height=\"464\" class=\"entry-thumb td-modal-image\" src=\"https:\/\/i1.wp.com\/www.sidwaya.info\/wp-content\/uploads\/2019\/07\/paulkaba15.gif?resize=696%2C464&#038;ssl=1\" alt=\"\" title=\"paulkaba15\"\/><\/a><\/div>\n<p><strong>Le directeur g\u00e9n\u00e9ral de la Caisse des d\u00e9p\u00f4ts et consignations du Burkina Faso (CDC-BF), Paul Kaba Thi\u00e9ba, a pr\u00eat\u00e9 serment devant des membres de la commission de surveillance de la caisse, le vendredi 12 juillet 2019, \u00e0 l\u2019Assembl\u00e9e nationale.<\/strong><\/p>\n<p>Nomm\u00e9, en Conseil des ministres du 27 mars 2019, directeur g\u00e9n\u00e9ral de la Caisse des d\u00e9p\u00f4ts et consignations du Burkina Faso (CDC-BF) et approuv\u00e9 par d\u00e9cret pr\u00e9sidentiel du 18 avril 2019, l\u2019ancien Premier ministre, Paul Kaba Thi\u00e9ba, a officiellement pris fonction, le 12 juillet 2019. Il a jur\u00e9 de d\u00e9fendre loyalement les int\u00e9r\u00eats de la CDC-BF, \u00e0 l\u2019Assembl\u00e9e nationale, devant la commission de surveillance de la CDC-BF, le pr\u00e9sident de l\u2019Assembl\u00e9e nationale, Alassane Bala Sakand\u00e9, des membres du gouvernement, etc. Il a promis de maintenir l\u2019autonomie de l\u2019institution, de garantir l\u2019inviolabilit\u00e9 de ses fonds, d\u2019assurer sa s\u00e9curit\u00e9, sa liquidit\u00e9, sa rentabilit\u00e9 et de la repr\u00e9senter dans les actes de la vie civile avec honneur, int\u00e9grit\u00e9, d\u00e9vouement et probit\u00e9. Pour le tout premier directeur g\u00e9n\u00e9ral de la CDC-BF, le serment qu\u2019il a pr\u00eat\u00e9 est un acte sacr\u00e9 d\u2019\u00eatre fid\u00e8le \u00e0 la vision du chef de l\u2019Etat, pour qui, la CDC-BF est une priorit\u00e9 absolue parmi les r\u00e9formes indispensables au d\u00e9veloppement de l\u2019\u00e9conomie nationale. \u00abLa CDC-BF ne sera pas une institution de plus. Elle sera une structure de financement du d\u00e9veloppement du Burkina Faso, cr\u00e9dible et solide\u00bb, a soutenu M. Thi\u00e9ba.<\/p>\n<p>F\u00e9licit\u00e9 pour ses comp\u00e9tences<\/p>\n<p>Le pr\u00e9sident de la commission de surveillance de la CDC-BF, le d\u00e9put\u00e9 Bindi Ouoba, a pris acte de la parole donn\u00e9e du directeur g\u00e9n\u00e9ral de la CDC-BF qui, pour lui, est l\u2019homme qu\u2019il faut \u00e0 la place qu\u2019il faut. Il a, en effet, reconnu les comp\u00e9tences de Paul Kaba Thi\u00e9ba \u00e0 op\u00e9rationnaliser l\u2019institution. A l\u2019occasion, le directeur g\u00e9n\u00e9ral de la CDC-BF a \u00e9t\u00e9 f\u00e9licit\u00e9 par le chef du parlement burkinab\u00e8 et les autres invit\u00e9s. Paul Kaba Thi\u00e9ba a d\u2019abord fait ses armes \u00e0 la Caisse des d\u00e9p\u00f4ts et consignations de France, avant de servir \u00e0 la banque centrale au d\u00e9but des ann\u00e9es 1990. Fervent d\u00e9fenseur de l\u2019initiative au Burkina Faso, il s\u2019est r\u00e9joui d\u2019avoir r\u00e9ussi \u00e0 mettre en place la CDC-BF, sous la surveillance du parlement. La caisse est dot\u00e9e d\u2019un capital d\u2019au moins vingt milliards de francs CFA.<\/p>\n<p>Boukary BONKOUNGOU<br \/>Panson Antoinette BENON<br \/>(Stagiaire)<\/p>\n<div class=\"td-a-rec td-a-rec-id-content_bottom td_uid_30_5d2cf3af10f08_rand td_block_template_1\"><img loading=\"lazy\" decoding=\"async\" class=\"aligncenter size-full wp-image-9623\" src=\"https:\/\/www.sidwaya.info\/wp-content\/uploads\/2019\/06\/Projet-bannie%CC%80re-Orange-mobile.jpg\" alt=\"\" width=\"728\" height=\"81\"\/><\/div>\n<p>Auteur: BM. Sidwaya<br \/>\n<a href=\"https:\/\/www.sidwaya.info\/blog\/2019\/07\/14\/caisse-des-depots-et-consignations\/\">Cliquez ici pour lire l&rsquo;article depuis sa source.<\/a><\/p>\n","protected":false},"excerpt":{"rendered":"<p>Le directeur g\u00e9n\u00e9ral de la Caisse des d\u00e9p\u00f4ts et consignations du Burkina Faso (CDC-BF), Paul Kaba Thi\u00e9ba, a pr\u00eat\u00e9 serment devant des membres de la commission de surveillance de la caisse, le vendredi 12 juillet 2019, \u00e0 l\u2019Assembl\u00e9e nationale. Nomm\u00e9, en Conseil des ministres du 27 mars 2019, directeur g\u00e9n\u00e9ral de la Caisse des d\u00e9p\u00f4ts [&hellip;]<\/p>\n","protected":false},"author":1816,"featured_media":0,"comment_status":"closed","ping_status":"closed","sticky":false,"template":"","format":"standard","meta":{"fifu_image_url":"","fifu_image_alt":"","footnotes":""},"categories":[73,81],"tags":[],"class_list":["post-46423","post","type-post","status-publish","format-standard","hentry","category-actualite","category-burkina-faso"],"_links":{"self":[{"href":"https:\/\/linitiative.ca\/International\/wp-json\/wp\/v2\/posts\/46423","targetHints":{"allow":["GET"]}}],"collection":[{"href":"https:\/\/linitiative.ca\/International\/wp-json\/wp\/v2\/posts"}],"about":[{"href":"https:\/\/linitiative.ca\/International\/wp-json\/wp\/v2\/types\/post"}],"author":[{"embeddable":true,"href":"https:\/\/linitiative.ca\/International\/wp-json\/wp\/v2\/users\/1816"}],"replies":[{"embeddable":true,"href":"https:\/\/linitiative.ca\/International\/wp-json\/wp\/v2\/comments?post=46423"}],"version-history":[{"count":0,"href":"https:\/\/linitiative.ca\/International\/wp-json\/wp\/v2\/posts\/46423\/revisions"}],"wp:attachment":[{"href":"https:\/\/linitiative.ca\/International\/wp-json\/wp\/v2\/media?parent=46423"}],"wp:term":[{"taxonomy":"category","embeddable":true,"href":"https:\/\/linitiative.ca\/International\/wp-json\/wp\/v2\/categories?post=46423"},{"taxonomy":"post_tag","embeddable":true,"href":"https:\/\/linitiative.ca\/International\/wp-json\/wp\/v2\/tags?post=46423"}],"curies":[{"name":"wp","href":"https:\/\/api.w.org\/{rel}","templated":true}]}}