{"id":46424,"date":"2019-07-14T17:53:37","date_gmt":"2019-07-14T21:53:37","guid":{"rendered":"https:\/\/linitiative.ca\/International\/secteur-de-la-gouvernance-economique\/"},"modified":"2019-07-14T17:53:37","modified_gmt":"2019-07-14T21:53:37","slug":"secteur-de-la-gouvernance-economique","status":"publish","type":"post","link":"https:\/\/linitiative.ca\/International\/secteur-de-la-gouvernance-economique\/","title":{"rendered":"Secteur de la gouvernance \u00e9conomique"},"content":{"rendered":"<div class=\"td-post-featured-image\"><a href=\"https:\/\/i0.wp.com\/www.sidwaya.info\/wp-content\/uploads\/2019\/07\/siiil15.gif?fit=787%2C525&#038;ssl=1\" data-caption=\"\"><img loading=\"lazy\" decoding=\"async\" width=\"696\" height=\"464\" class=\"entry-thumb td-modal-image\" src=\"https:\/\/i0.wp.com\/www.sidwaya.info\/wp-content\/uploads\/2019\/07\/siiil15.gif?resize=696%2C464&#038;ssl=1\" alt=\"\" title=\"siiil15\"\/><\/a><\/div>\n<p><strong>La ministre d\u00e9l\u00e9gu\u00e9e charg\u00e9e de l\u2019Am\u00e9nagement du territoire, Pauline Zour\u00e9, a pr\u00e9sid\u00e9, le vendredi 12 juillet 2019 \u00e0 Ouagadougou, la c\u00e9r\u00e9monie d\u2019ouverture de l\u2019assembl\u00e9e 2019 des projets et programmes du secteur \u00abGouvernance \u00e9conomique\u00bb. La rencontre a \u00e9t\u00e9 consacr\u00e9e \u00e0 l\u2018\u00e9valuation des performances desdites unit\u00e9s.<\/strong><\/p>\n<p>Les performances de 17 projets et programmes du secteur de la \u00abGouvernance \u00e9conomique\u00bb r\u00e9unissant les minist\u00e8res en charge des finances, de la jeunesse, de l\u2019administration territoriale et de la fonction publique sont jug\u00e9es \u00abmitig\u00e9es\u00bb avec 36 points sur 50, au titre des ann\u00e9es 2017 et 2018. C\u2019est ce qui ressort de l\u2019assembl\u00e9e sectorielle 2019, tenue le vendredi 12 juillet \u00e0 Ouagadougou, sous la pr\u00e9sidence de la ministre d\u00e9l\u00e9gu\u00e9e charg\u00e9e de l\u2019Am\u00e9nagement du territoire, Pauline Zour\u00e9. Selon la ministre, deux projets et programmes\u00a0ont des r\u00e9sultats insuffisants. Il s\u2019agit du Programme d\u2019urgence pour le Sahel (PUS) dont le budget est \u00e9parpill\u00e9 dans plusieurs minist\u00e8res et de celui d\u2019appui \u00e0 la mise en \u0153uvre du PNDES qui n\u2019a pas totalement d\u00e9marr\u00e9. Huit autres, dont le programme d\u2019appui \u00e0 la coop\u00e9ration Burkina Faso-Union europ\u00e9enne, celui d\u2018appui au financement adapt\u00e9 \u00e0 l\u2019agriculture familiale et le projet de gouvernance \u00e9conomique et participation citoyenne, ont fait des progr\u00e8s passables. Dans le pool des projets avec une performance optimale, Pauline Zour\u00e9 a d\u00e9nombr\u00e9 sept, notamment le Programme d\u2019appui au d\u00e9veloppement des \u00e9conomies locales (PADEL), celui d\u2019Appui aux collectivit\u00e9s territoriales (PACT), le Projet sp\u00e9cial de cr\u00e9ation d\u2019emploi pour les jeunes et les femmes (PSCEJF). Pour Pauline Zour\u00e9, les r\u00e9sultats enregistr\u00e9s sont satisfaisants au regard de la contrainte budg\u00e9taire, des remous sociaux et de l\u2019ins\u00e9curit\u00e9 qui emp\u00eachent le d\u00e9roulement des activit\u00e9s. Les autres justificatifs rel\u00e8vent de la gouvernance, \u00e0 savoir la non-transmission \u00e0 temps des rapports d\u2019audit, les probl\u00e8mes de justification des d\u00e9penses et de bonne pr\u00e9paration avant ex\u00e9cution. Outre la revue de la performance des minist\u00e8res du secteur de la \u00abGouvernance \u00e9conomique\u00bb, l\u2019assembl\u00e9e sectorielle s\u2019est pench\u00e9e sur le th\u00e8me \u00abLa probl\u00e9matique de la maturation des projets et programmes au Burkina Faso\u00a0: \u00e9tats des lieux, enjeux et perspectives\u00bb. Les participants ont identifi\u00e9 aussi les facteurs entravant la bonne ex\u00e9cution et propos\u00e9 des solutions susceptibles de dynamiser et de rationaliser la mise en \u0153uvre des projets et programmes. Le secteur \u00abGouvernance \u00e9conomique\u00bb est l\u2019un des 14 \u00absecteurs de planification\u00bb identifi\u00e9s dans la mise en \u0153uvre du Plan national de d\u00e9veloppement \u00e9conomique et social (PNDES).<\/p>\n<p>Jean Philibert SOME<br \/>Boureima GANSONRE<br \/>(Stagiaire)<\/p>\n<div class=\"td-a-rec td-a-rec-id-content_bottom td_uid_30_5d2cf3b25211b_rand td_block_template_1\"><img loading=\"lazy\" decoding=\"async\" class=\"aligncenter size-full wp-image-9623\" src=\"https:\/\/www.sidwaya.info\/wp-content\/uploads\/2019\/06\/Projet-bannie%CC%80re-Orange-mobile.jpg\" alt=\"\" width=\"728\" height=\"81\"\/><\/div>\n<p>Auteur: BM. Sidwaya<br \/>\n<a href=\"https:\/\/www.sidwaya.info\/blog\/2019\/07\/14\/secteur-de-la-gouvernance-economique\/\">Cliquez ici pour lire l&rsquo;article depuis sa source.<\/a><\/p>\n","protected":false},"excerpt":{"rendered":"<p>La ministre d\u00e9l\u00e9gu\u00e9e charg\u00e9e de l\u2019Am\u00e9nagement du territoire, Pauline Zour\u00e9, a pr\u00e9sid\u00e9, le vendredi 12 juillet 2019 \u00e0 Ouagadougou, la c\u00e9r\u00e9monie d\u2019ouverture de l\u2019assembl\u00e9e 2019 des projets et programmes du secteur \u00abGouvernance \u00e9conomique\u00bb. La rencontre a \u00e9t\u00e9 consacr\u00e9e \u00e0 l\u2018\u00e9valuation des performances desdites unit\u00e9s. Les performances de 17 projets et programmes du secteur de la [&hellip;]<\/p>\n","protected":false},"author":1816,"featured_media":0,"comment_status":"closed","ping_status":"closed","sticky":false,"template":"","format":"standard","meta":{"fifu_image_url":"","fifu_image_alt":"","footnotes":""},"categories":[73,81],"tags":[],"class_list":["post-46424","post","type-post","status-publish","format-standard","hentry","category-actualite","category-burkina-faso"],"_links":{"self":[{"href":"https:\/\/linitiative.ca\/International\/wp-json\/wp\/v2\/posts\/46424","targetHints":{"allow":["GET"]}}],"collection":[{"href":"https:\/\/linitiative.ca\/International\/wp-json\/wp\/v2\/posts"}],"about":[{"href":"https:\/\/linitiative.ca\/International\/wp-json\/wp\/v2\/types\/post"}],"author":[{"embeddable":true,"href":"https:\/\/linitiative.ca\/International\/wp-json\/wp\/v2\/users\/1816"}],"replies":[{"embeddable":true,"href":"https:\/\/linitiative.ca\/International\/wp-json\/wp\/v2\/comments?post=46424"}],"version-history":[{"count":0,"href":"https:\/\/linitiative.ca\/International\/wp-json\/wp\/v2\/posts\/46424\/revisions"}],"wp:attachment":[{"href":"https:\/\/linitiative.ca\/International\/wp-json\/wp\/v2\/media?parent=46424"}],"wp:term":[{"taxonomy":"category","embeddable":true,"href":"https:\/\/linitiative.ca\/International\/wp-json\/wp\/v2\/categories?post=46424"},{"taxonomy":"post_tag","embeddable":true,"href":"https:\/\/linitiative.ca\/International\/wp-json\/wp\/v2\/tags?post=46424"}],"curies":[{"name":"wp","href":"https:\/\/api.w.org\/{rel}","templated":true}]}}