{"id":46426,"date":"2019-07-14T18:32:18","date_gmt":"2019-07-14T22:32:18","guid":{"rendered":"https:\/\/linitiative.ca\/International\/foret-classee-de-zamce-un-renfort-de-1500-plants\/"},"modified":"2019-07-14T18:32:18","modified_gmt":"2019-07-14T22:32:18","slug":"foret-classee-de-zamce-un-renfort-de-1500-plants","status":"publish","type":"post","link":"https:\/\/linitiative.ca\/International\/foret-classee-de-zamce-un-renfort-de-1500-plants\/","title":{"rendered":"For\u00eat class\u00e9e de Zamc\u00e9: un renfort de 1500 plants"},"content":{"rendered":"<div class=\"td-post-featured-image\"><a href=\"https:\/\/i0.wp.com\/www.sidwaya.info\/wp-content\/uploads\/2019\/07\/ccsidbf.gif?fit=974%2C650&#038;ssl=1\" data-caption=\"\"><img loading=\"lazy\" decoding=\"async\" width=\"696\" height=\"464\" class=\"entry-thumb td-modal-image\" src=\"https:\/\/i0.wp.com\/www.sidwaya.info\/wp-content\/uploads\/2019\/07\/ccsidbf.gif?resize=696%2C464&#038;ssl=1\" alt=\"\" title=\"ccsidbf\"\/><\/a><\/div>\n<p><strong>Le Conseil constitutionnel a organis\u00e9, une op\u00e9ration de reboisement dans la for\u00eat class\u00e9e de Zamc\u00e9, situ\u00e9e \u00e0 cinq kilom\u00e8tres de la ville de Kombissiri (province du Baz\u00e8ga), le vendredi 12 juillet 2019.<\/strong><\/p>\n<p>La gestion responsable des ressources naturelles et la pr\u00e9servation de l\u2019environnement sont le leitmotiv du Conseil constitutionnel. C\u2019est pourquoi, il a organis\u00e9 une op\u00e9ration de reboisement, le 12 juillet 2019 dans la for\u00eat class\u00e9e de Zamc\u00e9 \u00e0 cinq kilom\u00e8tres de Kombissiri (province du Baz\u00e8ga). Elle a consist\u00e9 \u00e0 faire une haie vive autour du p\u00e9rim\u00e8tre de la for\u00eat. Selon le pr\u00e9sident du Conseil constitutionnel, Kassoum Kambou, \u00e0 travers cet acte qui se fait chaque ann\u00e9e, son institution entend interpeller tous les acteurs sur la n\u00e9cessit\u00e9 de prot\u00e9ger la nature mise \u00e0 l\u2019\u00e9preuve par la forte pression humaine. \u00abIl faut adopter des comportements \u00e9cocitoyens. Pour cette \u00e9dition, nous mettons en terre au moins 1500 plants et remercions \u00e0 l\u2019occasion le minist\u00e8re de l\u2019Environnement, de l\u2019Economie verte et du Changement climatique qui nous a remis 500 plants\u00bb, a-t-il affirm\u00e9. Aussi, il a salu\u00e9 l\u2019initiative du gouvernement, de prendre \u00e0 bras-le-corps, la question de la protection de l\u2019environnement \u00e0 travers l\u2019instauration de la Journ\u00e9e nationale de l\u2019arbre le 3 ao\u00fbt prochain. Et \u00e0 M. Kambou de rappeler que son institution entend garantir l\u2019effectivit\u00e9 de droit \u00e0 un environnement sain. \u00abDepuis 2014, plus de 3000 plants ont \u00e9t\u00e9 mis dans le bosquet par le Conseil. Notre cellule environnement assure le suivi et la population de Zamc\u00e9 emp\u00eache aussi les animaux de d\u00e9truire les plants\u00bb, a-t-il soulign\u00e9. Pour le pr\u00e9sident de la cellule environnement du Conseil, Frank Compaor\u00e9, cette c\u00e9r\u00e9monie devenue un rituel, est salutaire. \u00abNous plantons des arbres pour am\u00e9liorer le couvert v\u00e9g\u00e9tal\u00bb, a-t-il dit. Le gouverneur de la r\u00e9gion du Centre-Sud, Josiane Kabr\u00e9 a, pour sa part, remerci\u00e9 le Conseil pour avoir choisi sa r\u00e9gion. Elle a souhait\u00e9, en sus, que le bosquet soit entretenu.<\/p>\n<p>Mariam SOMDA<\/p>\n<div class=\"td-a-rec td-a-rec-id-content_bottom td_uid_30_5d2cf3b991823_rand td_block_template_1\"><img loading=\"lazy\" decoding=\"async\" class=\"aligncenter size-full wp-image-9623\" src=\"https:\/\/www.sidwaya.info\/wp-content\/uploads\/2019\/06\/Projet-bannie%CC%80re-Orange-mobile.jpg\" alt=\"\" width=\"728\" height=\"81\"\/><\/div>\n<p>Auteur: BM. Sidwaya<br \/>\n<a href=\"https:\/\/www.sidwaya.info\/blog\/2019\/07\/14\/foret-classee-de-zamce-un-renfort-de-1500-plants\/\">Cliquez ici pour lire l&rsquo;article depuis sa source.<\/a><\/p>\n","protected":false},"excerpt":{"rendered":"<p>Le Conseil constitutionnel a organis\u00e9, une op\u00e9ration de reboisement dans la for\u00eat class\u00e9e de Zamc\u00e9, situ\u00e9e \u00e0 cinq kilom\u00e8tres de la ville de Kombissiri (province du Baz\u00e8ga), le vendredi 12 juillet 2019. La gestion responsable des ressources naturelles et la pr\u00e9servation de l\u2019environnement sont le leitmotiv du Conseil constitutionnel. C\u2019est pourquoi, il a organis\u00e9 une [&hellip;]<\/p>\n","protected":false},"author":1816,"featured_media":0,"comment_status":"closed","ping_status":"closed","sticky":false,"template":"","format":"standard","meta":{"fifu_image_url":"","fifu_image_alt":"","footnotes":""},"categories":[73,81],"tags":[],"class_list":["post-46426","post","type-post","status-publish","format-standard","hentry","category-actualite","category-burkina-faso"],"_links":{"self":[{"href":"https:\/\/linitiative.ca\/International\/wp-json\/wp\/v2\/posts\/46426","targetHints":{"allow":["GET"]}}],"collection":[{"href":"https:\/\/linitiative.ca\/International\/wp-json\/wp\/v2\/posts"}],"about":[{"href":"https:\/\/linitiative.ca\/International\/wp-json\/wp\/v2\/types\/post"}],"author":[{"embeddable":true,"href":"https:\/\/linitiative.ca\/International\/wp-json\/wp\/v2\/users\/1816"}],"replies":[{"embeddable":true,"href":"https:\/\/linitiative.ca\/International\/wp-json\/wp\/v2\/comments?post=46426"}],"version-history":[{"count":0,"href":"https:\/\/linitiative.ca\/International\/wp-json\/wp\/v2\/posts\/46426\/revisions"}],"wp:attachment":[{"href":"https:\/\/linitiative.ca\/International\/wp-json\/wp\/v2\/media?parent=46426"}],"wp:term":[{"taxonomy":"category","embeddable":true,"href":"https:\/\/linitiative.ca\/International\/wp-json\/wp\/v2\/categories?post=46426"},{"taxonomy":"post_tag","embeddable":true,"href":"https:\/\/linitiative.ca\/International\/wp-json\/wp\/v2\/tags?post=46426"}],"curies":[{"name":"wp","href":"https:\/\/api.w.org\/{rel}","templated":true}]}}