{"id":46438,"date":"2019-07-15T17:50:01","date_gmt":"2019-07-15T21:50:01","guid":{"rendered":"https:\/\/linitiative.ca\/International\/le-gouvernement-de-donald-trump-veut-refuser-lasile-aux-migrants-passes-par-le-mexique\/"},"modified":"2019-07-15T17:50:01","modified_gmt":"2019-07-15T21:50:01","slug":"le-gouvernement-de-donald-trump-veut-refuser-lasile-aux-migrants-passes-par-le-mexique","status":"publish","type":"post","link":"https:\/\/linitiative.ca\/International\/le-gouvernement-de-donald-trump-veut-refuser-lasile-aux-migrants-passes-par-le-mexique\/","title":{"rendered":"Le gouvernement de Donald Trump veut refuser l\u2019asile aux migrants pass\u00e9s par le Mexique"},"content":{"rendered":"<div readability=\"32\">\n<p>Publi\u00e9 le 15.07.2019 \u00e0 22h50 par AFP<\/p>\n<\/div>\n<div readability=\"142\">\n<p>Le gouvernement de Donald Trump a annonc\u00e9 lundi une mesure qui verrouille l\u2019acc\u00e8s \u00e0 l\u2019asile pour les migrants arriv\u00e9s \u00e0 la fronti\u00e8re sud, suscitant les foudres du Mexique et un recours imm\u00e9diat en justice.<\/p>\n<p>L\u2019administration r\u00e9publicaine a fait savoir qu\u2019elle refuserait, \u00e0 compter de mardi, les demandes d\u2019asile formul\u00e9es \u00e0 la fronti\u00e8re sud par des migrants qui n\u2019auront pas sollicit\u00e9 le statut de r\u00e9fugi\u00e9s au Mexique ou dans un autre pays sur la route des Etats-Unis.<\/p>\n<p>\u00ab\u00a0Les Etats-Unis sont g\u00e9n\u00e9reux mais compl\u00e8tement d\u00e9bord\u00e9s par le fardeau cr\u00e9\u00e9 par les centaines de milliers d\u2019\u00e9trangers arr\u00eat\u00e9s \u00e0 la fronti\u00e8re sud\u00a0\u00bb, a justifi\u00e9 le ministre de la Justice Bill Barr, en souhaitant que la nouvelle r\u00e8gle \u00ab\u00a0d\u00e9courage les migrants \u00e9conomiques qui veulent exploiter notre syst\u00e8me d\u2019asile\u00a0\u00bb.<\/p>\n<p>Les cons\u00e9quences concr\u00e8tes du texte, qui pr\u00e9voit des exceptions notamment pour les victimes de traite des \u00eatres humains, n\u2019ont pas \u00e9t\u00e9 explicit\u00e9es. Mais le Mexique s\u2019est d\u00e9j\u00e0 \u00e9lev\u00e9 contre toute volont\u00e9 de renvoyer les migrants sur son sol.<\/p>\n<p>\u00ab\u00a0Nous allons \u00eatre tr\u00e8s vigilants sur le respect du principe de non-refoulement, conform\u00e9ment au droit international\u00a0\u00bb, a d\u00e9clar\u00e9 le chef de la diplomatie mexicaine Marcelo Ebrard, en exprimant son \u00ab\u00a0d\u00e9saccord\u00a0\u00bb avec la d\u00e9cision des Etats-Unis.<\/p>\n<p>La puissante organisation de d\u00e9fense des droits civiques ACLU a de son c\u00f4t\u00e9 fait savoir qu\u2019elle allait saisir la justice en urgence pour bloquer la nouvelle r\u00e8glementation.<\/p>\n<p>Des tribunaux ont d\u00e9j\u00e0 invalid\u00e9 plusieurs tentatives du gouvernement de restreindre le droit d\u2019asile, notamment une circulaire qui interdisait de formuler une demande en cas d\u2019entr\u00e9e clandestine dans le pays.<\/p>\n<p>Si elle devait malgr\u00e9 tout s\u2019appliquer, la nouvelle r\u00e8gle pourrait emp\u00eacher des centaines de milliers de migrants d\u2019acc\u00e9der \u00e0 la premi\u00e8re \u00e9conomie mondiale, et les forcer \u00e0 rester au Mexique o\u00f9 plus de 40% de la population vit dans la pauvret\u00e9.<\/p>\n<p>\u2013 \u00ab\u00a0Succ\u00e8s\u00a0\u00bb \u2013<\/p>\n<p>Depuis mars, plus de 100.000 personnes ont \u00e9t\u00e9 arr\u00eat\u00e9es chaque mois apr\u00e8s \u00eatre entr\u00e9es clandestinement aux Etats-Unis.<\/p>\n<p>Originaires en grande majorit\u00e9 de pays pauvres et violents d\u2019Am\u00e9rique centrale, Guatemala, Salvador et Honduras en t\u00eate, ces migrants d\u00e9posent g\u00e9n\u00e9ralement une demande d\u2019asile qui leur permet de se maintenir sur le territoire am\u00e9ricain le temps de l\u2019examen de leur dossier par un juge de l\u2019immigration.<\/p>\n<p>Donald Trump les accuse de dispara\u00eetre ensuite et de gonfler le nombre des quelque 10,5 millions de sans-papiers pr\u00e9sents aux Etats-Unis.<\/p>\n<p>Le pr\u00e9sident r\u00e9publicain, qui a fait de la lutte contre l\u2019immigration ill\u00e9gale une de ses priorit\u00e9s, cherche \u00e0 la fois \u00e0 endiguer les flux et \u00e0 augmenter les expulsions de clandestins.<\/p>\n<p>La police migratoire devait commencer dimanche une vague d\u2019arrestations de grande ampleur visant les familles, mais elle n\u2019a pas sembl\u00e9 se mat\u00e9rialiser dans l\u2019imm\u00e9diat, ce qui n\u2019a pas emp\u00each\u00e9 Donald Trump de saluer \u00ab\u00a0le succ\u00e8s\u00a0\u00bb de l\u2019op\u00e9ration.<\/p>\n<p>En mena\u00e7ant son voisin de sanctions douani\u00e8res, il a obtenu r\u00e9cemment que le Mexique renforce ses contr\u00f4les \u00e0 la fronti\u00e8re, ce qui a permis de r\u00e9duire les arriv\u00e9es de 28% en juin. Il a \u00e9galement obtenu que les demandeurs d\u2019asile attendent au Mexique que leur dossier soit trait\u00e9 par les tribunaux am\u00e9ricains.<\/p>\n<p>Malgr\u00e9 cette baisse, les postes des garde-fronti\u00e8res et les centres de r\u00e9tention sont totalement engorg\u00e9s et les conditions de vie en leur sein font l\u2019objet de nombreuses critiques.<\/p>\n<p>\u2013 Pays s\u00fbr \u2013<\/p>\n<p>L\u2019immigration devrait \u00eatre un des th\u00e8mes centraux de la campagne pr\u00e9sidentielle de 2020, avec une opposition d\u00e9mocrate vent debout contre la rh\u00e9torique et les mesures des r\u00e9publicains.<\/p>\n<p>\u00ab\u00a0Ils trouvent que leur politique d\u2019intimidation n\u2019est pas assez cruelle donc, maintenant, ils veulent interdire aux demandeurs d\u2019asile de trouver la s\u00e9curit\u00e9 dans notre pays\u00a0\u00bb, a tweet\u00e9 Beto O\u2019Rourke, l\u2019un des pr\u00e9tendants \u00e0 l\u2019investiture d\u00e9mocrate pour 2020, apr\u00e8s l\u2019annonce du gouvernement.<\/p>\n<p>Tout comme l\u2019Union europ\u00e9enne permet de renvoyer les demandeurs d\u2019asile dans le pays membre par lequel ils sont entr\u00e9s dans l\u2019UE, les lois am\u00e9ricaines pr\u00e9voient la possibilit\u00e9 de refuser les demandes d\u2019asile des migrants ayant transit\u00e9 par un pays tiers consid\u00e9r\u00e9 comme \u00ab\u00a0s\u00fbr\u00a0\u00bb. Mais elles renvoient la d\u00e9finition des pays \u00ab\u00a0s\u00fbrs\u00a0\u00bb \u00e0 la conclusion d\u2019accords bilat\u00e9raux.<\/p>\n<p>Le gouvernement am\u00e9ricain presse le Mexique et d\u2019autres pays de signer des accords en ce sens, mais se heurte \u00e0 de fortes r\u00e9ticences. La Cour constitutionnelle du Guatemala a ainsi bloqu\u00e9 dimanche la conclusion \u00e9ventuelle d\u2019un tel accord.<\/p>\n<p>\u00ab\u00a0Nous ne d\u00e9buterons aucune n\u00e9gociation sur le statut de +pays tiers s\u00fbr+ sans recevoir le feu vert du Parlement\u00a0\u00bb, a de son c\u00f4te rappel\u00e9 lundi Marcelo Ebrard.<\/p>\n<\/div>\n<p>Auteur: AFP<br \/>\n<a href=\"https:\/\/www.journalducameroun.com\/le-gouvernement-de-donald-trump-veut-refuser-lasile-aux-migrants-passes-par-le-mexique\/\">Cliquez ici pour lire l&rsquo;article depuis sa source.<\/a><\/p>\n","protected":false},"excerpt":{"rendered":"<p>Publi\u00e9 le 15.07.2019 \u00e0 22h50 par AFP Le gouvernement de Donald Trump a annonc\u00e9 lundi une mesure qui verrouille l\u2019acc\u00e8s \u00e0 l\u2019asile pour les migrants arriv\u00e9s \u00e0 la fronti\u00e8re sud, suscitant les foudres du Mexique et un recours imm\u00e9diat en justice. L\u2019administration r\u00e9publicaine a fait savoir qu\u2019elle refuserait, \u00e0 compter de mardi, les demandes d\u2019asile [&hellip;]<\/p>\n","protected":false},"author":1965,"featured_media":0,"comment_status":"closed","ping_status":"closed","sticky":false,"template":"","format":"standard","meta":{"fifu_image_url":"","fifu_image_alt":"","footnotes":""},"categories":[73,82],"tags":[],"class_list":["post-46438","post","type-post","status-publish","format-standard","hentry","category-actualite","category-cameroun"],"_links":{"self":[{"href":"https:\/\/linitiative.ca\/International\/wp-json\/wp\/v2\/posts\/46438","targetHints":{"allow":["GET"]}}],"collection":[{"href":"https:\/\/linitiative.ca\/International\/wp-json\/wp\/v2\/posts"}],"about":[{"href":"https:\/\/linitiative.ca\/International\/wp-json\/wp\/v2\/types\/post"}],"author":[{"embeddable":true,"href":"https:\/\/linitiative.ca\/International\/wp-json\/wp\/v2\/users\/1965"}],"replies":[{"embeddable":true,"href":"https:\/\/linitiative.ca\/International\/wp-json\/wp\/v2\/comments?post=46438"}],"version-history":[{"count":0,"href":"https:\/\/linitiative.ca\/International\/wp-json\/wp\/v2\/posts\/46438\/revisions"}],"wp:attachment":[{"href":"https:\/\/linitiative.ca\/International\/wp-json\/wp\/v2\/media?parent=46438"}],"wp:term":[{"taxonomy":"category","embeddable":true,"href":"https:\/\/linitiative.ca\/International\/wp-json\/wp\/v2\/categories?post=46438"},{"taxonomy":"post_tag","embeddable":true,"href":"https:\/\/linitiative.ca\/International\/wp-json\/wp\/v2\/tags?post=46438"}],"curies":[{"name":"wp","href":"https:\/\/api.w.org\/{rel}","templated":true}]}}