{"id":46498,"date":"2019-07-16T15:14:07","date_gmt":"2019-07-16T19:14:07","guid":{"rendered":"https:\/\/linitiative.ca\/International\/ligue-1-2-aso-benmeghit-signe-aujourdhui\/"},"modified":"2019-07-16T15:14:07","modified_gmt":"2019-07-16T19:14:07","slug":"ligue-1-2-aso-benmeghit-signe-aujourdhui","status":"publish","type":"post","link":"https:\/\/linitiative.ca\/International\/ligue-1-2-aso-benmeghit-signe-aujourdhui\/","title":{"rendered":"Ligue 1 &amp; 2 : ASO: Benmeghit signe aujourd\u2019hui"},"content":{"rendered":"<div readability=\"32\">\n<p>Auteur : <span>H.M.<\/span> <span class=\"time\">mardi 16 juillet 2019 13:49<\/span><\/p>\n<\/div>\n<div id=\"post_core\" readability=\"78\">\n<p>La nouvelle recrue de l\u2019ASO sera sans doute l\u2019attaquant de l\u2019ESM, Hichem Benmeghit, qui sera pr\u00e9sent aujourd\u2019hui au si\u00e8ge de l\u2019\u00e9quipe pour parapher son nouveau contrat avec l\u2019ASO. Les pourparlers ont dur\u00e9 plusieurs jours avec le joueur et son \u00e9quipe pour le convaincre d\u2019opter pour l\u2019ASO. La direction a eu cette semaine les papiers du joueur par la direction de son \u00e9quipe. Les dirigeants ch\u00e9lifiens ont apr\u00e8s n\u00e9goci\u00e9 avec le joueur qui viendra aujourd\u2019hui pour signer un contrat de deux saisons. Ce sera le premier attaquant de m\u00e9tier pour cette saison en attendant d\u2019autres dans les prochains jours. Benmeghit \u00e9tait proche en d\u00e9cembre dernier de signer \u00e0 l\u2019ASO lors du mercato hivernal mais \u00e0 cause de ses papiers, il n\u2019a pas pu le faire, voil\u00e0 qu\u2019il y arrive six mois plus tard, apr\u00e8s l\u2019accession de l\u2019ASO.<br \/><strong>Il sera la quatri\u00e8me recrue de la saison<\/strong><br \/>Hichem Benmeghit sera donc la quatri\u00e8me recrue de la saison apr\u00e8s Alili, Tahar et Demb\u00e9l\u00e9. La direction n\u2019a pas encore termin\u00e9 son mercato et trois autres joueurs signeront durant cette semaine, selon les derni\u00e8res informations, car la direction est pass\u00e9e \u00e0 une vitesse sup\u00e9rieure pour terminer son mercato. Benmeghit est attendu cet apr\u00e8s-midi pour rallier le si\u00e8ge de l\u2019\u00e9quipe en compagnie de son manager afin de parapher son nouveau contrat.<br \/><strong>Il rentrera directement en stage<\/strong><br \/>Benmeghit devra rentrer directement en stage avec le reste du groupe, tout de suite apr\u00e8s sa signature. Le joueur n\u2019aura pas de temps \u00e0 perdre et rentrera en groupe o\u00f9 il sera pr\u00e9sent\u00e9 au reste de ses camarades et commencera les entra\u00eenements avec le reste des joueurs. Le nouvel attaquant aura ses \u00e9quipements et sera conduit directement \u00e0 l\u2019h\u00f4tel du <strong>CNFD pour prendre ses quartiers.<br \/>Deux autres joueurs signeront demain<\/strong><br \/>La direction a aussi tranch\u00e9 avec deux autres joueurs, un milieu de terrain et un autre d\u00e9fenseur qui devront \u00eatre \u00e0 Chlef demain pour officialiser leur contrat. La direction esp\u00e8re en finir avec ce volet au cours de la semaine et avant la fin du premier stage pour permettre au staff technique de conna\u00eetre les capacit\u00e9s de chaque \u00e9l\u00e9ment et passer \u00e0 la construction du nouveau groupe lors de la phase pr\u00e9comp\u00e9titive.<br \/>\u00a0<\/p>\n<p><strong>Sa\u00e2daoui en France<\/strong><br \/>L\u2019entra\u00eeneur des gardiens, Mohamed Sa\u00e2daoui, a eu une autorisation de la part du staff directif pour s\u2019absenter jusqu\u2019\u00e0 vendredi prochain afin de se rendre en France o\u00f9 il a des affaires personnelles \u00e0 r\u00e9gler. Il sera de retour au travail samedi prochain pour poursuivre sa mission dans l\u2019\u00e9quipe.<br \/><strong>Benkablia attendu hier<\/strong><br \/>Mohamed Benkablia \u00e9tait attendu hier pour rentrer dans le groupe. Le joueur est le dernier avec Djahel \u00e0 n\u2019avoir pas encore repris la pr\u00e9paration. Il devra donner des explications pour son retard surtout que ses camarades ont commenc\u00e9 depuis plus d\u2019une semaine d\u00e9j\u00e0.<br \/><strong>Travail suppl\u00e9mentaire pour les retardataires<\/strong><br \/>Le staff technique a pr\u00e9vu un travail suppl\u00e9mentaire pour les retardataires afin de les pr\u00e9parer et les rattraper par rapport aux autres joueurs qui ont commenc\u00e9 il y a huit jours. Le pr\u00e9parateur physique, Sahri, et Moussi s\u2019occupent de tout en ce qui concerne la m\u00e9thodologie d\u2019entra\u00eenement et de pr\u00e9paration.<br \/><strong>Vers le recrutement d\u2019un portier<\/strong><br \/>Contrairement \u00e0 ce qui a \u00e9t\u00e9 dit la semaine derni\u00e8re par Zaoui qui avait expliqu\u00e9 qu\u2019il n\u2019avait pas besoin d\u2019un nouveau gardien, selon les derni\u00e8res nouvelles, la direction cherche un portier d\u2019exp\u00e9rience pour combler la liste, surtout que Ouabdi a besoin d\u2019un concurrent. Le recrutement d\u2019un portier est plus qu\u2019une obligation selon plusieurs connaisseurs car le niveau des gardiens actuels n\u2019est pas rassurant.<\/p>\n<p><strong>Belhaoua : \u00abOn est d\u00e9termin\u00e9s \u00e0 r\u00e9ussir nos premiers pas en D1\u00bb<\/strong><\/p>\n<p><strong>Vous \u00e9tiez l\u2019un des premiers \u00e0 commencer la saison. Comment expliquez-vous \u00e7a?<\/strong><br \/>C\u2019est\u00a0 normal, je suis un joueur professionnel et je suis \u00e0 mon deuxi\u00e8me contrat \u00e0 l\u2019ASO qui est devenue ma seconde maison. J\u2019ai pris suffisamment de repos durant les vacances et j\u2019avais h\u00e2te de commencer la saison. Je n\u2019avais pas de raison pour faire du retard alors j\u2019\u00e9tais pr\u00e9sent \u00e0 partir du premier jour afin d\u2019\u00eatre un exemple pour nos jeunes.<br \/><strong>Apr\u00e8s une semaine, qu\u2019avez-vous \u00e0 dire sur les conditions de travail ?<\/strong><br \/>Je pense que les conditions sont favorables comme nos pr\u00e9c\u00e9dents stages \u00e0 Chlef. On a pris l\u2019habitude de travailler dans de telles conditions, on ne manque de rien, il y a une bonne ambiance au sein du groupe, on essaye d\u2019aider les nouveaux et les jeunes, le groupe se compl\u00e8te et on atteindra notre vitesse de croisi\u00e8re dans les prochains jours.<br \/><strong>L\u2019\u00e9quipe a connu des arriv\u00e9es et des d\u00e9parts. Qu\u2019en pensez-vous ?<\/strong><br \/>C\u2019est normal, cela se passe dans toutes les \u00e9quipes, je pense que le staff technique et la direction savent ce qu\u2019ils font, on souhaite bon vent \u00e0 nos ex-camarades et la bienvenue aux nouvelles recrues. On fera tout pour reconstruire une \u00e9quipe comp\u00e9titive qui soit \u00e0 la hauteur des esp\u00e9rances des supporters.<br \/><strong>Votre mission ne sera pas facile, n\u2019est-ce pas ?<\/strong><br \/>C\u2019est le cas de toutes les \u00e9quipes. Le niveau est presque le m\u00eame dans toutes les \u00e9quipes. Il faut y croire et travailler pour \u00eatre \u00e0 la hauteur. Apr\u00e8s, les r\u00e9sultats viendront avec la confiance et l\u2019exploit. On jouera sans aucun complexe car on n\u2019est pas \u00e9trangers \u00e0 cette division.<br \/><strong>Quel message lancez-vous aux supporters ?<\/strong><br \/>Ils ont toujours \u00e9t\u00e9 derri\u00e8re l\u2019\u00e9quipe et j\u2019esp\u00e8re qu\u2019ils le seront aussi cette saison o\u00f9 il faut qu\u2019ils soient patients et solidaires avec ce jeune groupe. De notre c\u00f4t\u00e9, on fera tout pour leur faire plaisir. En ce moment on est concentr\u00e9s sur la pr\u00e9paration car on veut r\u00e9ussir nos premiers pas pour bien d\u00e9marrer la saison.<br \/>\u00a0<\/p>\n<p><strong>Publi\u00e9 dans :<\/strong> <span>ASO<\/span> <span>Benmeghit<\/span> <span>Belhaoua<\/span><\/p>\n<\/div>\n<p>Auteur:<br \/>\n<a href=\"http:\/\/www.lebuteur.com\/article\/detail?titre=aso-benmeghit-signe-aujourdhui&#038;id=90410&#038;utm_source=feedburner&#038;utm_medium=feed&#038;utm_campaign=Feed%3A+GalerieFArtciles+%28Les+derniers+articles++-+lebuteur.com%29\">Cliquez ici pour lire l&rsquo;article depuis sa source.<\/a><\/p>\n","protected":false},"excerpt":{"rendered":"<p>Auteur : H.M. mardi 16 juillet 2019 13:49 La nouvelle recrue de l\u2019ASO sera sans doute l\u2019attaquant de l\u2019ESM, Hichem Benmeghit, qui sera pr\u00e9sent aujourd\u2019hui au si\u00e8ge de l\u2019\u00e9quipe pour parapher son nouveau contrat avec l\u2019ASO. Les pourparlers ont dur\u00e9 plusieurs jours avec le joueur et son \u00e9quipe pour le convaincre d\u2019opter pour l\u2019ASO. La [&hellip;]<\/p>\n","protected":false},"author":1738,"featured_media":46499,"comment_status":"closed","ping_status":"closed","sticky":false,"template":"","format":"standard","meta":{"fifu_image_url":"","fifu_image_alt":"","footnotes":""},"categories":[53,75],"tags":[],"class_list":["post-46498","post","type-post","status-publish","format-standard","has-post-thumbnail","hentry","category-algerie","category-sport"],"_links":{"self":[{"href":"https:\/\/linitiative.ca\/International\/wp-json\/wp\/v2\/posts\/46498","targetHints":{"allow":["GET"]}}],"collection":[{"href":"https:\/\/linitiative.ca\/International\/wp-json\/wp\/v2\/posts"}],"about":[{"href":"https:\/\/linitiative.ca\/International\/wp-json\/wp\/v2\/types\/post"}],"author":[{"embeddable":true,"href":"https:\/\/linitiative.ca\/International\/wp-json\/wp\/v2\/users\/1738"}],"replies":[{"embeddable":true,"href":"https:\/\/linitiative.ca\/International\/wp-json\/wp\/v2\/comments?post=46498"}],"version-history":[{"count":0,"href":"https:\/\/linitiative.ca\/International\/wp-json\/wp\/v2\/posts\/46498\/revisions"}],"wp:featuredmedia":[{"embeddable":true,"href":"https:\/\/linitiative.ca\/International\/wp-json\/"}],"wp:attachment":[{"href":"https:\/\/linitiative.ca\/International\/wp-json\/wp\/v2\/media?parent=46498"}],"wp:term":[{"taxonomy":"category","embeddable":true,"href":"https:\/\/linitiative.ca\/International\/wp-json\/wp\/v2\/categories?post=46498"},{"taxonomy":"post_tag","embeddable":true,"href":"https:\/\/linitiative.ca\/International\/wp-json\/wp\/v2\/tags?post=46498"}],"curies":[{"name":"wp","href":"https:\/\/api.w.org\/{rel}","templated":true}]}}