{"id":46502,"date":"2019-07-16T15:14:11","date_gmt":"2019-07-16T19:14:11","guid":{"rendered":"https:\/\/linitiative.ca\/International\/ligue-1-2-mca-les-negociations-ont-abouti-avec-bekaly\/"},"modified":"2019-07-16T15:14:11","modified_gmt":"2019-07-16T19:14:11","slug":"ligue-1-2-mca-les-negociations-ont-abouti-avec-bekaly","status":"publish","type":"post","link":"https:\/\/linitiative.ca\/International\/ligue-1-2-mca-les-negociations-ont-abouti-avec-bekaly\/","title":{"rendered":"Ligue 1 &amp; 2 : MCA: Les n\u00e9gociations ont abouti avec Bekaly"},"content":{"rendered":"<div readability=\"33\">\n<p>Auteur : <span>Kamel M. , Mohamed L.<\/span> <span class=\"time\">mardi 16 juillet 2019 13:49<\/span><\/p>\n<\/div>\n<div id=\"post_core\" readability=\"162\">\n<p>Comme nous l\u2019avons d\u00e9j\u00e0 rapport\u00e9 dans notre pr\u00e9c\u00e9dente livraison, le milieu de terrain gabonais, Bakely, est arriv\u00e9 dimanche en fin d\u2019apr\u00e8s-midi \u00e0 Alger, accompagn\u00e9 de son manager, afin de mener les n\u00e9gociations avec le Mouloudia. En effet, la direction du club lui a adress\u00e9 une invitation en r\u00e9pondant favorablement \u00e0 la demande de Casoni qui a \u00e9mis le v\u0153u de b\u00e9n\u00e9ficier de ce milieu de terrain talentueux pour pallier le d\u00e9part de Dieng. Ainsi, les n\u00e9gociations ont d\u00e9but\u00e9 dimanche soir avec le manager de Bekaly et les deux parties sont parvenues \u00e0 se mettre d\u2019accord sur la majorit\u00e9 des points relatifs \u00e0 son transfert et il ne restait donc que quelques d\u00e9tails \u00e0 r\u00e9gler. Hier matin, les n\u00e9gociations se sont poursuivies suite \u00e0 quoi le manager du joueur et la direction du club sont parvenus \u00e0 un accord, que ce soit sur la dur\u00e9e du contrat, le montant du transfert, ainsi que les clauses relatives \u00e0 son \u00e9ventuel transfert s\u2019il aura des offres, car on mise beaucoup sur sa r\u00e9ussite.<br \/><strong>Le joueur passera aujourd\u2019hui des tests m\u00e9dicaux approfondis<\/strong><br \/>Il est convenu que Bekaly se d\u00e9placera aujourd\u2019hui au CNMS afin qu\u2019il puisse y subir les tests m\u00e9dicaux n\u00e9cessaires. Une fois que le diagnostic m\u00e9dical sera \u00e9tabli et qui sera remis au Dr Ladj, le joueur signera son contrat avec le Mouloudia et qui sera probablement d\u2019une dur\u00e9e de trois ann\u00e9es. A croire une source digne de foi, le joueur s\u2019est montr\u00e9 rassurant sur son \u00e9tat de sant\u00e9, car il a termin\u00e9 la saison avec son club d\u2019El Metlaoui sans qu\u2019il souffre d\u2019aucune blessure.<br \/><strong>Il signera au plus tard mercredi<\/strong><br \/>La m\u00eame source ajoute que si la direction du club recevra le rapport m\u00e9dical aujourd\u2019hui en fin de journ\u00e9e, Bekaly pourra signer son contrat juste apr\u00e8s. Ainsi, on pourra dire que le milieu de terrain gabonais sera mouloud\u00e9en au plus tard ce mercredi et le vieux club alg\u00e9rois aura donc sa huiti\u00e8me recrue lors de ce mercato estival. Ce qui est certain, Casoni compte beaucoup sur ce joueur pour renforcer son milieu de terrain, car c\u2019est lui qui a insist\u00e9 \u00e0 le faire venir.<br \/>\u00a0<\/p>\n<p><strong>Le Mouloudia relance Ben Khelifa<\/strong><br \/>En froid avec son nouveau club, l\u2019USMA, le milieu de terrain du Paradou, Taher Ben Khelifa, vient d\u2019\u00eatre relanc\u00e9 par la direction du Mouloudia \u00e0 sa t\u00eate Sakhri. Avec un dossier incomplet et un joueur qui boude les entra\u00eenements pour ne pas avoir \u00e9t\u00e9 r\u00e9gularis\u00e9, le Mouloudia veut saisir l\u2019occasion pour faire venir Ben Khelifa au Mouloudia \u00e0 condition d\u2019obtenir l\u2019aval du Paradou pour un pr\u00eat d\u2019une saison.<\/p>\n<p><strong>Brahimi devrait reprendre aujourd\u2019hui<\/strong><br \/>Suspectant que c\u2019est la charge de travail qui serait la cause des douleurs ressenties au niveau des adducteurs, Brahimi devra donc reprendre aujourd\u2019hui le boulot. L\u2019arri\u00e8re gauche n\u2019a pas pass\u00e9 d\u2019\u00e9chographie. C\u2019est donc aujourd\u2019hui lors de la reprise que le staff technique va tester Brahimi. En cas de douleurs persistantes, le joueur passera alors une \u00e9chographie afin d\u2019\u00eatre fix\u00e9.<\/p>\n<p><strong>Bouiche \u00a0 \u00ab Le renforcement de l\u2019axe d\u00e9fensif et du milieu est n\u00e9cessaire, mais on n\u2019est pas inquiet \u00bb<\/strong><br \/>A l\u2019issue du stage de pr\u00e9paration du Mouloudia, Bouiche Nacer s\u2019est exprim\u00e9 au sujet du travail r\u00e9alis\u00e9 \u00e0 Ain Draham. En \u00e9voquant le recrutement qui reste \u00e0 effectuer notamment au niveau de l\u2019axe de la d\u00e9fense et le milieu de terrain, \u00e0 ce sujet Bouiche dira : \u00ab Il est vrai que le staff technique a travaill\u00e9 avec un effectif amoindri au niveau de la d\u00e9fense et du milieu de terrain, mais il travaille en concertation avec la direction du club sur ce dossier afin de trouver des solutions en urgence. Toutefois, on n\u2019est pas inquiet \u00e0 ce sujet, car je suis persuad\u00e9 qu\u2019on aura l\u2019effectif au complet lors du second stage de pr\u00e9paration en Pologne \u00bb.\u00a0\u00a0 \u00a0<br \/><strong>\u00a0\u00ab Azzi, Hachoud, Bendebka, Cha\u00e2l, Derrardja et Nekkache r\u00e9aliseront une saison exceptionnelle \u00bb<\/strong><br \/>Abord\u00e9 au sujet de la forme des joueurs, l\u2019ancien meneur de jeu du Mouloudia dira : \u00ab Nous avons jou\u00e9 un match d\u2019application qui s\u2019est \u00e9tal\u00e9 sur une heure de temps et je pense que les joueurs ont bien r\u00e9pondu. Il y a aussi des \u00e9l\u00e9ments qu\u2019on connait et qui se sont bien exprim\u00e9s \u00e0 l\u2019image de Azzi, Hachoud, Bendebka, Cha\u00e2l, Derrardja et Nekkache r\u00e9aliseront une saison exceptionnelle, car il suffit juste qu\u2019ils se lib\u00e8rent \u00bb.<br \/><strong>\u00ab Le groupe est conscient de la mission qui l\u2019attend et on r\u00e9alisera une grande saison \u00bb<\/strong><br \/>Bouiche et apr\u00e8s avoir la r\u00e9action du groupe, se montre optimiste et dira : \u00ab Le groupe est conscient de la mission qui l\u2019attend et on r\u00e9alisera une grande saison. Il y a de la s\u00e9r\u00e9nit\u00e9 et de la discipline dans l\u2019\u00e9quipe, sans pour autant parler de l\u2019\u00e9tat d\u2019esprit entre les joueurs, ce qui me laisse optimiste \u00bb.<\/p>\n<p><strong>Encore plusieurs noms sur les tablettes<\/strong><\/p>\n<p>A quatre jours du d\u00e9part de l\u2019\u00e9quipe en Pologne, les responsables du Mouloudia passeront \u00e0 la vitesse sup\u00e9rieure pour clore le recrutement. En effet, plusieurs noms sont propos\u00e9s dans les postes cibl\u00e9s, et des n\u00e9gociations sont men\u00e9es avec les joueurs en question, afin de conclure le plus vite possible et arr\u00eater la liste de l\u2019effectif pour le prochain exercice.<\/p>\n<p><strong>Zemmamouche officiellement contact\u00e9<\/strong><br \/>A la recherche d\u2019un gardien de renom, le Mouloudia est entr\u00e9 en contact avec le portier de l\u2019USMA, Zemmamouche, qui a \u00e9mis le v\u0153u de changer d\u2019air. Son nom a \u00e9t\u00e9 d\u00e9j\u00e0 cit\u00e9 par le pass\u00e9, mais sans que les n\u00e9gociations soient men\u00e9es, puisque Zemmamouche avait des touches dans les pays du Golfe. Ainsi, il vient d\u2019\u00eatre relanc\u00e9 officiellement par la direction du vieux club alg\u00e9rois qui tient \u00e0 b\u00e9n\u00e9ficier de ses services, m\u00eame si l\u2019effectif a \u00e9t\u00e9 renforc\u00e9 par le portier de l\u2019USMB, Boutaga.<\/p>\n<p><strong>Rebiai sera engag\u00e9 si la CRL tranchera en sa faveur aujourd\u2019hui<\/strong><br \/>Outre le gardien de but de l\u2019USMA, les responsables du vieux club alg\u00e9rois ont presque tout conclu avec le S\u00e9tifien Rebiai que Casoni a vu \u00e0 l\u2019\u0153uvre \u00e0 trois reprises, si on tient compte des deux rencontres disput\u00e9es en championnat ainsi que celle de Ligue des champions. Le joueur attend le verdict de la CRL qui devra trancher aujourd\u2019hui. Et s\u2019il aura gain de cause, on pourra dire que Rebiai sera au Mouloudia pour le prochain exercice. \u00a0<\/p>\n<p><strong>Mebarakou pr\u00eat \u00e0 revenir<\/strong><br \/>Faisant du recrutement de deux d\u00e9fenseurs centraux une priorit\u00e9, le Mouloudia a aussi pris attache avec Mebarakou, apr\u00e8s avoir eu \u00e9cho que le joueur voulait rentrer au pays, bien qu\u2019il avait rempil\u00e9 avec son \u00e9quipe d\u2019Al Wehda. A croire une source digne de foi, on laisse entendre que Mebarakou devait rencontrer hier les dirigeants de son club pour mener les n\u00e9gociations avec le Mouloudia. L\u00e0 aussi, Casoni aurait donn\u00e9 son accord pour le retour du joueur qui \u00e9tait titulaire \u00e0 part enti\u00e8re sous sa coupe.<\/p>\n<p><strong>El Mouden, c\u2019est presque fait<\/strong><br \/>Ayant besoin d\u2019un joueur polyvalent au milieu de terrain, Casoni aurait \u00e9mis le v\u0153u de faire revenir El Mouden, qui a port\u00e9 la saison pass\u00e9e les couleurs du MCO. Le joueur est en train de n\u00e9gocier avec les responsables du MCA qui ont presque tout conclu avec lui et on peut dire qu\u2019il est plus pr\u00eat que jamais du vieux club alg\u00e9rois. En effet, El Mouden a r\u00e9ussi une honorable saison sous le maillot vert et rouge et c\u2019est la raison pour laquelle on a choisi de le r\u00e9cup\u00e9rer.<\/p>\n<p><strong>Harrag a n\u00e9goci\u00e9, dimanche soir<\/strong><br \/>D\u2019autre part et si on croit ce qui se dit dans l\u2019entourage du Mouloudia, le milieu de terrain du NAHD, Harrag, aurait n\u00e9goci\u00e9 dimanche soir avec les responsables du MCA. Toutefois, il n\u2019est un secret pour personne que le joueur est toujours sous contrat avec son \u00e9quipe, et qu\u2019il devra se charger lui-m\u00eame de ramener sa lettre de lib\u00e9ration. En menant ces n\u00e9gociations, la direction du club est en train de faire de son mieux au moins pour avoir la plupart des joueurs cibl\u00e9s en accordant la priorit\u00e9 \u00e0 Zemmamouche, Rebiai, Mebarakou et El Mouden.<br \/>\u00a0<\/p>\n<p><strong>Publi\u00e9 dans :<\/strong> <span>mca<\/span> <span>zemmamouche<\/span> <span>Harrag<\/span> <span>Rebiai<\/span> <span>El Mouden<\/span> <span>Mebarakou et El Mouden.<\/span><\/p>\n<\/div>\n<p>Auteur:<br \/>\n<a href=\"http:\/\/www.lebuteur.com\/article\/detail?titre=mca-les-negociations-ont-abouti-avec-bekaly&#038;id=90408&#038;utm_source=feedburner&#038;utm_medium=feed&#038;utm_campaign=Feed%3A+GalerieFArtciles+%28Les+derniers+articles++-+lebuteur.com%29\">Cliquez ici pour lire l&rsquo;article depuis sa source.<\/a><\/p>\n","protected":false},"excerpt":{"rendered":"<p>Auteur : Kamel M. , Mohamed L. mardi 16 juillet 2019 13:49 Comme nous l\u2019avons d\u00e9j\u00e0 rapport\u00e9 dans notre pr\u00e9c\u00e9dente livraison, le milieu de terrain gabonais, Bakely, est arriv\u00e9 dimanche en fin d\u2019apr\u00e8s-midi \u00e0 Alger, accompagn\u00e9 de son manager, afin de mener les n\u00e9gociations avec le Mouloudia. En effet, la direction du club lui a [&hellip;]<\/p>\n","protected":false},"author":1738,"featured_media":46503,"comment_status":"closed","ping_status":"closed","sticky":false,"template":"","format":"standard","meta":{"fifu_image_url":"","fifu_image_alt":"","footnotes":""},"categories":[53,75],"tags":[],"class_list":["post-46502","post","type-post","status-publish","format-standard","has-post-thumbnail","hentry","category-algerie","category-sport"],"_links":{"self":[{"href":"https:\/\/linitiative.ca\/International\/wp-json\/wp\/v2\/posts\/46502","targetHints":{"allow":["GET"]}}],"collection":[{"href":"https:\/\/linitiative.ca\/International\/wp-json\/wp\/v2\/posts"}],"about":[{"href":"https:\/\/linitiative.ca\/International\/wp-json\/wp\/v2\/types\/post"}],"author":[{"embeddable":true,"href":"https:\/\/linitiative.ca\/International\/wp-json\/wp\/v2\/users\/1738"}],"replies":[{"embeddable":true,"href":"https:\/\/linitiative.ca\/International\/wp-json\/wp\/v2\/comments?post=46502"}],"version-history":[{"count":0,"href":"https:\/\/linitiative.ca\/International\/wp-json\/wp\/v2\/posts\/46502\/revisions"}],"wp:featuredmedia":[{"embeddable":true,"href":"https:\/\/linitiative.ca\/International\/wp-json\/"}],"wp:attachment":[{"href":"https:\/\/linitiative.ca\/International\/wp-json\/wp\/v2\/media?parent=46502"}],"wp:term":[{"taxonomy":"category","embeddable":true,"href":"https:\/\/linitiative.ca\/International\/wp-json\/wp\/v2\/categories?post=46502"},{"taxonomy":"post_tag","embeddable":true,"href":"https:\/\/linitiative.ca\/International\/wp-json\/wp\/v2\/tags?post=46502"}],"curies":[{"name":"wp","href":"https:\/\/api.w.org\/{rel}","templated":true}]}}